{"id":92238,"date":"2025-08-13T22:19:45","date_gmt":"2025-08-13T19:19:45","guid":{"rendered":"https:\/\/giurgiu-net.ro\/?p=92238"},"modified":"2025-08-13T22:19:46","modified_gmt":"2025-08-13T19:19:46","slug":"mare-tun-cu-microbuze-scolare-la-consiliul-judetean-giurgiu-230-000-euro-pretul-de-pornire-a-licitatiei-pentru-un-singur-mijloc-de-transport","status":"publish","type":"post","link":"https:\/\/giurgiu-net.ro\/index.php\/2025\/08\/13\/mare-tun-cu-microbuze-scolare-la-consiliul-judetean-giurgiu-230-000-euro-pretul-de-pornire-a-licitatiei-pentru-un-singur-mijloc-de-transport\/","title":{"rendered":"Mare TUN cu microbuze \u015fcolare, la Consiliul Jude\u0163ean Giurgiu?! 230.000 euro, pre\u021bul de pornire a licita\u021biei pentru un singur mijloc de transport"},"content":{"rendered":"\n<p class=\"has-text-align-center\"><strong>C\u00e2nd toat\u0103 Rom\u00e2nia sufer\u0103 din cauza m\u0103surilor de austeritate, c\u00e2nd premierul liberal Bolojan sus\u0163ine c\u0103 vrea reform\u0103 \u015fi economii drastice \u00een administra\u0163iile locale \u015fi jude\u0163ene, Consiliul Jude\u0163ean Giurgiu, condus de PNL-istul Toma Petcu, se pare c\u0103 face o arogan\u0163\u0103. Mai exact, a achizi\u0163ionat 26 de microbuze \u015fcolare electrice, la o valoare cel pu\u0163in dubl\u0103 fa\u0163\u0103 de c\u00e2t cost\u0103 un asemenea mijloc de transport.<\/strong><\/p>\n\n\n\n<p>Adic\u0103, \u00een loc s\u0103 dea maximum 90.000 -100.000 de euro, c\u00e2t spun speciali\u015ftii c\u0103 ar costa un astfel de microbuz \u015fcolar, institu\u0163ia a oferit cu generozitate circa 230.000 de euro per bucat\u0103, pre\u0163 de pornire a procedurii de achizi\u021bie public\u0103. Nici dac\u0103 erau Maybach, cel mai probabil n-ar fi costat at\u00e2t.<\/p>\n\n\n\n<p>Toate acestea sunt fapte descoperite \u015fi verificabile pe SEAP.<\/p>\n\n\n\n<figure class=\"wp-block-gallery has-nested-images columns-1 is-cropped wp-block-gallery-1 is-layout-flex wp-block-gallery-is-layout-flex\">\n<figure class=\"wp-block-image size-large\"><img loading=\"lazy\" decoding=\"async\" width=\"1024\" height=\"449\" data-id=\"92239\" src=\"https:\/\/giurgiu-net.ro\/wp-content\/uploads\/2025\/08\/b920e2df-0169-441c-8e30-22aa0cf89071-1024x449.jpeg\" alt=\"B920e2df 0169 441c 8e30 22aa0cf89071\" class=\"wp-image-92239\" srcset=\"https:\/\/giurgiu-net.ro\/wp-content\/uploads\/2025\/08\/b920e2df-0169-441c-8e30-22aa0cf89071-1024x449.jpeg 1024w, https:\/\/giurgiu-net.ro\/wp-content\/uploads\/2025\/08\/b920e2df-0169-441c-8e30-22aa0cf89071-300x131.jpeg 300w, https:\/\/giurgiu-net.ro\/wp-content\/uploads\/2025\/08\/b920e2df-0169-441c-8e30-22aa0cf89071-768x337.jpeg 768w, https:\/\/giurgiu-net.ro\/wp-content\/uploads\/2025\/08\/b920e2df-0169-441c-8e30-22aa0cf89071-1536x673.jpeg 1536w, https:\/\/giurgiu-net.ro\/wp-content\/uploads\/2025\/08\/b920e2df-0169-441c-8e30-22aa0cf89071-696x305.jpeg 696w, https:\/\/giurgiu-net.ro\/wp-content\/uploads\/2025\/08\/b920e2df-0169-441c-8e30-22aa0cf89071-1068x468.jpeg 1068w, https:\/\/giurgiu-net.ro\/wp-content\/uploads\/2025\/08\/b920e2df-0169-441c-8e30-22aa0cf89071-1920x841.jpeg 1920w, https:\/\/giurgiu-net.ro\/wp-content\/uploads\/2025\/08\/b920e2df-0169-441c-8e30-22aa0cf89071.jpeg 1926w\" sizes=\"auto, (max-width: 1024px) 100vw, 1024px\" \/><\/figure>\n\n\n\n<figure class=\"wp-block-image size-large\"><img loading=\"lazy\" decoding=\"async\" width=\"1024\" height=\"490\" data-id=\"92240\" src=\"https:\/\/giurgiu-net.ro\/wp-content\/uploads\/2025\/08\/edfe550d-32ea-43c3-80fb-bf9a7f5b0a57-1024x490.jpeg\" alt=\"Edfe550d 32ea 43c3 80fb bf9a7f5b0a57\" class=\"wp-image-92240\" srcset=\"https:\/\/giurgiu-net.ro\/wp-content\/uploads\/2025\/08\/edfe550d-32ea-43c3-80fb-bf9a7f5b0a57-1024x490.jpeg 1024w, https:\/\/giurgiu-net.ro\/wp-content\/uploads\/2025\/08\/edfe550d-32ea-43c3-80fb-bf9a7f5b0a57-300x144.jpeg 300w, https:\/\/giurgiu-net.ro\/wp-content\/uploads\/2025\/08\/edfe550d-32ea-43c3-80fb-bf9a7f5b0a57-768x367.jpeg 768w, https:\/\/giurgiu-net.ro\/wp-content\/uploads\/2025\/08\/edfe550d-32ea-43c3-80fb-bf9a7f5b0a57-1536x735.jpeg 1536w, https:\/\/giurgiu-net.ro\/wp-content\/uploads\/2025\/08\/edfe550d-32ea-43c3-80fb-bf9a7f5b0a57-696x333.jpeg 696w, https:\/\/giurgiu-net.ro\/wp-content\/uploads\/2025\/08\/edfe550d-32ea-43c3-80fb-bf9a7f5b0a57-1068x511.jpeg 1068w, https:\/\/giurgiu-net.ro\/wp-content\/uploads\/2025\/08\/edfe550d-32ea-43c3-80fb-bf9a7f5b0a57.jpeg 1812w\" sizes=\"auto, (max-width: 1024px) 100vw, 1024px\" \/><\/figure>\n<\/figure>\n\n\n\n<p>Astfel, conform sursei citate, CJ Giurgiu a desemnat procedura de achizi\u0163ie a microbuzelor, procedur\u0103 contestat\u0103, de altfel, de c\u0103tre una din cele trei firme participante. Contesta\u0163ia a fost respins\u0103.<\/p>\n\n\n\n<p>Numai c\u0103, de\u015fi autorit\u0103\u0163ile aveau obliga\u0163ia s\u0103 publice \u015fi numele firmei cu care a semnat contractul, asta nu s-a \u00eent\u00e2mplat.<\/p>\n\n\n\n<p>A\u015fadar, cu banii ace\u015ftia ar fi putut fie s\u0103 cumpere \u00eenc\u0103 26 de microbuze, fie m\u0103car s\u0103-i foloseasc\u0103 pentru alte investi\u0163ii at\u00e2t de necesare \u00een jude\u0163ul nostru mic \u015fi s\u0103rac.<\/p>\n\n\n\n<p>Afacerea \u201cmicrobuzul \u015fcolar\u201d pare una cu dedica\u0163ie. De aceea, solicit\u0103m Consiliului Jude\u0163ean Giurgiu s\u0103 r\u0103spund\u0103 public:<\/p>\n\n\n\n<p>1.&nbsp;&nbsp;&nbsp;&nbsp;&nbsp;&nbsp; Av\u00e2nd \u00een vedere c\u0103, \u00een SEAP, apare ca atribuit\u0103 procedura respectiv\u0103, de ce nu a mai fost \u00eenc\u0103rcat \u00een sistem \u015fi raportul procedurii, a\u015fa cum autoritatea contractant\u0103 avea obliga\u0163ia, conform legii achizi\u0163iilor publice?<\/p>\n\n\n\n<p>2.&nbsp;&nbsp;&nbsp;&nbsp;&nbsp;&nbsp; V\u0103 rug\u0103m s\u0103 ne prezenta\u0163i obiectul contesta\u0163iei depuse, denumirea contestatarului \u015fi decizia CNSC!<\/p>\n\n\n\n<p>3.&nbsp;&nbsp;&nbsp;&nbsp;&nbsp;&nbsp; A fost \u00eencheiat contractul de furnizare? Dac\u0103 da, cu ce operator economic a fost \u00eencheiat \u015fi la ce valoare fa\u0163\u0103 de valoarea estimativ\u0103 a procedurii de achizi\u0163ie public\u0103?<\/p>\n\n\n\n<p>Este o situa\u0163ie dubioas\u0103 ce s-a \u00eenregistrat \u00een mai multe jude\u0163e, fiind, de altfel, un scandal la nivel na\u0163ional. Dac\u0103 informa\u0163iile ap\u0103rute \u00een presa central\u0103 se confirm\u0103, vom reveni cu am\u0103nunte despre cine este \u00een spatele firmei c\u00e2\u015ftig\u0103toare de la Giurgiu.<\/p>\n\n\n\n<figure class=\"wp-block-image size-large\"><img loading=\"lazy\" decoding=\"async\" width=\"685\" height=\"1024\" src=\"https:\/\/giurgiu-net.ro\/wp-content\/uploads\/2025\/08\/c94e7ac2-1b80-4f75-b0bd-e6711cf30852-685x1024.jpeg\" alt=\"C94e7ac2 1b80 4f75 b0bd e6711cf30852\" class=\"wp-image-92241\" srcset=\"https:\/\/giurgiu-net.ro\/wp-content\/uploads\/2025\/08\/c94e7ac2-1b80-4f75-b0bd-e6711cf30852-685x1024.jpeg 685w, https:\/\/giurgiu-net.ro\/wp-content\/uploads\/2025\/08\/c94e7ac2-1b80-4f75-b0bd-e6711cf30852-201x300.jpeg 201w, https:\/\/giurgiu-net.ro\/wp-content\/uploads\/2025\/08\/c94e7ac2-1b80-4f75-b0bd-e6711cf30852.jpeg 687w\" sizes=\"auto, (max-width: 685px) 100vw, 685px\" \/><\/figure>\n\n\n\n<p>Surs\u0103 foto pagina principal\u0103: Jurnalul.ro<\/p>\n","protected":false},"excerpt":{"rendered":"<p>C\u00e2nd toat\u0103 Rom\u00e2nia sufer\u0103 din cauza m\u0103surilor de austeritate, c\u00e2nd premierul liberal Bolojan sus\u0163ine c\u0103 vrea reform\u0103 \u015fi economii drastice \u00een administra\u0163iile locale \u015fi jude\u0163ene, Consiliul Jude\u0163ean Giurgiu, condus de PNL-istul Toma Petcu, se pare c\u0103 face o arogan\u0163\u0103. Mai exact, a achizi\u0163ionat 26 de microbuze \u015fcolare electrice, la o valoare cel pu\u0163in dubl\u0103 fa\u0163\u0103 [&hellip;]<\/p>\n","protected":false},"author":1,"featured_media":92242,"comment_status":"open","ping_status":"open","sticky":false,"template":"","format":"standard","meta":{"slim_seo":{"title":"Mare TUN cu microbuze \u015fcolare, la Consiliul Jude\u0163ean Giurgiu?! 230.000 euro, pre\u021bul de pornire a licita\u021biei pentru un singur mijloc de transport - GIURGIU NET","description":"C\u00e2nd toat\u0103 Rom\u00e2nia sufer\u0103 din cauza m\u0103surilor de austeritate, c\u00e2nd premierul liberal Bolojan sus\u0163ine c\u0103 vrea reform\u0103 \u015fi economii drastice \u00een administra\u0163iile loc"},"footnotes":""},"categories":[1],"tags":[],"class_list":{"0":"post-92238","1":"post","2":"type-post","3":"status-publish","4":"format-standard","5":"has-post-thumbnail","7":"category-uncategorized"},"_links":{"self":[{"href":"https:\/\/giurgiu-net.ro\/index.php\/wp-json\/wp\/v2\/posts\/92238","targetHints":{"allow":["GET"]}}],"collection":[{"href":"https:\/\/giurgiu-net.ro\/index.php\/wp-json\/wp\/v2\/posts"}],"about":[{"href":"https:\/\/giurgiu-net.ro\/index.php\/wp-json\/wp\/v2\/types\/post"}],"author":[{"embeddable":true,"href":"https:\/\/giurgiu-net.ro\/index.php\/wp-json\/wp\/v2\/users\/1"}],"replies":[{"embeddable":true,"href":"https:\/\/giurgiu-net.ro\/index.php\/wp-json\/wp\/v2\/comments?post=92238"}],"version-history":[{"count":0,"href":"https:\/\/giurgiu-net.ro\/index.php\/wp-json\/wp\/v2\/posts\/92238\/revisions"}],"wp:featuredmedia":[{"embeddable":true,"href":"https:\/\/giurgiu-net.ro\/index.php\/wp-json\/wp\/v2\/media\/92242"}],"wp:attachment":[{"href":"https:\/\/giurgiu-net.ro\/index.php\/wp-json\/wp\/v2\/media?parent=92238"}],"wp:term":[{"taxonomy":"category","embeddable":true,"href":"https:\/\/giurgiu-net.ro\/index.php\/wp-json\/wp\/v2\/categories?post=92238"},{"taxonomy":"post_tag","embeddable":true,"href":"https:\/\/giurgiu-net.ro\/index.php\/wp-json\/wp\/v2\/tags?post=92238"}],"curies":[{"name":"wp","href":"https:\/\/api.w.org\/{rel}","templated":true}]}}