{"id":92236,"date":"2025-08-13T14:02:27","date_gmt":"2025-08-13T11:02:27","guid":{"rendered":"https:\/\/giurgiu-net.ro\/?p=92236"},"modified":"2025-08-13T14:02:28","modified_gmt":"2025-08-13T11:02:28","slug":"deputat-marian-mina-guvernul-bolojan-nu-mai-e-credibil-in-privinta-altor-masuri-economice-pana-cand-nu-va-adopta-urgent-pachetul-2-cu-taierea-privilegiilor","status":"publish","type":"post","link":"https:\/\/giurgiu-net.ro\/index.php\/2025\/08\/13\/deputat-marian-mina-guvernul-bolojan-nu-mai-e-credibil-in-privinta-altor-masuri-economice-pana-cand-nu-va-adopta-urgent-pachetul-2-cu-taierea-privilegiilor\/","title":{"rendered":"Deputat Marian Mina: &#8222;Guvernul Bolojan nu mai e credibil \u00een privin\u021ba altor m\u0103suri economice, p\u00e2n\u0103 c\u00e2nd nu va adopta URGENT Pachetul 2 cu t\u0103ierea privilegiilor&#8221;"},"content":{"rendered":"\n<p>&#8222;PSD nu va accepta nicio alt\u0103 discu\u0163ie \u00een Coali\u0163ie, p\u00e2n\u0103 c\u00e2nd Guvernul nu \u00ee\u015fi va respecta promisiunea f\u0103cut\u0103 cet\u0103\u021benilor: trebuie s\u0103 t\u0103iem privilegiile celor care au diverse pozi\u021bii \u00een aparatul de stat. A\u015fa am promis, \u00een momentul \u00een care au fost adoptate m\u0103surile din Pachetul 1.<\/p>\n\n\n\n<p>Astfel, Guvernul Bolojan nu mai e credibil \u00een privin\u021ba altor m\u0103suri economice, p\u00e2n\u0103 c\u00e2nd nu va adopta URGENT Pachetul 2 cu t\u0103ierea privilegiilor. PSD sus\u0163ine:<\/p>\n\n\n\n<p>Reducerea num\u0103rului de membri din Consilii de administra\u021bie<\/p>\n\n\n\n<p>Reducerea indemniza\u021biilor membrilor din Consilii de administra\u021bie<\/p>\n\n\n\n<p>Restructurarea \u0219i reducerea agen\u021biilor de stat la nivel central \u0219i regional<\/p>\n\n\n\n<p>Reducerea pensiilor speciale.<\/p>\n\n\n\n<p>\u00cen ceea ce-i prive\u015fte pe USR-i\u015fti, \u201csom\u00e2nd\u201d PSD s\u0103 elibereze func\u021biile de prefec\u021bi, \u015fi-au dat arama pe fa\u0163\u0103: pe ace\u015fti a\u015fa-zi\u015fi \u201creformi\u015fti\u201d ai statului NU \u00eei intereseaz\u0103 t\u0103ierea privilegiilor de la stat, ci doar cum s\u0103 \u00ee\u0219i pun\u0103 mai repede oamenii lor \u00een diverse func\u021bii publice&#8221; &#8211; pre\u015fedinte PSD Giurgiu, deputat Marian Mina.<\/p>\n","protected":false},"excerpt":{"rendered":"<p>&#8222;PSD nu va accepta nicio alt\u0103 discu\u0163ie \u00een Coali\u0163ie, p\u00e2n\u0103 c\u00e2nd Guvernul nu \u00ee\u015fi va respecta promisiunea f\u0103cut\u0103 cet\u0103\u021benilor: trebuie s\u0103 t\u0103iem privilegiile celor care au diverse pozi\u021bii \u00een aparatul de stat. A\u015fa am promis, \u00een momentul \u00een care au fost adoptate m\u0103surile din Pachetul 1. Astfel, Guvernul Bolojan nu mai e credibil \u00een privin\u021ba [&hellip;]<\/p>\n","protected":false},"author":1,"featured_media":92190,"comment_status":"open","ping_status":"open","sticky":false,"template":"","format":"standard","meta":{"slim_seo":{"title":"Deputat Marian Mina: \"Guvernul Bolojan nu mai e credibil \u00een privin\u021ba altor m\u0103suri economice, p\u00e2n\u0103 c\u00e2nd nu va adopta URGENT Pachetul 2 cu t\u0103ierea privilegiilor\" - GIURGIU NET","description":"\"PSD nu va accepta nicio alt\u0103 discu\u0163ie \u00een Coali\u0163ie, p\u00e2n\u0103 c\u00e2nd Guvernul nu \u00ee\u015fi va respecta promisiunea f\u0103cut\u0103 cet\u0103\u021benilor: trebuie s\u0103 t\u0103iem privilegiile celor ca"},"footnotes":""},"categories":[18,19,25],"tags":[1626],"class_list":{"0":"post-92236","1":"post","2":"type-post","3":"status-publish","4":"format-standard","5":"has-post-thumbnail","7":"category-actual","8":"category-adm","9":"category-pol","10":"tag-marian-mina"},"_links":{"self":[{"href":"https:\/\/giurgiu-net.ro\/index.php\/wp-json\/wp\/v2\/posts\/92236","targetHints":{"allow":["GET"]}}],"collection":[{"href":"https:\/\/giurgiu-net.ro\/index.php\/wp-json\/wp\/v2\/posts"}],"about":[{"href":"https:\/\/giurgiu-net.ro\/index.php\/wp-json\/wp\/v2\/types\/post"}],"author":[{"embeddable":true,"href":"https:\/\/giurgiu-net.ro\/index.php\/wp-json\/wp\/v2\/users\/1"}],"replies":[{"embeddable":true,"href":"https:\/\/giurgiu-net.ro\/index.php\/wp-json\/wp\/v2\/comments?post=92236"}],"version-history":[{"count":0,"href":"https:\/\/giurgiu-net.ro\/index.php\/wp-json\/wp\/v2\/posts\/92236\/revisions"}],"wp:featuredmedia":[{"embeddable":true,"href":"https:\/\/giurgiu-net.ro\/index.php\/wp-json\/wp\/v2\/media\/92190"}],"wp:attachment":[{"href":"https:\/\/giurgiu-net.ro\/index.php\/wp-json\/wp\/v2\/media?parent=92236"}],"wp:term":[{"taxonomy":"category","embeddable":true,"href":"https:\/\/giurgiu-net.ro\/index.php\/wp-json\/wp\/v2\/categories?post=92236"},{"taxonomy":"post_tag","embeddable":true,"href":"https:\/\/giurgiu-net.ro\/index.php\/wp-json\/wp\/v2\/tags?post=92236"}],"curies":[{"name":"wp","href":"https:\/\/api.w.org\/{rel}","templated":true}]}}