{"id":92219,"date":"2025-08-01T12:08:02","date_gmt":"2025-08-01T09:08:02","guid":{"rendered":"https:\/\/giurgiu-net.ro\/?p=92219"},"modified":"2025-08-01T12:14:06","modified_gmt":"2025-08-01T09:14:06","slug":"fratilor-e-grav-anghelescu-si-administratia-pnl-baga-primaria-si-municipiul-giurgiu-in-faliment-avem-adresa-anaf","status":"publish","type":"post","link":"https:\/\/giurgiu-net.ro\/index.php\/2025\/08\/01\/fratilor-e-grav-anghelescu-si-administratia-pnl-baga-primaria-si-municipiul-giurgiu-in-faliment-avem-adresa-anaf\/","title":{"rendered":"FRA\u0162ILOR, E GRAV! Anghelescu \u015fi administra\u0163ia PNL bag\u0103 Prim\u0103ria \u015fi municipiul Giurgiu \u00een FALIMENT? Avem adresa ANAF!!"},"content":{"rendered":"\n<p class=\"wp-block-paragraph\">Adminstra\u0163ia liberal\u0103 de la municipiu, condus\u0103 de primarul Adrian Anghelescu, reu\u015fe\u015fte s\u0103 intre \u00een istorie, dar nu cu vreo realizare promis\u0103, ci cu ceva ce n-a mai reu\u015fit nimeni p\u00e2n\u0103 acum: PRIM\u0102RIA GIURGIU, \u00ceN FALIMENT? MUNICIPIUL GIURGIU, \u201eSUB SECHESTRU\u201d?<\/p>\n\n\n\n<p class=\"wp-block-paragraph\">\u00centr-o postare pe Facebook, deputatul PSD Marian Mina atr\u0103gea aten\u0163ia c\u0103 exist\u0103 o adres\u0103 de la ANAF prin care i se cere conducerii Prim\u0103riei s\u0103 identifice cl\u0103diri \u015fi bunuri pentru a fi scoase la licita\u0163ie, din cauza unor crean\u0163e bugetare.<\/p>\n\n\n\n<p class=\"wp-block-paragraph\">Am intrat \u00een posesia acestei adrese, IAT\u0102:<\/p>\n\n\n\n<figure class=\"wp-block-image size-large\"><img loading=\"lazy\" decoding=\"async\" width=\"1024\" height=\"888\" src=\"https:\/\/giurgiu-net.ro\/wp-content\/uploads\/2025\/08\/8ff1381a-d977-4f55-a63c-503ebb5cbd97-1024x888.jpeg\" alt=\"8ff1381a d977 4f55 a63c 503ebb5cbd97\" class=\"wp-image-92220\" srcset=\"https:\/\/giurgiu-net.ro\/wp-content\/uploads\/2025\/08\/8ff1381a-d977-4f55-a63c-503ebb5cbd97-1024x888.jpeg 1024w, https:\/\/giurgiu-net.ro\/wp-content\/uploads\/2025\/08\/8ff1381a-d977-4f55-a63c-503ebb5cbd97-300x260.jpeg 300w, https:\/\/giurgiu-net.ro\/wp-content\/uploads\/2025\/08\/8ff1381a-d977-4f55-a63c-503ebb5cbd97-768x666.jpeg 768w, https:\/\/giurgiu-net.ro\/wp-content\/uploads\/2025\/08\/8ff1381a-d977-4f55-a63c-503ebb5cbd97-696x604.jpeg 696w, https:\/\/giurgiu-net.ro\/wp-content\/uploads\/2025\/08\/8ff1381a-d977-4f55-a63c-503ebb5cbd97-1068x926.jpeg 1068w, https:\/\/giurgiu-net.ro\/wp-content\/uploads\/2025\/08\/8ff1381a-d977-4f55-a63c-503ebb5cbd97.jpeg 1131w\" sizes=\"auto, (max-width: 1024px) 100vw, 1024px\" \/><\/figure>\n\n\n\n<p class=\"wp-block-paragraph\">B\u0103i, b\u0103ie\u0163i, era vorba s\u0103 \u201erecl\u0103di\u0163i\u201d Giurgiu, nu s\u0103-l falimenta\u0163i, a\u0163i \u00eennebunit?<\/p>\n\n\n\n<p class=\"wp-block-paragraph\">Nu s-a l\u0103udat el, primarul-aviator, c\u0103, dac\u0103-l mai alege lumea o dat\u0103, face minuni \u00een or\u0103\u015felul \u0103sta al nostru? Minuni, nu prostii, domnule primar!<\/p>\n\n\n\n<p class=\"wp-block-paragraph\">Cum e posibil s\u0103 se ajung\u0103 aici? Niciun alt primar de Giurgiu, din c\u00e2te \u015ftim noi, n-a ajuns la \u201eperforman\u0163a\u201d asta: s\u0103 vin\u0103 ANAF s\u0103 scoat\u0103 bunuri la licita\u0163ie, de vreo 30 de milioane de lei.<\/p>\n\n\n\n<p class=\"wp-block-paragraph\">Unde sunt banii, domnule primar? C\u0103, oricum, de f\u0103cut ceva \u00een ora\u015f n-a\u0163i f\u0103cut. Degeaba v\u0103 r\u0103\u0163oi\u0163i la lume, \u0103sta este adev\u0103rul. \u015ei dac\u0103 tot considera\u0163i c\u0103 giurgiuvenii nu merit\u0103, de ce insista\u0163i s\u0103 ocupa\u0163i acel scaun?<\/p>\n\n\n\n<p class=\"wp-block-paragraph\">Municipiul Giurgiu se degradeaz\u0103, pe an ce trece, pe lun\u0103 ce trece, pe zi ce trece, din toate punctele de vedere. Cur\u0103\u0163enie nu e, parcurile sunt triste grav, locurile de joac\u0103 la fel, investi\u0163ii ioc, niciun \u015fantier, nimic, nimic, doar promisiuni \u00een campanie \u015fi mult\u0103 m&#8230; s\u0103n\u0103tate, dup\u0103!<\/p>\n\n\n\n<p class=\"wp-block-paragraph\">Face\u0163i-v\u0103 \u015fi dumneavoastr\u0103 \u015fi giurgiuvenilor un bine \u015fi respecta\u0163i m\u0103car \u201eamenin\u0163area\u201d aia cu demisia! E grav, serios, e grav de tot s\u0103 ajungi ca edil s\u0103 intri \u00een istorie cu a\u015fa ceva. Pentru c\u0103 l\u00e2ng\u0103 numele \u015fi poza dvs. o s\u0103 scrie: INCOMPETEN\u0162\u0102. \u015ei at\u00e2t.<\/p>\n","protected":false},"excerpt":{"rendered":"<p>Adminstra\u0163ia liberal\u0103 de la municipiu, condus\u0103 de primarul Adrian Anghelescu, reu\u015fe\u015fte s\u0103 intre \u00een istorie, dar nu cu vreo realizare promis\u0103, ci cu ceva ce n-a mai reu\u015fit nimeni p\u00e2n\u0103 acum: PRIM\u0102RIA GIURGIU, \u00ceN FALIMENT? MUNICIPIUL GIURGIU, \u201eSUB SECHESTRU\u201d? \u00centr-o postare pe Facebook, deputatul PSD Marian Mina atr\u0103gea aten\u0163ia c\u0103 exist\u0103 o adres\u0103 de la [&hellip;]<\/p>\n","protected":false},"author":1,"featured_media":92220,"comment_status":"open","ping_status":"open","sticky":false,"template":"","format":"standard","meta":{"slim_seo":{"title":"FRA\u0162ILOR, E GRAV! Anghelescu \u015fi administra\u0163ia PNL bag\u0103 Prim\u0103ria \u015fi municipiul Giurgiu \u00een FALIMENT? Avem adresa ANAF!! - GIURGIU NET","description":"Adminstra\u0163ia liberal\u0103 de la municipiu, condus\u0103 de primarul Adrian Anghelescu, reu\u015fe\u015fte s\u0103 intre \u00een istorie, dar nu cu vreo realizare promis\u0103, ci cu ceva ce n-a"},"footnotes":""},"categories":[18,19,25],"tags":[104,2025],"class_list":["post-92219","post","type-post","status-publish","format-standard","has-post-thumbnail","category-actual","category-adm","category-pol","tag-adrian-anghelescu","tag-pnl"],"_links":{"self":[{"href":"https:\/\/giurgiu-net.ro\/index.php\/wp-json\/wp\/v2\/posts\/92219","targetHints":{"allow":["GET"]}}],"collection":[{"href":"https:\/\/giurgiu-net.ro\/index.php\/wp-json\/wp\/v2\/posts"}],"about":[{"href":"https:\/\/giurgiu-net.ro\/index.php\/wp-json\/wp\/v2\/types\/post"}],"author":[{"embeddable":true,"href":"https:\/\/giurgiu-net.ro\/index.php\/wp-json\/wp\/v2\/users\/1"}],"replies":[{"embeddable":true,"href":"https:\/\/giurgiu-net.ro\/index.php\/wp-json\/wp\/v2\/comments?post=92219"}],"version-history":[{"count":0,"href":"https:\/\/giurgiu-net.ro\/index.php\/wp-json\/wp\/v2\/posts\/92219\/revisions"}],"wp:featuredmedia":[{"embeddable":true,"href":"https:\/\/giurgiu-net.ro\/index.php\/wp-json\/wp\/v2\/media\/92220"}],"wp:attachment":[{"href":"https:\/\/giurgiu-net.ro\/index.php\/wp-json\/wp\/v2\/media?parent=92219"}],"wp:term":[{"taxonomy":"category","embeddable":true,"href":"https:\/\/giurgiu-net.ro\/index.php\/wp-json\/wp\/v2\/categories?post=92219"},{"taxonomy":"post_tag","embeddable":true,"href":"https:\/\/giurgiu-net.ro\/index.php\/wp-json\/wp\/v2\/tags?post=92219"}],"curies":[{"name":"wp","href":"https:\/\/api.w.org\/{rel}","templated":true}]}}