{"id":92180,"date":"2025-07-24T17:16:10","date_gmt":"2025-07-24T14:16:10","guid":{"rendered":"https:\/\/giurgiu-net.ro\/?p=92180"},"modified":"2025-07-24T17:16:11","modified_gmt":"2025-07-24T14:16:11","slug":"deputat-marian-mina-psd-nu-accepta-ca-statul-roman-sa-fie-muma-pentru-multinationale-si-ciuma-pentru-oamenii-obisnuiti","status":"publish","type":"post","link":"https:\/\/giurgiu-net.ro\/index.php\/2025\/07\/24\/deputat-marian-mina-psd-nu-accepta-ca-statul-roman-sa-fie-muma-pentru-multinationale-si-ciuma-pentru-oamenii-obisnuiti\/","title":{"rendered":"Deputat Marian Mina: &#8222;PSD nu accept\u0103 ca statul rom\u00e2n s\u0103 fie MUM\u0102 pentru multina\u0163ionale \u015fi CIUM\u0102 pentru oamenii obi\u015fnui\u0163i!&#8221;"},"content":{"rendered":"\n<p>&#8222;PSD nu accept\u0103 ca statul rom\u00e2n s\u0103 fie MUM\u0102 pentru multina\u0163ionale \u015fi CIUM\u0102 pentru oamenii obi\u015fnui\u0163i!<\/p>\n\n\n\n<p>Sus\u0163inem \u015fi insist\u0103m, \u00een continuare, s\u0103 fie aplicat\u0103 m\u0103sura impozitului minim pe cifra de afaceri. Este de neacceptat ca toate m\u0103surile pentru redresarea bugetar\u0103 s\u0103-i vizeze preponderent pe rom\u00e2nii cu venituri mici \u0219i medii.<\/p>\n\n\n\n<p>TREBUIE s\u0103 contribuie \u0219i capitalul, respectiv marile companii, dar \u0219i toate firmele care se declar\u0103 pl\u0103titoare de impozit pe profit.<\/p>\n\n\n\n<p>PNL, \u00een schimb, prin ministrul s\u0103u de Finan\u021be, vrea s\u0103 scuteasc\u0103 \u0219i marile corpora\u021bii care acum pl\u0103tesc acest tip de impozit, dac\u0103 au o cifr\u0103 de afaceri mai mare de 50 de milioane de lei. Este injust \u0219i revolt\u0103tor social iar PSD nu va accepta a\u0219a ceva!<\/p>\n\n\n\n<p>Pe de alt\u0103 parte, se dovede\u015fte, din nou, c\u0103 PSD a avut dreptate: \u00ee<strong>ns\u0103\u015fi Comisia European\u0103 se pronunt\u0103 f\u0103r\u0103 echivoc &#8211; CASS nu trebuie aplicat persoanelor din categoriile vulnerabile!<\/strong><\/p>\n\n\n\n<p>A\u015fadar, premierul Bolojan trebuie s\u0103 fac\u0103 necesara corectur\u0103 cerut\u0103 de PSD, deoarece nu mai are nicio scuz\u0103 \u015fi nici nu mai poate spune c\u0103 \u201e<strong>nu se poate reveni asupra unei m\u0103suri deja convenite cu Bruxelles-ul\u201d.<\/strong>&#8211; pre\u015fedinte PSD Giurgiu, deputat Marian Mina.<\/p>\n","protected":false},"excerpt":{"rendered":"<p>&#8222;PSD nu accept\u0103 ca statul rom\u00e2n s\u0103 fie MUM\u0102 pentru multina\u0163ionale \u015fi CIUM\u0102 pentru oamenii obi\u015fnui\u0163i! Sus\u0163inem \u015fi insist\u0103m, \u00een continuare, s\u0103 fie aplicat\u0103 m\u0103sura impozitului minim pe cifra de afaceri. Este de neacceptat ca toate m\u0103surile pentru redresarea bugetar\u0103 s\u0103-i vizeze preponderent pe rom\u00e2nii cu venituri mici \u0219i medii. TREBUIE s\u0103 contribuie \u0219i capitalul, [&hellip;]<\/p>\n","protected":false},"author":1,"featured_media":92181,"comment_status":"open","ping_status":"open","sticky":false,"template":"","format":"standard","meta":{"slim_seo":{"title":"Deputat Marian Mina: \"PSD nu accept\u0103 ca statul rom\u00e2n s\u0103 fie MUM\u0102 pentru multina\u0163ionale \u015fi CIUM\u0102 pentru oamenii obi\u015fnui\u0163i!\" - GIURGIU NET","description":"\"PSD nu accept\u0103 ca statul rom\u00e2n s\u0103 fie MUM\u0102 pentru multina\u0163ionale \u015fi CIUM\u0102 pentru oamenii obi\u015fnui\u0163i! Sus\u0163inem \u015fi insist\u0103m, \u00een continuare, s\u0103 fie aplicat\u0103 m\u0103sura"},"footnotes":""},"categories":[18,19,25],"tags":[],"class_list":{"0":"post-92180","1":"post","2":"type-post","3":"status-publish","4":"format-standard","5":"has-post-thumbnail","7":"category-actual","8":"category-adm","9":"category-pol"},"_links":{"self":[{"href":"https:\/\/giurgiu-net.ro\/index.php\/wp-json\/wp\/v2\/posts\/92180","targetHints":{"allow":["GET"]}}],"collection":[{"href":"https:\/\/giurgiu-net.ro\/index.php\/wp-json\/wp\/v2\/posts"}],"about":[{"href":"https:\/\/giurgiu-net.ro\/index.php\/wp-json\/wp\/v2\/types\/post"}],"author":[{"embeddable":true,"href":"https:\/\/giurgiu-net.ro\/index.php\/wp-json\/wp\/v2\/users\/1"}],"replies":[{"embeddable":true,"href":"https:\/\/giurgiu-net.ro\/index.php\/wp-json\/wp\/v2\/comments?post=92180"}],"version-history":[{"count":0,"href":"https:\/\/giurgiu-net.ro\/index.php\/wp-json\/wp\/v2\/posts\/92180\/revisions"}],"wp:featuredmedia":[{"embeddable":true,"href":"https:\/\/giurgiu-net.ro\/index.php\/wp-json\/wp\/v2\/media\/92181"}],"wp:attachment":[{"href":"https:\/\/giurgiu-net.ro\/index.php\/wp-json\/wp\/v2\/media?parent=92180"}],"wp:term":[{"taxonomy":"category","embeddable":true,"href":"https:\/\/giurgiu-net.ro\/index.php\/wp-json\/wp\/v2\/categories?post=92180"},{"taxonomy":"post_tag","embeddable":true,"href":"https:\/\/giurgiu-net.ro\/index.php\/wp-json\/wp\/v2\/tags?post=92180"}],"curies":[{"name":"wp","href":"https:\/\/api.w.org\/{rel}","templated":true}]}}