{"id":92087,"date":"2025-07-10T10:25:02","date_gmt":"2025-07-10T07:25:02","guid":{"rendered":"https:\/\/giurgiu-net.ro\/?p=92087"},"modified":"2025-07-10T10:25:03","modified_gmt":"2025-07-10T07:25:03","slug":"cum-va-fi-vremea-la-giurgiu-weekendul-acesta","status":"publish","type":"post","link":"https:\/\/giurgiu-net.ro\/index.php\/2025\/07\/10\/cum-va-fi-vremea-la-giurgiu-weekendul-acesta\/","title":{"rendered":"Cum va fi vremea, la Giurgiu, weekendul acesta?"},"content":{"rendered":"\n<p>Dup\u0103 o sear\u0103 \u015fi o diminea\u0163\u0103 foarte r\u0103coroase, temperaturile vor cre\u015fte din nou \u015fi la Giurgiu, \u00eens\u0103, cel pu\u0163in p\u00e2n\u0103 s\u0103pt\u0103m\u00e2na viitoare, nu vom mai avea maxime care s\u0103 treac\u0103 de 37 de grade Celsius.<\/p>\n\n\n\n<p>Nici ploi nu mai sunt a\u015fteptate, cel pu\u0163in a\u015fa arat\u0103 site-urile de specialitate.<\/p>\n\n\n\n<p>Minimele vor fi cuprinse, \u00een perioada urm\u0103toare, \u00eentre 15 \u015fi 20 de grade Celsius.<\/p>\n\n\n\n<figure class=\"wp-block-image size-full\"><img loading=\"lazy\" decoding=\"async\" width=\"544\" height=\"921\" src=\"https:\/\/giurgiu-net.ro\/wp-content\/uploads\/2025\/07\/vremea.jpg\" alt=\"Vremea\" class=\"wp-image-92088\" srcset=\"https:\/\/giurgiu-net.ro\/wp-content\/uploads\/2025\/07\/vremea.jpg 544w, https:\/\/giurgiu-net.ro\/wp-content\/uploads\/2025\/07\/vremea-177x300.jpg 177w\" sizes=\"auto, (max-width: 544px) 100vw, 544px\" \/><\/figure>\n","protected":false},"excerpt":{"rendered":"<p>Dup\u0103 o sear\u0103 \u015fi o diminea\u0163\u0103 foarte r\u0103coroase, temperaturile vor cre\u015fte din nou \u015fi la Giurgiu, \u00eens\u0103, cel pu\u0163in p\u00e2n\u0103 s\u0103pt\u0103m\u00e2na viitoare, nu vom mai avea maxime care s\u0103 treac\u0103 de 37 de grade Celsius. Nici ploi nu mai sunt a\u015fteptate, cel pu\u0163in a\u015fa arat\u0103 site-urile de specialitate. Minimele vor fi cuprinse, \u00een perioada urm\u0103toare, [&hellip;]<\/p>\n","protected":false},"author":1,"featured_media":51533,"comment_status":"open","ping_status":"open","sticky":false,"template":"","format":"standard","meta":{"slim_seo":{"title":"Cum va fi vremea, la Giurgiu, weekendul acesta? - GIURGIU NET","description":"Dup\u0103 o sear\u0103 \u015fi o diminea\u0163\u0103 foarte r\u0103coroase, temperaturile vor cre\u015fte din nou \u015fi la Giurgiu, \u00eens\u0103, cel pu\u0163in p\u00e2n\u0103 s\u0103pt\u0103m\u00e2na viitoare, nu vom mai avea maxime ca"},"footnotes":""},"categories":[18,26],"tags":[],"class_list":{"0":"post-92087","1":"post","2":"type-post","3":"status-publish","4":"format-standard","5":"has-post-thumbnail","7":"category-actual","8":"category-soc"},"_links":{"self":[{"href":"https:\/\/giurgiu-net.ro\/index.php\/wp-json\/wp\/v2\/posts\/92087","targetHints":{"allow":["GET"]}}],"collection":[{"href":"https:\/\/giurgiu-net.ro\/index.php\/wp-json\/wp\/v2\/posts"}],"about":[{"href":"https:\/\/giurgiu-net.ro\/index.php\/wp-json\/wp\/v2\/types\/post"}],"author":[{"embeddable":true,"href":"https:\/\/giurgiu-net.ro\/index.php\/wp-json\/wp\/v2\/users\/1"}],"replies":[{"embeddable":true,"href":"https:\/\/giurgiu-net.ro\/index.php\/wp-json\/wp\/v2\/comments?post=92087"}],"version-history":[{"count":0,"href":"https:\/\/giurgiu-net.ro\/index.php\/wp-json\/wp\/v2\/posts\/92087\/revisions"}],"wp:featuredmedia":[{"embeddable":true,"href":"https:\/\/giurgiu-net.ro\/index.php\/wp-json\/wp\/v2\/media\/51533"}],"wp:attachment":[{"href":"https:\/\/giurgiu-net.ro\/index.php\/wp-json\/wp\/v2\/media?parent=92087"}],"wp:term":[{"taxonomy":"category","embeddable":true,"href":"https:\/\/giurgiu-net.ro\/index.php\/wp-json\/wp\/v2\/categories?post=92087"},{"taxonomy":"post_tag","embeddable":true,"href":"https:\/\/giurgiu-net.ro\/index.php\/wp-json\/wp\/v2\/tags?post=92087"}],"curies":[{"name":"wp","href":"https:\/\/api.w.org\/{rel}","templated":true}]}}