{"id":92030,"date":"2025-07-01T10:07:10","date_gmt":"2025-07-01T07:07:10","guid":{"rendered":"https:\/\/giurgiu-net.ro\/?p=92030"},"modified":"2025-07-01T10:07:11","modified_gmt":"2025-07-01T07:07:11","slug":"unui-sofer-din-cetatea-i-a-luat-foc-masina-imediat-dupa-ce-a-parcat","status":"publish","type":"post","link":"https:\/\/giurgiu-net.ro\/index.php\/2025\/07\/01\/unui-sofer-din-cetatea-i-a-luat-foc-masina-imediat-dupa-ce-a-parcat\/","title":{"rendered":"Unui \u015fofer din Cetatea i-a luat foc ma\u015fina, imediat dup\u0103 ce a parcat"},"content":{"rendered":"\n<p>Un \u0219ofer a observat, la scurt timp dup\u0103 ce \u0219i-a parcat ma\u0219ina, c\u0103 iese fum de sub capot\u0103. Con\u0219tient de pericolul izbucnirii unui incendiu, acesta a reac\u021bionat prompt \u0219i a alertat autorit\u0103\u021bile.<\/p>\n\n\n\n<p>Incidentul s-a petrecut seara trecut\u0103, \u00een localitatea Cetatea. La fa\u021ba locului au intervenit pompierii din cadrul Deta\u0219amentului Giurgiu, cu o autospecial\u0103 de stingere \u0219i o ambulan\u021b\u0103 SMURD.<\/p>\n\n\n\n<p>\u00cen urma evenimentului, au ars materiale combustibile din compartimentul motor.<\/p>\n\n\n\n<p>Din fericire, nu sunt fost persoane r\u0103nite.<\/p>\n\n\n\n<p>Cauza probabil\u0103 de producere a incendiului a fost scurtcircuitul.<\/p>\n\n\n\n<p>Recomand\u0103ri preventive pentru conduc\u0103torii auto:<\/p>\n\n\n\n<ul class=\"wp-block-list\">\n<li>verifica\u021bi periodic instala\u021bia electric\u0103 \u0219i sistemul de alimentare cu combustibil;<\/li>\n\n\n\n<li>asigura\u021bi-v\u0103 c\u0103 echipamentele de iluminat nu sunt defecte sau neizolate;<\/li>\n\n\n\n<li>verifica\u021bi dac\u0103 exist\u0103 scurgeri de carburan\u021bi sau lubrifian\u021bi;<\/li>\n\n\n\n<li>nu face\u021bi improviza\u021bii la instala\u021bia electric\u0103;<\/li>\n\n\n\n<li>verifica\u021bi perioada de valabilitate a sting\u0103torului din autovehicul.<\/li>\n<\/ul>\n\n\n\n<p>Aceste m\u0103suri simple contribuie la evitarea unor incidente ce ar putea pune \u00een pericol via\u021ba \u0219i bunurile materiale.<\/p>\n\n\n\n<p>Comunicat \u015fi foto: ISU Giurgiu<\/p>\n","protected":false},"excerpt":{"rendered":"<p>Un \u0219ofer a observat, la scurt timp dup\u0103 ce \u0219i-a parcat ma\u0219ina, c\u0103 iese fum de sub capot\u0103. Con\u0219tient de pericolul izbucnirii unui incendiu, acesta a reac\u021bionat prompt \u0219i a alertat autorit\u0103\u021bile. Incidentul s-a petrecut seara trecut\u0103, \u00een localitatea Cetatea. La fa\u021ba locului au intervenit pompierii din cadrul Deta\u0219amentului Giurgiu, cu o autospecial\u0103 de stingere [&hellip;]<\/p>\n","protected":false},"author":1,"featured_media":92033,"comment_status":"open","ping_status":"open","sticky":false,"template":"","format":"standard","meta":{"slim_seo":{"title":"Unui \u015fofer din Cetatea i-a luat foc ma\u015fina, imediat dup\u0103 ce a parcat - GIURGIU NET","description":"Un \u0219ofer a observat, la scurt timp dup\u0103 ce \u0219i-a parcat ma\u0219ina, c\u0103 iese fum de sub capot\u0103. Con\u0219tient de pericolul izbucnirii unui incendiu, acesta a reac\u021bionat p"},"footnotes":""},"categories":[1],"tags":[],"class_list":{"0":"post-92030","1":"post","2":"type-post","3":"status-publish","4":"format-standard","5":"has-post-thumbnail","7":"category-uncategorized"},"_links":{"self":[{"href":"https:\/\/giurgiu-net.ro\/index.php\/wp-json\/wp\/v2\/posts\/92030","targetHints":{"allow":["GET"]}}],"collection":[{"href":"https:\/\/giurgiu-net.ro\/index.php\/wp-json\/wp\/v2\/posts"}],"about":[{"href":"https:\/\/giurgiu-net.ro\/index.php\/wp-json\/wp\/v2\/types\/post"}],"author":[{"embeddable":true,"href":"https:\/\/giurgiu-net.ro\/index.php\/wp-json\/wp\/v2\/users\/1"}],"replies":[{"embeddable":true,"href":"https:\/\/giurgiu-net.ro\/index.php\/wp-json\/wp\/v2\/comments?post=92030"}],"version-history":[{"count":0,"href":"https:\/\/giurgiu-net.ro\/index.php\/wp-json\/wp\/v2\/posts\/92030\/revisions"}],"wp:featuredmedia":[{"embeddable":true,"href":"https:\/\/giurgiu-net.ro\/index.php\/wp-json\/wp\/v2\/media\/92033"}],"wp:attachment":[{"href":"https:\/\/giurgiu-net.ro\/index.php\/wp-json\/wp\/v2\/media?parent=92030"}],"wp:term":[{"taxonomy":"category","embeddable":true,"href":"https:\/\/giurgiu-net.ro\/index.php\/wp-json\/wp\/v2\/categories?post=92030"},{"taxonomy":"post_tag","embeddable":true,"href":"https:\/\/giurgiu-net.ro\/index.php\/wp-json\/wp\/v2\/tags?post=92030"}],"curies":[{"name":"wp","href":"https:\/\/api.w.org\/{rel}","templated":true}]}}