{"id":92026,"date":"2025-07-01T09:59:59","date_gmt":"2025-07-01T06:59:59","guid":{"rendered":"https:\/\/giurgiu-net.ro\/?p=92026"},"modified":"2025-07-01T10:00:29","modified_gmt":"2025-07-01T07:00:29","slug":"deputat-marian-mina-s-a-deschis-circulatia-pe-lotul-3-al-a0-sud-bragadiru-joita-si-astfel-se-circula-de-la-constanta-pana-la-curtea-de-arges-numai-pe-autostrada","status":"publish","type":"post","link":"https:\/\/giurgiu-net.ro\/index.php\/2025\/07\/01\/deputat-marian-mina-s-a-deschis-circulatia-pe-lotul-3-al-a0-sud-bragadiru-joita-si-astfel-se-circula-de-la-constanta-pana-la-curtea-de-arges-numai-pe-autostrada\/","title":{"rendered":"Deputat Marian Mina: &#8222;S-a deschis circula\u021bia pe lotul 3 al A0 Sud (Bragadiru \u2013 Joi\u021ba) \u015fi, astfel, se circul\u0103 de la Constan\u0163a p\u00e2n\u0103 la Curtea de Arge\u015f numai pe autostrad\u0103&#8221;"},"content":{"rendered":"\n<p>&#8222;S-a deschis circula\u021bia pe lotul 3 al A0 Sud (Bragadiru \u2013 Joi\u021ba) \u015fi, astfel, se va putea circula de la Constan\u0163a p\u00e2n\u0103 la Curtea de Arge\u015f numai pe autostrad\u0103 iar, de luna viitoare, \u015fi p\u00e2n\u0103 la Craiova!<\/p>\n\n\n\n<p>Cre\u015fterea vitezei de transport, reducerea costurilor, conectarea la fluxuri de dezvoltare a multor localit\u0103\u021bi \u0219i regiuni, degrevarea traficului de co\u0219mar din Bucure\u0219ti \u0219i de pe veche \u0218osea de Centur\u0103 sunt doar c\u00e2teva dintre beneficiile acestei realiz\u0103ri!<\/p>\n\n\n\n<p>Acest tip de investi\u0163ii trebuie s\u0103 continue cu orice pre\u021b iar PSD insist\u0103 s\u0103 se aloce finan\u021barea necesar\u0103.<\/p>\n\n\n\n<p>NU putem s\u0103 ne permitem am\u00e2n\u0103ri, bloc\u0103ri sau anul\u0103ri de investi\u021bii \u00een marea infrastructur\u0103 \u0219i nici schimbarea ritmului impus de Sorin Grindeanu la Transporturi.<\/p>\n\n\n\n<p>\u00cen prezent, Rom\u00e2nia mai are \u00een lucru aproximativ 700 de kilometri de autostrad\u0103. 200 de km sunt prev\u0103zu\u021bi s\u0103 se deschid\u0103 circula\u021biei p\u00e2n\u0103 la finalul acestui an, ceea ce va duce la 1.500 de km totalul \u0219oselelor de mare vitez\u0103!<\/p>\n\n\n\n<p>Sunt mai mult cu 600 de kilometri fa\u021b\u0103 de cei 900 de km pe care-i avea Rom\u00e2nia \u00een noiembrie 2021, c\u00e2nd a preluat Sorin Grindeanu mandatul de ministru al Transporturilor&#8221;- pre\u015fedinte PSD Giurgiu, deputat Marian Mina.<\/p>\n","protected":false},"excerpt":{"rendered":"<p>&#8222;S-a deschis circula\u021bia pe lotul 3 al A0 Sud (Bragadiru \u2013 Joi\u021ba) \u015fi, astfel, se va putea circula de la Constan\u0163a p\u00e2n\u0103 la Curtea de Arge\u015f numai pe autostrad\u0103 iar, de luna viitoare, \u015fi p\u00e2n\u0103 la Craiova! Cre\u015fterea vitezei de transport, reducerea costurilor, conectarea la fluxuri de dezvoltare a multor localit\u0103\u021bi \u0219i regiuni, degrevarea traficului [&hellip;]<\/p>\n","protected":false},"author":1,"featured_media":92027,"comment_status":"open","ping_status":"open","sticky":false,"template":"","format":"standard","meta":{"slim_seo":{"title":"Deputat Marian Mina: \"S-a deschis circula\u021bia pe lotul 3 al A0 Sud (Bragadiru \u2013 Joi\u021ba) \u015fi, astfel, se circul\u0103 de la Constan\u0163a p\u00e2n\u0103 la Curtea de Arge\u015f numai pe autostrad\u0103\" - GIURGIU NET","description":"\"S-a deschis circula\u021bia pe lotul 3 al A0 Sud (Bragadiru \u2013 Joi\u021ba) \u015fi, astfel, se va putea circula de la Constan\u0163a p\u00e2n\u0103 la Curtea de Arge\u015f numai pe autostrad\u0103 iar"},"footnotes":""},"categories":[18,19,25],"tags":[1626],"class_list":{"0":"post-92026","1":"post","2":"type-post","3":"status-publish","4":"format-standard","5":"has-post-thumbnail","7":"category-actual","8":"category-adm","9":"category-pol","10":"tag-marian-mina"},"_links":{"self":[{"href":"https:\/\/giurgiu-net.ro\/index.php\/wp-json\/wp\/v2\/posts\/92026","targetHints":{"allow":["GET"]}}],"collection":[{"href":"https:\/\/giurgiu-net.ro\/index.php\/wp-json\/wp\/v2\/posts"}],"about":[{"href":"https:\/\/giurgiu-net.ro\/index.php\/wp-json\/wp\/v2\/types\/post"}],"author":[{"embeddable":true,"href":"https:\/\/giurgiu-net.ro\/index.php\/wp-json\/wp\/v2\/users\/1"}],"replies":[{"embeddable":true,"href":"https:\/\/giurgiu-net.ro\/index.php\/wp-json\/wp\/v2\/comments?post=92026"}],"version-history":[{"count":0,"href":"https:\/\/giurgiu-net.ro\/index.php\/wp-json\/wp\/v2\/posts\/92026\/revisions"}],"wp:featuredmedia":[{"embeddable":true,"href":"https:\/\/giurgiu-net.ro\/index.php\/wp-json\/wp\/v2\/media\/92027"}],"wp:attachment":[{"href":"https:\/\/giurgiu-net.ro\/index.php\/wp-json\/wp\/v2\/media?parent=92026"}],"wp:term":[{"taxonomy":"category","embeddable":true,"href":"https:\/\/giurgiu-net.ro\/index.php\/wp-json\/wp\/v2\/categories?post=92026"},{"taxonomy":"post_tag","embeddable":true,"href":"https:\/\/giurgiu-net.ro\/index.php\/wp-json\/wp\/v2\/tags?post=92026"}],"curies":[{"name":"wp","href":"https:\/\/api.w.org\/{rel}","templated":true}]}}