{"id":92011,"date":"2025-06-30T09:51:54","date_gmt":"2025-06-30T06:51:54","guid":{"rendered":"https:\/\/giurgiu-net.ro\/?p=92011"},"modified":"2025-06-30T10:01:18","modified_gmt":"2025-06-30T07:01:18","slug":"foto-video-incendiu-de-proportii-la-o-hala-a-unui-parc-logistic-pe-a1-pompierii-giurgiuveni-se-lupta-cu-flacarile-de-ieri-dupa-amiaza","status":"publish","type":"post","link":"https:\/\/giurgiu-net.ro\/index.php\/2025\/06\/30\/foto-video-incendiu-de-proportii-la-o-hala-a-unui-parc-logistic-pe-a1-pompierii-giurgiuveni-se-lupta-cu-flacarile-de-ieri-dupa-amiaza\/","title":{"rendered":"FOTO\/VIDEO: Incendiu de propor\u0163ii la o hal\u0103 a unui parc logistic, pe A1. Pompierii giurgiuveni se lupt\u0103 cu fl\u0103c\u0103rile, de ieri dup\u0103-amiaz\u0103"},"content":{"rendered":"\n<p>Ieri dup\u0103-amiaz\u0103, cei de la ISU Giurgiu au anun\u0163at c\u0103 pompierii intervin pentru stingerea unui incendiu izbucnit \u00eentr-o hal\u0103 din incinta unui parc logistic, pe A1 la km 23.<\/p>\n\n\n\n<p>\u201eIncendiul se manifest\u0103 cu degaj\u0103ri de fum, la nivelul acoperi\u0219ului, la panourile fotovoltaice \u0219i \u00een interiorul depozitului.<\/p>\n\n\n\n<p>La fa\u021ba locului s-au deplasat pompierii din cadrul Deta\u0219amentului Bolintin Deal, Deta\u0219amentul Giurgiu, Sec\u021biei Mih\u0103ile\u0219ti \u0219i Inspectoratului pentru Situa\u021bii de Urgen\u021b\u0103 Bucure\u0219ti-Ilfov cu:<\/p>\n\n\n\n<p>&#8211; 12 autospeciale de stingere<\/p>\n\n\n\n<p>&#8211; 2 autospeciale pentru interven\u021bie \u0219i salvare de la \u00een\u0103l\u021bime<\/p>\n\n\n\n<p>&#8211; o autospecial\u0103 prev\u0103zut\u0103 cu instala\u021bie de hidroperforare<\/p>\n\n\n\n<p>&#8211; dou\u0103 cisterne<\/p>\n\n\n\n<p>&#8211; o descarcerare<\/p>\n\n\n\n<p>&#8211; o ambulan\u021b\u0103 SMURD.<\/p>\n\n\n\n<p>\u00cen sprijin, se deplaseaz\u0103 \u0219i autospeciala cu robo\u021bi.<\/p>\n\n\n\n<p>Av\u00e2nd \u00een vedere faptul c\u0103 sunt degaj\u0103ri mari de fum, a fost emis mesaj RO Alert \u00een localit\u0103\u021bile Joi\u021ba, Bolintin-Deal, Bolintin Vale, Flore\u0219ti-Stoene\u0219ti, Cosoba, &nbsp;S\u0103b\u0103reni \u0219i Ulmi\u201d, au transmis pompierii giurgiuveni.<\/p>\n\n\n\n<p>ISU Giurgiu a precizat c\u0103 nu se aflau persoane surprinse \u00een interior.<\/p>\n\n\n\n<figure class=\"wp-block-gallery has-nested-images columns-2 is-cropped wp-block-gallery-1 is-layout-flex wp-block-gallery-is-layout-flex\">\n<figure class=\"wp-block-image size-large\"><img loading=\"lazy\" decoding=\"async\" width=\"1024\" height=\"576\" data-id=\"92015\" src=\"https:\/\/giurgiu-net.ro\/wp-content\/uploads\/2025\/06\/5d98f0cb-c0e1-435a-8027-2be8008e731e-1024x576.jpg\" alt=\"5d98f0cb c0e1 435a 8027 2be8008e731e\" class=\"wp-image-92015\" srcset=\"https:\/\/giurgiu-net.ro\/wp-content\/uploads\/2025\/06\/5d98f0cb-c0e1-435a-8027-2be8008e731e-1024x576.jpg 1024w, https:\/\/giurgiu-net.ro\/wp-content\/uploads\/2025\/06\/5d98f0cb-c0e1-435a-8027-2be8008e731e-300x169.jpg 300w, https:\/\/giurgiu-net.ro\/wp-content\/uploads\/2025\/06\/5d98f0cb-c0e1-435a-8027-2be8008e731e-768x432.jpg 768w, https:\/\/giurgiu-net.ro\/wp-content\/uploads\/2025\/06\/5d98f0cb-c0e1-435a-8027-2be8008e731e-1536x864.jpg 1536w, https:\/\/giurgiu-net.ro\/wp-content\/uploads\/2025\/06\/5d98f0cb-c0e1-435a-8027-2be8008e731e-696x391.jpg 696w, https:\/\/giurgiu-net.ro\/wp-content\/uploads\/2025\/06\/5d98f0cb-c0e1-435a-8027-2be8008e731e-1068x600.jpg 1068w, https:\/\/giurgiu-net.ro\/wp-content\/uploads\/2025\/06\/5d98f0cb-c0e1-435a-8027-2be8008e731e.jpg 1599w\" sizes=\"auto, (max-width: 1024px) 100vw, 1024px\" \/><\/figure>\n\n\n\n<figure class=\"wp-block-image size-large\"><img loading=\"lazy\" decoding=\"async\" width=\"1024\" height=\"576\" data-id=\"92014\" src=\"https:\/\/giurgiu-net.ro\/wp-content\/uploads\/2025\/06\/7cd79446-0948-46f2-a6f6-3dca1cc8af93-1024x576.jpg\" alt=\"7cd79446 0948 46f2 a6f6 3dca1cc8af93\" class=\"wp-image-92014\" srcset=\"https:\/\/giurgiu-net.ro\/wp-content\/uploads\/2025\/06\/7cd79446-0948-46f2-a6f6-3dca1cc8af93-1024x576.jpg 1024w, https:\/\/giurgiu-net.ro\/wp-content\/uploads\/2025\/06\/7cd79446-0948-46f2-a6f6-3dca1cc8af93-300x169.jpg 300w, https:\/\/giurgiu-net.ro\/wp-content\/uploads\/2025\/06\/7cd79446-0948-46f2-a6f6-3dca1cc8af93-768x432.jpg 768w, https:\/\/giurgiu-net.ro\/wp-content\/uploads\/2025\/06\/7cd79446-0948-46f2-a6f6-3dca1cc8af93-1536x864.jpg 1536w, https:\/\/giurgiu-net.ro\/wp-content\/uploads\/2025\/06\/7cd79446-0948-46f2-a6f6-3dca1cc8af93-696x391.jpg 696w, https:\/\/giurgiu-net.ro\/wp-content\/uploads\/2025\/06\/7cd79446-0948-46f2-a6f6-3dca1cc8af93-1068x600.jpg 1068w, https:\/\/giurgiu-net.ro\/wp-content\/uploads\/2025\/06\/7cd79446-0948-46f2-a6f6-3dca1cc8af93.jpg 1599w\" sizes=\"auto, (max-width: 1024px) 100vw, 1024px\" \/><\/figure>\n\n\n\n<figure class=\"wp-block-image size-large\"><img loading=\"lazy\" decoding=\"async\" width=\"1024\" height=\"982\" data-id=\"92013\" src=\"https:\/\/giurgiu-net.ro\/wp-content\/uploads\/2025\/06\/a1ac1094-7748-4b60-b837-301b98bef563-1024x982.jpg\" alt=\"A1ac1094 7748 4b60 b837 301b98bef563\" class=\"wp-image-92013\" srcset=\"https:\/\/giurgiu-net.ro\/wp-content\/uploads\/2025\/06\/a1ac1094-7748-4b60-b837-301b98bef563-1024x982.jpg 1024w, https:\/\/giurgiu-net.ro\/wp-content\/uploads\/2025\/06\/a1ac1094-7748-4b60-b837-301b98bef563-300x288.jpg 300w, https:\/\/giurgiu-net.ro\/wp-content\/uploads\/2025\/06\/a1ac1094-7748-4b60-b837-301b98bef563-768x736.jpg 768w, https:\/\/giurgiu-net.ro\/wp-content\/uploads\/2025\/06\/a1ac1094-7748-4b60-b837-301b98bef563-1536x1473.jpg 1536w, https:\/\/giurgiu-net.ro\/wp-content\/uploads\/2025\/06\/a1ac1094-7748-4b60-b837-301b98bef563-2048x1964.jpg 2048w, https:\/\/giurgiu-net.ro\/wp-content\/uploads\/2025\/06\/a1ac1094-7748-4b60-b837-301b98bef563-696x667.jpg 696w, https:\/\/giurgiu-net.ro\/wp-content\/uploads\/2025\/06\/a1ac1094-7748-4b60-b837-301b98bef563-1068x1024.jpg 1068w, https:\/\/giurgiu-net.ro\/wp-content\/uploads\/2025\/06\/a1ac1094-7748-4b60-b837-301b98bef563-1920x1841.jpg 1920w\" sizes=\"auto, (max-width: 1024px) 100vw, 1024px\" \/><\/figure>\n\n\n\n<figure class=\"wp-block-image size-large\"><img loading=\"lazy\" decoding=\"async\" width=\"895\" height=\"797\" data-id=\"92012\" src=\"https:\/\/giurgiu-net.ro\/wp-content\/uploads\/2025\/06\/f3b871d7-07c6-4c99-a213-6d0ea5f4a1bc.jpg\" alt=\"F3b871d7 07c6 4c99 a213 6d0ea5f4a1bc\" class=\"wp-image-92012\" srcset=\"https:\/\/giurgiu-net.ro\/wp-content\/uploads\/2025\/06\/f3b871d7-07c6-4c99-a213-6d0ea5f4a1bc.jpg 895w, https:\/\/giurgiu-net.ro\/wp-content\/uploads\/2025\/06\/f3b871d7-07c6-4c99-a213-6d0ea5f4a1bc-300x267.jpg 300w, https:\/\/giurgiu-net.ro\/wp-content\/uploads\/2025\/06\/f3b871d7-07c6-4c99-a213-6d0ea5f4a1bc-768x684.jpg 768w, https:\/\/giurgiu-net.ro\/wp-content\/uploads\/2025\/06\/f3b871d7-07c6-4c99-a213-6d0ea5f4a1bc-696x620.jpg 696w\" sizes=\"auto, (max-width: 895px) 100vw, 895px\" \/><\/figure>\n<\/figure>\n\n\n\n<p>\u201eIncendiul care afecteaz\u0103 o hal\u0103 din incinta unui parc industrial, situat pe autostrada A1, la km 23, este \u00een continuare \u00een desf\u0103\u0219urare. Este vorba despre o interven\u021bie complex\u0103, de durat\u0103, care presupune eforturi sus\u021binute din partea echipajelor de pompieri.<\/p>\n\n\n\n<p>Fl\u0103c\u0103rile se manifest\u0103, at\u00e2t la nivelul acoperi\u0219ului, c\u00e2t \u0219i \u00een interiorul depozitului. Din cauza degaj\u0103rilor mari de fum, a fost emis un mesaj RO-ALERT pentru nou\u0103 localit\u0103\u021bi din jude\u021bele Giurgiu \u0219i Ilfov.<\/p>\n\n\n\n<p>For\u021bele de interven\u021bie ac\u021bioneaz\u0103 pentru limitarea propag\u0103rii incendiului \u0219i lichidarea complet\u0103 a focarelor.<\/p>\n\n\n\n<figure class=\"wp-block-video\"><video height=\"474\" style=\"aspect-ratio: 848 \/ 474;\" width=\"848\" controls src=\"https:\/\/giurgiu-net.ro\/wp-content\/uploads\/2025\/06\/WhatsApp-Video-2025-06-29-at-18.37.38.mp4\"><\/video><\/figure>\n\n\n\n<p>Vom continua interven\u021bia at\u00e2t timp c\u00e2t este necesar, pentru a elimina orice risc\u201d, au transmis, seara trecut\u0103, cei la ISU Giurgiu care, \u00een aceast\u0103 diminea\u0163\u0103 au revenit cu un mesaj:<\/p>\n\n\n\n<p>\u201eNe afl\u0103m, \u00een continuare, \u00een zona parcului industrial de la km 23 al A1, acolo unde, ieri dup\u0103-amiaz\u0103, a izbucnit un incendiu violent \u00eentr-o cl\u0103dire tip hal\u0103.<\/p>\n\n\n\n<p>Din cauza complexit\u0103\u021bii interven\u021biei \u0219i a suprafe\u021bei mari afectate, aproximativ 80.000 mp, opera\u021biunile de stingere continu\u0103 \u0219i \u00een aceast\u0103 diminea\u021b\u0103, \u00een interiorul cl\u0103dirii. Ard materiale combustibile, articole vestimentare, mase plastice \u0219i cartoane.<\/p>\n\n\n\n<p>La aceast\u0103 or\u0103, echipajele de interven\u021bie ac\u021bioneaz\u0103 pentru lichidarea ultimelor focare. Fl\u0103c\u0103rile s-au manifestat la nivelul acoperi\u0219ului unde erau montate panouri fotovoltaice, dar \u0219i \u00een interiorul depozitului.<\/p>\n\n\n\n<p>Pe tot parcursul interven\u021biei au fost mobilizate for\u021be de la ISU Giurgiu \u0219i ISU Bucure\u0219ti-Ilfov, cu 21 de autospeciale.<\/p>\n\n\n\n<p>Din cauza degaj\u0103rilor mari de fum, a fost emis un mesaj RO-ALERT pentru cet\u0103\u021benii din nou\u0103 localit\u0103\u021bi din jude\u021bele Giurgiu \u0219i Ilfov: Joi\u021ba, Bolintin-Deal, Bolintin-Vale, Flore\u0219ti-Stoene\u0219ti, Cosoba, S\u0103b\u0103reni, Ulmi, Ciorog\u00e2rla \u0219i Domne\u0219ti. Le-am recomandat oamenilor s\u0103 evite expunerea la fum, s\u0103 \u00eenchid\u0103 geamurile \u0219i s\u0103 limiteze deplas\u0103rile.<\/p>\n\n\n\n<p>Din fericire, nu au fost persoane surprinse \u00een cl\u0103dire \u0219i nu s-au \u00eenregistrat victime.<\/p>\n\n\n\n<p>Pompierii vor continua opera\u021biunile p\u00e2n\u0103 la lichidarea complet\u0103 a incendiului, iar la final vor face evalu\u0103ri privind pagubele produse\u201d, au mai anun\u0163at pompierii giurgiuveni.<\/p>\n\n\n\n<p>Foto\/Video: ISU Giurgiu<\/p>\n","protected":false},"excerpt":{"rendered":"<p>Ieri dup\u0103-amiaz\u0103, cei de la ISU Giurgiu au anun\u0163at c\u0103 pompierii intervin pentru stingerea unui incendiu izbucnit \u00eentr-o hal\u0103 din incinta unui parc logistic, pe A1 la km 23. \u201eIncendiul se manifest\u0103 cu degaj\u0103ri de fum, la nivelul acoperi\u0219ului, la panourile fotovoltaice \u0219i \u00een interiorul depozitului. La fa\u021ba locului s-au deplasat pompierii din cadrul Deta\u0219amentului [&hellip;]<\/p>\n","protected":false},"author":1,"featured_media":92014,"comment_status":"open","ping_status":"open","sticky":false,"template":"","format":"standard","meta":{"slim_seo":{"title":"FOTO\/VIDEO: Incendiu de propor\u0163ii la o hal\u0103 a unui parc logistic, pe A1. Pompierii giurgiuveni se lupt\u0103 cu fl\u0103c\u0103rile, de ieri dup\u0103-amiaz\u0103 - GIURGIU NET","description":"Ieri dup\u0103-amiaz\u0103, cei de la ISU Giurgiu au anun\u0163at c\u0103 pompierii intervin pentru stingerea unui incendiu izbucnit \u00eentr-o hal\u0103 din incinta unui parc logistic, pe"},"footnotes":""},"categories":[18,26],"tags":[1452],"class_list":{"0":"post-92011","1":"post","2":"type-post","3":"status-publish","4":"format-standard","5":"has-post-thumbnail","7":"category-actual","8":"category-soc","9":"tag-isu-giurgiu"},"_links":{"self":[{"href":"https:\/\/giurgiu-net.ro\/index.php\/wp-json\/wp\/v2\/posts\/92011","targetHints":{"allow":["GET"]}}],"collection":[{"href":"https:\/\/giurgiu-net.ro\/index.php\/wp-json\/wp\/v2\/posts"}],"about":[{"href":"https:\/\/giurgiu-net.ro\/index.php\/wp-json\/wp\/v2\/types\/post"}],"author":[{"embeddable":true,"href":"https:\/\/giurgiu-net.ro\/index.php\/wp-json\/wp\/v2\/users\/1"}],"replies":[{"embeddable":true,"href":"https:\/\/giurgiu-net.ro\/index.php\/wp-json\/wp\/v2\/comments?post=92011"}],"version-history":[{"count":0,"href":"https:\/\/giurgiu-net.ro\/index.php\/wp-json\/wp\/v2\/posts\/92011\/revisions"}],"wp:featuredmedia":[{"embeddable":true,"href":"https:\/\/giurgiu-net.ro\/index.php\/wp-json\/wp\/v2\/media\/92014"}],"wp:attachment":[{"href":"https:\/\/giurgiu-net.ro\/index.php\/wp-json\/wp\/v2\/media?parent=92011"}],"wp:term":[{"taxonomy":"category","embeddable":true,"href":"https:\/\/giurgiu-net.ro\/index.php\/wp-json\/wp\/v2\/categories?post=92011"},{"taxonomy":"post_tag","embeddable":true,"href":"https:\/\/giurgiu-net.ro\/index.php\/wp-json\/wp\/v2\/tags?post=92011"}],"curies":[{"name":"wp","href":"https:\/\/api.w.org\/{rel}","templated":true}]}}