{"id":91982,"date":"2025-06-26T08:57:16","date_gmt":"2025-06-26T05:57:16","guid":{"rendered":"https:\/\/giurgiu-net.ro\/?p=91982"},"modified":"2025-06-26T08:57:16","modified_gmt":"2025-06-26T05:57:16","slug":"o-soferita-s-a-rasturnat-cu-masina-in-frasinu-comuna-baneasa","status":"publish","type":"post","link":"https:\/\/giurgiu-net.ro\/index.php\/2025\/06\/26\/o-soferita-s-a-rasturnat-cu-masina-in-frasinu-comuna-baneasa\/","title":{"rendered":"O \u015foferi\u0163\u0103 s-a r\u0103sturnat cu ma\u015fina, \u00een Frasinu, comuna B\u0103neasa"},"content":{"rendered":"\n<p>O femeie a avut nevoie de \u00eengrijiri medicale \u00een urma unui accident rutier ce s-a produs, ieri sear\u0103, \u00een localitatea Frasinu, comuna B\u0103neasa. \u00cen eveniment a fost implicat un singur autoturism, g\u0103sit r\u0103sturnat \u00een afara p\u0103r\u021bii carosabile.<\/p>\n\n\n\n<p>La fa\u021ba locului s-au deplasat pompierii din cadrul Deta\u0219amentului Giurgiu, cu o autospecial\u0103 de stingere, o ambulan\u021b\u0103 SAJ \u0219i poli\u021bia.<\/p>\n\n\n\n<p>Femeia, \u00een v\u00e2rst\u0103 de 42 de ani, a fost preluat\u0103 de ambulan\u021b\u0103 \u0219i transportat\u0103 la Unitatea de Primiri Urgen\u021be. Pompierii au asigurat m\u0103surile de prevenire a incendiilor, iar cazul a r\u0103mas \u00een aten\u021bia Poli\u021biei pentru cercet\u0103ri.<\/p>\n\n\n\n<p>Comunicat \u015fi foto: ISU Giurgiu<\/p>\n","protected":false},"excerpt":{"rendered":"<p>O femeie a avut nevoie de \u00eengrijiri medicale \u00een urma unui accident rutier ce s-a produs, ieri sear\u0103, \u00een localitatea Frasinu, comuna B\u0103neasa. \u00cen eveniment a fost implicat un singur autoturism, g\u0103sit r\u0103sturnat \u00een afara p\u0103r\u021bii carosabile. La fa\u021ba locului s-au deplasat pompierii din cadrul Deta\u0219amentului Giurgiu, cu o autospecial\u0103 de stingere, o ambulan\u021b\u0103 SAJ [&hellip;]<\/p>\n","protected":false},"author":1,"featured_media":91983,"comment_status":"open","ping_status":"open","sticky":false,"template":"","format":"standard","meta":{"slim_seo":{"title":"O \u015foferi\u0163\u0103 s-a r\u0103sturnat cu ma\u015fina, \u00een Frasinu, comuna B\u0103neasa - GIURGIU NET","description":"O femeie a avut nevoie de \u00eengrijiri medicale \u00een urma unui accident rutier ce s-a produs, ieri sear\u0103, \u00een localitatea Frasinu, comuna B\u0103neasa. \u00cen eveniment a fost"},"footnotes":""},"categories":[18,26],"tags":[1452],"class_list":{"0":"post-91982","1":"post","2":"type-post","3":"status-publish","4":"format-standard","5":"has-post-thumbnail","7":"category-actual","8":"category-soc","9":"tag-isu-giurgiu"},"_links":{"self":[{"href":"https:\/\/giurgiu-net.ro\/index.php\/wp-json\/wp\/v2\/posts\/91982","targetHints":{"allow":["GET"]}}],"collection":[{"href":"https:\/\/giurgiu-net.ro\/index.php\/wp-json\/wp\/v2\/posts"}],"about":[{"href":"https:\/\/giurgiu-net.ro\/index.php\/wp-json\/wp\/v2\/types\/post"}],"author":[{"embeddable":true,"href":"https:\/\/giurgiu-net.ro\/index.php\/wp-json\/wp\/v2\/users\/1"}],"replies":[{"embeddable":true,"href":"https:\/\/giurgiu-net.ro\/index.php\/wp-json\/wp\/v2\/comments?post=91982"}],"version-history":[{"count":0,"href":"https:\/\/giurgiu-net.ro\/index.php\/wp-json\/wp\/v2\/posts\/91982\/revisions"}],"wp:featuredmedia":[{"embeddable":true,"href":"https:\/\/giurgiu-net.ro\/index.php\/wp-json\/wp\/v2\/media\/91983"}],"wp:attachment":[{"href":"https:\/\/giurgiu-net.ro\/index.php\/wp-json\/wp\/v2\/media?parent=91982"}],"wp:term":[{"taxonomy":"category","embeddable":true,"href":"https:\/\/giurgiu-net.ro\/index.php\/wp-json\/wp\/v2\/categories?post=91982"},{"taxonomy":"post_tag","embeddable":true,"href":"https:\/\/giurgiu-net.ro\/index.php\/wp-json\/wp\/v2\/tags?post=91982"}],"curies":[{"name":"wp","href":"https:\/\/api.w.org\/{rel}","templated":true}]}}