{"id":91786,"date":"2025-05-12T09:27:52","date_gmt":"2025-05-12T06:27:52","guid":{"rendered":"https:\/\/giurgiu-net.ro\/?p=91786"},"modified":"2025-05-12T09:28:05","modified_gmt":"2025-05-12T06:28:05","slug":"doua-accidente-grave-in-care-au-fost-implicate-motociclete-intr-o-singura-zi-la-giurgiu-un-barbat-de-42-de-ani-a-murit","status":"publish","type":"post","link":"https:\/\/giurgiu-net.ro\/index.php\/2025\/05\/12\/doua-accidente-grave-in-care-au-fost-implicate-motociclete-intr-o-singura-zi-la-giurgiu-un-barbat-de-42-de-ani-a-murit\/","title":{"rendered":"Dou\u0103 accidente grave, \u00een care au fost implicate motociclete, \u00eentr-o singur\u0103 zi, la Giurgiu. Un b\u0103rbat de 42 de ani a murit"},"content":{"rendered":"\n<p>Primul accident a avut loc duminic\u0103 diminea\u0163\u0103, \u00een localitatea Dealu.<\/p>\n\n\n\n<p>Pompierii giurgiuveni au anun\u0163at c\u0103, \u00een evenimentul rutier, a fost implicat\u0103 o motociclet\u0103, pe care se aflau dou\u0103 persoane.<\/p>\n\n\n\n<figure class=\"wp-block-image size-large\"><img loading=\"lazy\" decoding=\"async\" width=\"1024\" height=\"768\" src=\"https:\/\/giurgiu-net.ro\/wp-content\/uploads\/2025\/05\/bbff9e16-617b-479a-a244-8c0734290299-1024x768.jpg\" alt=\"Bbff9e16 617b 479a a244 8c0734290299\" class=\"wp-image-91787\" srcset=\"https:\/\/giurgiu-net.ro\/wp-content\/uploads\/2025\/05\/bbff9e16-617b-479a-a244-8c0734290299-1024x768.jpg 1024w, https:\/\/giurgiu-net.ro\/wp-content\/uploads\/2025\/05\/bbff9e16-617b-479a-a244-8c0734290299-300x225.jpg 300w, https:\/\/giurgiu-net.ro\/wp-content\/uploads\/2025\/05\/bbff9e16-617b-479a-a244-8c0734290299-768x576.jpg 768w, https:\/\/giurgiu-net.ro\/wp-content\/uploads\/2025\/05\/bbff9e16-617b-479a-a244-8c0734290299-1536x1152.jpg 1536w, https:\/\/giurgiu-net.ro\/wp-content\/uploads\/2025\/05\/bbff9e16-617b-479a-a244-8c0734290299-2048x1536.jpg 2048w, https:\/\/giurgiu-net.ro\/wp-content\/uploads\/2025\/05\/bbff9e16-617b-479a-a244-8c0734290299-696x522.jpg 696w, https:\/\/giurgiu-net.ro\/wp-content\/uploads\/2025\/05\/bbff9e16-617b-479a-a244-8c0734290299-1068x801.jpg 1068w, https:\/\/giurgiu-net.ro\/wp-content\/uploads\/2025\/05\/bbff9e16-617b-479a-a244-8c0734290299-1920x1440.jpg 1920w\" sizes=\"auto, (max-width: 1024px) 100vw, 1024px\" \/><\/figure>\n\n\n\n<p>\u201eLa fa\u021ba locului s-au deplasat pompierii din cadrul G\u0103rzii de Interven\u021bie Roata de Jos, cu o autospecial\u0103 de stingere \u0219i dou\u0103 ambulan\u021be SAJ. \u00cen sprijin, a fost solicitat elicopterul SMURD.<\/p>\n\n\n\n<p>Conduc\u0103torul motocicletei, un b\u0103rbat \u00een v\u00e2rst\u0103 de 42 ani, a murit, fiind declarat decesul acestuia la fa\u021ba locului.<\/p>\n\n\n\n<p>Pasagerul, un t\u00e2n\u0103r de 16 ani, a fost evaluat la fa\u021ba locului \u0219i a refuzat transportul la spital.<\/p>\n\n\n\n<p>Pompierii au asigurat m\u0103surile de prevenire a incendiilor, iar cazul a r\u0103mas \u00een aten\u021bia Poli\u021biei pentru cercet\u0103ri\u201d, a transmis ISU Giurgiu.<\/p>\n\n\n\n<p>C\u00e2teva ore mai t\u00e2rziu, un alt accident a avut loc, dar \u00een municipiul Giurgiu.<\/p>\n\n\n\n<figure class=\"wp-block-image size-large\"><img loading=\"lazy\" decoding=\"async\" width=\"1024\" height=\"1024\" src=\"https:\/\/giurgiu-net.ro\/wp-content\/uploads\/2025\/05\/2bbafbe9-8b08-447d-a1de-ad64a061e019-1024x1024.jpg\" alt=\"2bbafbe9 8b08 447d a1de ad64a061e019\" class=\"wp-image-91788\" srcset=\"https:\/\/giurgiu-net.ro\/wp-content\/uploads\/2025\/05\/2bbafbe9-8b08-447d-a1de-ad64a061e019-1024x1024.jpg 1024w, https:\/\/giurgiu-net.ro\/wp-content\/uploads\/2025\/05\/2bbafbe9-8b08-447d-a1de-ad64a061e019-300x300.jpg 300w, https:\/\/giurgiu-net.ro\/wp-content\/uploads\/2025\/05\/2bbafbe9-8b08-447d-a1de-ad64a061e019-150x150.jpg 150w, https:\/\/giurgiu-net.ro\/wp-content\/uploads\/2025\/05\/2bbafbe9-8b08-447d-a1de-ad64a061e019-768x768.jpg 768w, https:\/\/giurgiu-net.ro\/wp-content\/uploads\/2025\/05\/2bbafbe9-8b08-447d-a1de-ad64a061e019-1536x1536.jpg 1536w, https:\/\/giurgiu-net.ro\/wp-content\/uploads\/2025\/05\/2bbafbe9-8b08-447d-a1de-ad64a061e019-696x696.jpg 696w, https:\/\/giurgiu-net.ro\/wp-content\/uploads\/2025\/05\/2bbafbe9-8b08-447d-a1de-ad64a061e019-1068x1068.jpg 1068w, https:\/\/giurgiu-net.ro\/wp-content\/uploads\/2025\/05\/2bbafbe9-8b08-447d-a1de-ad64a061e019-1920x1920.jpg 1920w, https:\/\/giurgiu-net.ro\/wp-content\/uploads\/2025\/05\/2bbafbe9-8b08-447d-a1de-ad64a061e019.jpg 2048w\" sizes=\"auto, (max-width: 1024px) 100vw, 1024px\" \/><\/figure>\n\n\n\n<p>\u201eUn t\u00e2n\u0103r a avut nevoie de \u00eengrijiri medicale \u00een urma unui accident rutier ce s-a produs pe \u0219oseaua Bucure\u0219ti din municipiu. \u00cen eveniment au fost implicate un autoturism \u0219i o motociclet\u0103.<\/p>\n\n\n\n<p>La fa\u021ba locului s-au deplasat pompierii din cadrul Deta\u0219amentului Giurgiu, cu o autospecial\u0103 de stingere \u0219i o ambulan\u021b\u0103 SAJ.<\/p>\n\n\n\n<p>Motociclistul, \u00een v\u00e2rst\u0103 de 23 de ani, a fost preluat de ambulan\u021b\u0103 \u0219i transportat la spital. Conduc\u0103toarea auto nu a fost ranit\u0103.<\/p>\n\n\n\n<p>Pompierii au asigurat m\u0103surile de prevenire a incendiilor, iar cazul a r\u0103mas \u00een aten\u021bia Poli\u021biei pentru cercet\u0103ri\u201d, au anun\u0163at pompierii giurgiuveni.<\/p>\n\n\n\n<p>Foto: ISU Giurgiu<\/p>\n\n\n\n<p><\/p>\n","protected":false},"excerpt":{"rendered":"<p>Primul accident a avut loc duminic\u0103 diminea\u0163\u0103, \u00een localitatea Dealu. Pompierii giurgiuveni au anun\u0163at c\u0103, \u00een evenimentul rutier, a fost implicat\u0103 o motociclet\u0103, pe care se aflau dou\u0103 persoane. \u201eLa fa\u021ba locului s-au deplasat pompierii din cadrul G\u0103rzii de Interven\u021bie Roata de Jos, cu o autospecial\u0103 de stingere \u0219i dou\u0103 ambulan\u021be SAJ. \u00cen sprijin, a [&hellip;]<\/p>\n","protected":false},"author":1,"featured_media":91788,"comment_status":"open","ping_status":"open","sticky":false,"template":"","format":"standard","meta":{"slim_seo":{"title":"Dou\u0103 accidente grave, \u00een care au fost implicate motociclete, \u00eentr-o singur\u0103 zi, la Giurgiu. Un b\u0103rbat de 42 de ani a murit - GIURGIU NET","description":"Primul accident a avut loc duminic\u0103 diminea\u0163\u0103, \u00een localitatea Dealu. Pompierii giurgiuveni au anun\u0163at c\u0103, \u00een evenimentul rutier, a fost implicat\u0103 o motociclet\u0103,"},"footnotes":""},"categories":[18,26],"tags":[],"class_list":{"0":"post-91786","1":"post","2":"type-post","3":"status-publish","4":"format-standard","5":"has-post-thumbnail","7":"category-actual","8":"category-soc"},"_links":{"self":[{"href":"https:\/\/giurgiu-net.ro\/index.php\/wp-json\/wp\/v2\/posts\/91786","targetHints":{"allow":["GET"]}}],"collection":[{"href":"https:\/\/giurgiu-net.ro\/index.php\/wp-json\/wp\/v2\/posts"}],"about":[{"href":"https:\/\/giurgiu-net.ro\/index.php\/wp-json\/wp\/v2\/types\/post"}],"author":[{"embeddable":true,"href":"https:\/\/giurgiu-net.ro\/index.php\/wp-json\/wp\/v2\/users\/1"}],"replies":[{"embeddable":true,"href":"https:\/\/giurgiu-net.ro\/index.php\/wp-json\/wp\/v2\/comments?post=91786"}],"version-history":[{"count":0,"href":"https:\/\/giurgiu-net.ro\/index.php\/wp-json\/wp\/v2\/posts\/91786\/revisions"}],"wp:featuredmedia":[{"embeddable":true,"href":"https:\/\/giurgiu-net.ro\/index.php\/wp-json\/wp\/v2\/media\/91788"}],"wp:attachment":[{"href":"https:\/\/giurgiu-net.ro\/index.php\/wp-json\/wp\/v2\/media?parent=91786"}],"wp:term":[{"taxonomy":"category","embeddable":true,"href":"https:\/\/giurgiu-net.ro\/index.php\/wp-json\/wp\/v2\/categories?post=91786"},{"taxonomy":"post_tag","embeddable":true,"href":"https:\/\/giurgiu-net.ro\/index.php\/wp-json\/wp\/v2\/tags?post=91786"}],"curies":[{"name":"wp","href":"https:\/\/api.w.org\/{rel}","templated":true}]}}