{"id":91616,"date":"2025-03-17T20:17:51","date_gmt":"2025-03-17T18:17:51","guid":{"rendered":"https:\/\/giurgiu-net.ro\/?p=91616"},"modified":"2025-03-17T20:17:51","modified_gmt":"2025-03-17T18:17:51","slug":"tragedie-in-municipiul-giurgiu-un-copil-de-3-ani-a-murit-dupa-ce-a-cazut-de-la-etajul-7-al-unui-bloc-de-pe-sos-bucuresti","status":"publish","type":"post","link":"https:\/\/giurgiu-net.ro\/index.php\/2025\/03\/17\/tragedie-in-municipiul-giurgiu-un-copil-de-3-ani-a-murit-dupa-ce-a-cazut-de-la-etajul-7-al-unui-bloc-de-pe-sos-bucuresti\/","title":{"rendered":"Tragedie, \u00een municipiul Giurgiu. Un copil de 3 ani a murit, dup\u0103 ce a c\u0103zut de la etajul 7 al unui bloc de pe sos Bucure\u0219ti"},"content":{"rendered":"\n<p>Ast\u0103zi, 17 martie, ora 18.21, Poli\u021bia municipiului Giurgiu a fost sesizat\u0103 prin apel 112, de c\u0103tre o femeie, cu privire la faptul c\u0103 pe \u0219oseaua Bucure\u0219ti, l\u00e2ng\u0103 un imobil, se afl\u0103 un copil, \u00een stare de incon\u0219tien\u021b\u0103.<\/p>\n\n\n\n<p>Din primele cercet\u0103ri, a reie\u0219it faptul c\u0103, un minor, de 3 ani \u0219i 8 luni, ar fi c\u0103zut de la etajul 7 al unei locuin\u021be.<\/p>\n\n\n\n<p>Din nefericire, \u00een ciuda manevrelor de resuscitare efectuate de c\u0103tre personalul medical aflat la fa\u021ba locului, a fost constatat decesul acestuia.<\/p>\n\n\n\n<p>Cadavrul copilului a fost transportat la Serviciul Jude\u021bean de Medicin\u0103 Legal\u0103 Giurgiu, \u00een vederea efectu\u0103rii autopsiei.<\/p>\n\n\n\n<p>Poli\u021bi\u0219tii continu\u0103 cercet\u0103rile, pentru stabilirea tuturor cauzelor \u0219i \u00eemprejur\u0103rilor \u00een care a survenit decesul, sub coordonarea procurorului de caz din cadrul Parchetului de pe l\u00e2ng\u0103 Tribunalul Giurgiu.<\/p>\n\n\n\n<p>Comunocat de presa Poli\u021bia Giurgiu <\/p>\n","protected":false},"excerpt":{"rendered":"<p>Ast\u0103zi, 17 martie, ora 18.21, Poli\u021bia municipiului Giurgiu a fost sesizat\u0103 prin apel 112, de c\u0103tre o femeie, cu privire la faptul c\u0103 pe \u0219oseaua Bucure\u0219ti, l\u00e2ng\u0103 un imobil, se afl\u0103 un copil, \u00een stare de incon\u0219tien\u021b\u0103. Din primele cercet\u0103ri, a reie\u0219it faptul c\u0103, un minor, de 3 ani \u0219i 8 luni, ar fi c\u0103zut [&hellip;]<\/p>\n","protected":false},"author":1,"featured_media":68407,"comment_status":"open","ping_status":"open","sticky":false,"template":"","format":"standard","meta":{"slim_seo":{"title":"Tragedie, \u00een municipiul Giurgiu. Un copil de 3 ani a murit, dup\u0103 ce a c\u0103zut de la etajul 7 al unui bloc de pe sos Bucure\u0219ti - GIURGIU NET","description":"Ast\u0103zi, 17 martie, ora 18.21, Poli\u021bia municipiului Giurgiu a fost sesizat\u0103 prin apel 112, de c\u0103tre o femeie, cu privire la faptul c\u0103 pe \u0219oseaua Bucure\u0219ti, l\u00e2ng\u0103"},"footnotes":""},"categories":[1],"tags":[],"class_list":{"0":"post-91616","1":"post","2":"type-post","3":"status-publish","4":"format-standard","5":"has-post-thumbnail","7":"category-uncategorized"},"_links":{"self":[{"href":"https:\/\/giurgiu-net.ro\/index.php\/wp-json\/wp\/v2\/posts\/91616","targetHints":{"allow":["GET"]}}],"collection":[{"href":"https:\/\/giurgiu-net.ro\/index.php\/wp-json\/wp\/v2\/posts"}],"about":[{"href":"https:\/\/giurgiu-net.ro\/index.php\/wp-json\/wp\/v2\/types\/post"}],"author":[{"embeddable":true,"href":"https:\/\/giurgiu-net.ro\/index.php\/wp-json\/wp\/v2\/users\/1"}],"replies":[{"embeddable":true,"href":"https:\/\/giurgiu-net.ro\/index.php\/wp-json\/wp\/v2\/comments?post=91616"}],"version-history":[{"count":0,"href":"https:\/\/giurgiu-net.ro\/index.php\/wp-json\/wp\/v2\/posts\/91616\/revisions"}],"wp:featuredmedia":[{"embeddable":true,"href":"https:\/\/giurgiu-net.ro\/index.php\/wp-json\/wp\/v2\/media\/68407"}],"wp:attachment":[{"href":"https:\/\/giurgiu-net.ro\/index.php\/wp-json\/wp\/v2\/media?parent=91616"}],"wp:term":[{"taxonomy":"category","embeddable":true,"href":"https:\/\/giurgiu-net.ro\/index.php\/wp-json\/wp\/v2\/categories?post=91616"},{"taxonomy":"post_tag","embeddable":true,"href":"https:\/\/giurgiu-net.ro\/index.php\/wp-json\/wp\/v2\/tags?post=91616"}],"curies":[{"name":"wp","href":"https:\/\/api.w.org\/{rel}","templated":true}]}}