{"id":91602,"date":"2025-03-16T09:03:37","date_gmt":"2025-03-16T07:03:37","guid":{"rendered":"https:\/\/giurgiu-net.ro\/?p=91602"},"modified":"2025-03-16T09:03:38","modified_gmt":"2025-03-16T07:03:38","slug":"un-baiat-de-19-ani-a-murit-intr-un-accident-rutier-petrecut-la-fratesti","status":"publish","type":"post","link":"https:\/\/giurgiu-net.ro\/index.php\/2025\/03\/16\/un-baiat-de-19-ani-a-murit-intr-un-accident-rutier-petrecut-la-fratesti\/","title":{"rendered":"Un b\u0103iat de 19 ani a murit \u00eentr-un accident rutier petrecut la Fr\u0103te\u015fti"},"content":{"rendered":"\n<p>Un t\u00e2n\u0103r de 19 ani a murit \u015fi al\u0163i doi tineri au fost r\u0103ni\u0163i, \u00een urma unui accident rutier petrecut, noaptea trecut\u0103, pe DN 5 D, \u00een afara localit\u0103\u0163ii Fr\u0103te\u015fti, jude\u0163ul Giurgiu.<\/p>\n\n\n\n<p>Poli\u0163i\u015ftii giurgiuveni anun\u0163\u0103 c\u0103 un t\u00e2n\u0103r, de 24 de ani, din municipiul Giurgiu, \u00een timp ce conducea un autoturism, nu ar fi adaptat viteza de deplasare \u00eentr-o curb\u0103 la st\u00e2nga, r\u0103sturn\u00e2ndu-se \u00een afara p\u0103r\u021bii carosabile.<\/p>\n\n\n\n<p>\u201c\u00cen urma producerii evenimentului rutier, a rezultat r\u0103nirea conduc\u0103torului auto \u0219i a unei pasagere, de 16 ani \u0219i decesul unui t\u00e2n\u0103r, ocupant al locului din st\u00e2nga-spate al autoturismului. Persoanele r\u0103nite au fost transportate la spital, pentru acordarea de \u00eengrijiri medicale. Conduc\u0103torul auto a fost testat cu aparatele din dotare privind consumul de b\u0103uturi alcoolice \u0219i substan\u021be psihoactive, rezultatele fiind negative, fiindu-i recoltate probe biologice de s\u00e2nge la unitatea spitaliceasc\u0103\u201d, a transmis Poli\u0163ia Giurgiu.<\/p>\n\n\n\n<p>Cercet\u0103rile sunt continuate sub aspectul s\u0103v\u00e2r\u0219irii infrac\u021biunilor de v\u0103t\u0103mare corporal\u0103 din culp\u0103 \u0219i ucidere din culp\u0103.<\/p>\n","protected":false},"excerpt":{"rendered":"<p>Un t\u00e2n\u0103r de 19 ani a murit \u015fi al\u0163i doi tineri au fost r\u0103ni\u0163i, \u00een urma unui accident rutier petrecut, noaptea trecut\u0103, pe DN 5 D, \u00een afara localit\u0103\u0163ii Fr\u0103te\u015fti, jude\u0163ul Giurgiu. Poli\u0163i\u015ftii giurgiuveni anun\u0163\u0103 c\u0103 un t\u00e2n\u0103r, de 24 de ani, din municipiul Giurgiu, \u00een timp ce conducea un autoturism, nu ar fi adaptat [&hellip;]<\/p>\n","protected":false},"author":1,"featured_media":40145,"comment_status":"open","ping_status":"open","sticky":false,"template":"","format":"standard","meta":{"slim_seo":{"title":"Un b\u0103iat de 19 ani a murit \u00eentr-un accident rutier petrecut la Fr\u0103te\u015fti - GIURGIU NET","description":"Un t\u00e2n\u0103r de 19 ani a murit \u015fi al\u0163i doi tineri au fost r\u0103ni\u0163i, \u00een urma unui accident rutier petrecut, noaptea trecut\u0103, pe DN 5 D, \u00een afara localit\u0103\u0163ii Fr\u0103te\u015fti,"},"footnotes":""},"categories":[18,26],"tags":[],"class_list":{"0":"post-91602","1":"post","2":"type-post","3":"status-publish","4":"format-standard","5":"has-post-thumbnail","7":"category-actual","8":"category-soc"},"_links":{"self":[{"href":"https:\/\/giurgiu-net.ro\/index.php\/wp-json\/wp\/v2\/posts\/91602","targetHints":{"allow":["GET"]}}],"collection":[{"href":"https:\/\/giurgiu-net.ro\/index.php\/wp-json\/wp\/v2\/posts"}],"about":[{"href":"https:\/\/giurgiu-net.ro\/index.php\/wp-json\/wp\/v2\/types\/post"}],"author":[{"embeddable":true,"href":"https:\/\/giurgiu-net.ro\/index.php\/wp-json\/wp\/v2\/users\/1"}],"replies":[{"embeddable":true,"href":"https:\/\/giurgiu-net.ro\/index.php\/wp-json\/wp\/v2\/comments?post=91602"}],"version-history":[{"count":0,"href":"https:\/\/giurgiu-net.ro\/index.php\/wp-json\/wp\/v2\/posts\/91602\/revisions"}],"wp:featuredmedia":[{"embeddable":true,"href":"https:\/\/giurgiu-net.ro\/index.php\/wp-json\/wp\/v2\/media\/40145"}],"wp:attachment":[{"href":"https:\/\/giurgiu-net.ro\/index.php\/wp-json\/wp\/v2\/media?parent=91602"}],"wp:term":[{"taxonomy":"category","embeddable":true,"href":"https:\/\/giurgiu-net.ro\/index.php\/wp-json\/wp\/v2\/categories?post=91602"},{"taxonomy":"post_tag","embeddable":true,"href":"https:\/\/giurgiu-net.ro\/index.php\/wp-json\/wp\/v2\/tags?post=91602"}],"curies":[{"name":"wp","href":"https:\/\/api.w.org\/{rel}","templated":true}]}}