{"id":91600,"date":"2025-03-14T09:34:06","date_gmt":"2025-03-14T07:34:06","guid":{"rendered":"https:\/\/giurgiu-net.ro\/?p=91600"},"modified":"2025-03-14T09:34:07","modified_gmt":"2025-03-14T07:34:07","slug":"deputat-marian-mina-pensionarii-cu-venituri-mici-vor-primi-inainte-de-sarbatorile-pascale-prima-transa-din-sprijinul-financiar-de-la-guvern","status":"publish","type":"post","link":"https:\/\/giurgiu-net.ro\/index.php\/2025\/03\/14\/deputat-marian-mina-pensionarii-cu-venituri-mici-vor-primi-inainte-de-sarbatorile-pascale-prima-transa-din-sprijinul-financiar-de-la-guvern\/","title":{"rendered":"Deputat Marian Mina: &#8222;Pensionarii cu venituri mici vor primi, \u00eenainte de S\u0103rb\u0103torile Pascale, prima tran\u015f\u0103 din sprijinul financiar de la Guvern&#8221;"},"content":{"rendered":"\n<p>&#8222;Promisiune \u00eendeplinit\u0103!<br>Pensionarii cu venituri mici vor primi, \u00eenainte de S\u0103rb\u0103torile Pascale, prima tran\u015f\u0103 din sprijinul financiar de la Guvern.<br>Peste 2,6 milioane de v\u00e2rstnici cu venituri de p\u00e2n\u0103 \u00een 2.574 de lei vor primi, luna viitoare, 400 de lei \u00een plus la pensie. Cea de-a doua tran\u015f\u0103 din sprijinul financiar, tot de 400 de lei, va fi alocat\u0103 \u00een a doua parte a acestui an.<br><\/p>\n\n\n\n<p>Ast\u0103zi(13 martie 2025, n.r.), Guvernul Ciolacu a aprobat ajutorul financiar, dup\u0103 ce, \u00een februarie, a inclus \u00een Bugetul anului 2025 suma necesar\u0103 \u2013 2 miliarde de lei \u2013 \u015fi a aprobat modalitatea de repartizare sumelor pentru pensionarii cei mai vulnerabili.<br><\/p>\n\n\n\n<p>PSD a \u00eendeplinit, astfel, una dintre promisiunile importante din campania electoral\u0103 prin care s-a angajat c\u0103 va proteja pensionarii cu venituri mici, indiferent c\u00e2t de dificil va fi contextul economic&#8221;- pre\u015fedinte PSD Giurgiu, deputat Marian Mina.<\/p>\n","protected":false},"excerpt":{"rendered":"<p>&#8222;Promisiune \u00eendeplinit\u0103!Pensionarii cu venituri mici vor primi, \u00eenainte de S\u0103rb\u0103torile Pascale, prima tran\u015f\u0103 din sprijinul financiar de la Guvern.Peste 2,6 milioane de v\u00e2rstnici cu venituri de p\u00e2n\u0103 \u00een 2.574 de lei vor primi, luna viitoare, 400 de lei \u00een plus la pensie. Cea de-a doua tran\u015f\u0103 din sprijinul financiar, tot de 400 de lei, va [&hellip;]<\/p>\n","protected":false},"author":1,"featured_media":87858,"comment_status":"open","ping_status":"open","sticky":false,"template":"","format":"standard","meta":{"slim_seo":{"title":"Deputat Marian Mina: \"Pensionarii cu venituri mici vor primi, \u00eenainte de S\u0103rb\u0103torile Pascale, prima tran\u015f\u0103 din sprijinul financiar de la Guvern\" - GIURGIU NET","description":"\"Promisiune \u00eendeplinit\u0103! Pensionarii cu venituri mici vor primi, \u00eenainte de S\u0103rb\u0103torile Pascale, prima tran\u015f\u0103 din sprijinul financiar de la Guvern. Peste 2,6 mi"},"footnotes":""},"categories":[18,25,26],"tags":[],"class_list":{"0":"post-91600","1":"post","2":"type-post","3":"status-publish","4":"format-standard","5":"has-post-thumbnail","7":"category-actual","8":"category-pol","9":"category-soc"},"_links":{"self":[{"href":"https:\/\/giurgiu-net.ro\/index.php\/wp-json\/wp\/v2\/posts\/91600","targetHints":{"allow":["GET"]}}],"collection":[{"href":"https:\/\/giurgiu-net.ro\/index.php\/wp-json\/wp\/v2\/posts"}],"about":[{"href":"https:\/\/giurgiu-net.ro\/index.php\/wp-json\/wp\/v2\/types\/post"}],"author":[{"embeddable":true,"href":"https:\/\/giurgiu-net.ro\/index.php\/wp-json\/wp\/v2\/users\/1"}],"replies":[{"embeddable":true,"href":"https:\/\/giurgiu-net.ro\/index.php\/wp-json\/wp\/v2\/comments?post=91600"}],"version-history":[{"count":0,"href":"https:\/\/giurgiu-net.ro\/index.php\/wp-json\/wp\/v2\/posts\/91600\/revisions"}],"wp:featuredmedia":[{"embeddable":true,"href":"https:\/\/giurgiu-net.ro\/index.php\/wp-json\/wp\/v2\/media\/87858"}],"wp:attachment":[{"href":"https:\/\/giurgiu-net.ro\/index.php\/wp-json\/wp\/v2\/media?parent=91600"}],"wp:term":[{"taxonomy":"category","embeddable":true,"href":"https:\/\/giurgiu-net.ro\/index.php\/wp-json\/wp\/v2\/categories?post=91600"},{"taxonomy":"post_tag","embeddable":true,"href":"https:\/\/giurgiu-net.ro\/index.php\/wp-json\/wp\/v2\/tags?post=91600"}],"curies":[{"name":"wp","href":"https:\/\/api.w.org\/{rel}","templated":true}]}}