{"id":91597,"date":"2025-03-14T09:32:02","date_gmt":"2025-03-14T07:32:02","guid":{"rendered":"https:\/\/giurgiu-net.ro\/?p=91597"},"modified":"2025-03-14T09:32:02","modified_gmt":"2025-03-14T07:32:02","slug":"un-copac-smuls-de-vant-a-blocat-circulatia-intre-varlaam-si-adunatii-copaceni","status":"publish","type":"post","link":"https:\/\/giurgiu-net.ro\/index.php\/2025\/03\/14\/un-copac-smuls-de-vant-a-blocat-circulatia-intre-varlaam-si-adunatii-copaceni\/","title":{"rendered":"Un copac, smuls de v\u00e2nt, a blocat circula\u0163ia \u00eentre Varlaam \u015fi Aduna\u0163ii Cop\u0103ceni"},"content":{"rendered":"\n<p>Pe timpul codului portocaliu de vijelie, ieri, pompierii din cadrul Punctului de Lucru C\u0103lug\u0103reni au fost solicita\u021bi s\u0103 intervin\u0103 pe DN5A, \u00eentre localita\u021bile Varlaam \u0219i Aduna\u021bii Cop\u0103ceni. Un copac a fost smuls din r\u0103d\u0103cin\u0103, bloc\u00e2nd circula\u021bia. Ace\u0219tia au intervenit cu accesoriile speciale din dotarea autospecialei de pompieri pentru a \u00eendep\u0103rta copacul de pe partea carosabil\u0103.<\/p>\n\n\n\n<p>V\u0103 reamintim faptul c\u0103, p\u00e2n\u0103 la ora 22:00, jude\u021bul Giurgiu se afl\u0103 sub inciden\u021ba unui cod galben de v\u00e2nt. Potrivit meteorologilor, v\u00e2ntul va prezenta intensific\u0103ri cu viteze de 50-60 km\/h, local 65-70 km\/h. Pe alocuri, se vor semnala vijelii.<\/p>\n\n\n\n<p>Pentru a preveni situa\u021biile de urgen\u021b\u0103, recomand\u0103m cet\u0103\u021benilor respectarea urm\u0103toarelor m\u0103suri:<\/p>\n\n\n\n<p>\u2714 fi\u021bi pruden\u021bi atunci c\u00e2nd v\u0103 afla\u021bi pe strad\u0103 \u0219i evita\u021bi deplasarea \u00een zone cu panouri publicitare, copaci sau st\u00e2lpi de electricitate care ar putea fi dobor\u00e2\u021bi;<\/p>\n\n\n\n<p>\u2714 nu trece\u021bi prin dreptul cl\u0103dirilor aflate \u00een construc\u021bie sau care prezint\u0103 elemente arhitectonice ce pot fi smulse de v\u00e2nt \u0219i nu v\u0103 ad\u0103posti\u021bi aproape de construc\u021bii improvizate;<\/p>\n\n\n\n<p>\u2714 parca\u021bi autoturismele la distan\u021b\u0103 sigur\u0103 fa\u021b\u0103 de copaci sau st\u00e2lpi de electricitate;<\/p>\n\n\n\n<p>\u2714 \u00eendep\u0103rta\u021bi copacii sau ramurile uscate care, pe timpul unei furtuni, ar putea c\u0103dea \u015fi provoca victime sau pagube materiale;<\/p>\n\n\n\n<p>\u2714 nu atinge\u021bi firele c\u0103zute la p\u0103m\u00e2nt.<\/p>\n\n\n\n<p>\u00cen condi\u021bii de v\u00e2nt puternic, folosirea focului deschis \u00een gospod\u0103rii este foarte periculoas\u0103, fiind interzis\u0103. V\u00e2ntul poate propaga focul \u00eentr-un timp foarte scurt la locuin\u021be, anexe gospod\u0103re\u0219ti, p\u0103duri, re\u021bele de electricitate etc.<\/p>\n\n\n\n<p>\u00cen situa\u021bii de urgen\u021b\u0103, care v\u0103 pun \u00een pericol via\u021ba sau bunurile, suna\u021bi la 112!<\/p>\n\n\n\n<p>\u00cen continuare, pompierii militari r\u0103m\u00e2n mobiliza\u021bi, 24 de ore din 24, pentru gestionarea operativ\u0103 a situa\u0163iilor de urgen\u0163\u0103 \u015fi acordarea primului ajutor medical specializat persoanelor aflate \u00een dificultate.<\/p>\n\n\n\n<p>Evenimentele \u00eenregistrate la nivel jude\u021bean r\u0103m\u00e2n \u00een aten\u021bia Centrului Opera\u021bional, pentru dispunerea imediat\u0103 a m\u0103surilor menite s\u0103 asigure optimizarea misiunilor de r\u0103spuns orientate spre salvarea de vie\u021bi.<\/p>\n\n\n\n<p>Informa\u021bii despre modul de comportare \u00een cazul producerii unor situa\u021bii de urgen\u021b\u0103 pot fi ob\u021binute prin accesarea platformei na\u021bionale de preg\u0103tire \u00een situa\u021bii de urgen\u021b\u0103 <a href=\"https:\/\/fiipregatit.ro\">https:\/\/fiipregatit.ro<\/a>.<\/p>\n\n\n\n<p>Comunicat \u015fi foto: ISU Giurgiu<\/p>\n","protected":false},"excerpt":{"rendered":"<p>Pe timpul codului portocaliu de vijelie, ieri, pompierii din cadrul Punctului de Lucru C\u0103lug\u0103reni au fost solicita\u021bi s\u0103 intervin\u0103 pe DN5A, \u00eentre localita\u021bile Varlaam \u0219i Aduna\u021bii Cop\u0103ceni. Un copac a fost smuls din r\u0103d\u0103cin\u0103, bloc\u00e2nd circula\u021bia. Ace\u0219tia au intervenit cu accesoriile speciale din dotarea autospecialei de pompieri pentru a \u00eendep\u0103rta copacul de pe partea carosabil\u0103. [&hellip;]<\/p>\n","protected":false},"author":1,"featured_media":91598,"comment_status":"open","ping_status":"open","sticky":false,"template":"","format":"standard","meta":{"slim_seo":{"title":"Un copac, smuls de v\u00e2nt, a blocat circula\u0163ia \u00eentre Varlaam \u015fi Aduna\u0163ii Cop\u0103ceni - GIURGIU NET","description":"Pe timpul codului portocaliu de vijelie, ieri, pompierii din cadrul Punctului de Lucru C\u0103lug\u0103reni au fost solicita\u021bi s\u0103 intervin\u0103 pe DN5A, \u00eentre localita\u021bile Va"},"footnotes":""},"categories":[18,26],"tags":[1452],"class_list":{"0":"post-91597","1":"post","2":"type-post","3":"status-publish","4":"format-standard","5":"has-post-thumbnail","7":"category-actual","8":"category-soc","9":"tag-isu-giurgiu"},"_links":{"self":[{"href":"https:\/\/giurgiu-net.ro\/index.php\/wp-json\/wp\/v2\/posts\/91597","targetHints":{"allow":["GET"]}}],"collection":[{"href":"https:\/\/giurgiu-net.ro\/index.php\/wp-json\/wp\/v2\/posts"}],"about":[{"href":"https:\/\/giurgiu-net.ro\/index.php\/wp-json\/wp\/v2\/types\/post"}],"author":[{"embeddable":true,"href":"https:\/\/giurgiu-net.ro\/index.php\/wp-json\/wp\/v2\/users\/1"}],"replies":[{"embeddable":true,"href":"https:\/\/giurgiu-net.ro\/index.php\/wp-json\/wp\/v2\/comments?post=91597"}],"version-history":[{"count":0,"href":"https:\/\/giurgiu-net.ro\/index.php\/wp-json\/wp\/v2\/posts\/91597\/revisions"}],"wp:featuredmedia":[{"embeddable":true,"href":"https:\/\/giurgiu-net.ro\/index.php\/wp-json\/wp\/v2\/media\/91598"}],"wp:attachment":[{"href":"https:\/\/giurgiu-net.ro\/index.php\/wp-json\/wp\/v2\/media?parent=91597"}],"wp:term":[{"taxonomy":"category","embeddable":true,"href":"https:\/\/giurgiu-net.ro\/index.php\/wp-json\/wp\/v2\/categories?post=91597"},{"taxonomy":"post_tag","embeddable":true,"href":"https:\/\/giurgiu-net.ro\/index.php\/wp-json\/wp\/v2\/tags?post=91597"}],"curies":[{"name":"wp","href":"https:\/\/api.w.org\/{rel}","templated":true}]}}