{"id":91309,"date":"2025-02-07T10:27:04","date_gmt":"2025-02-07T08:27:04","guid":{"rendered":"https:\/\/giurgiu-net.ro\/?p=91309"},"modified":"2025-02-07T10:27:31","modified_gmt":"2025-02-07T08:27:31","slug":"deputat-marian-mina-250-de-milioane-de-euro-pentru-fabrici-de-procesare-a-materiilor-prime-agricole-din-romania","status":"publish","type":"post","link":"https:\/\/giurgiu-net.ro\/index.php\/2025\/02\/07\/deputat-marian-mina-250-de-milioane-de-euro-pentru-fabrici-de-procesare-a-materiilor-prime-agricole-din-romania\/","title":{"rendered":"Deputat Marian Mina: &#8222;Ministerul Agriculturii a alocat alte 250 de milioane de euro, pentru fabrici de procesare a materiilor prime agricole din Rom\u00e2nia&#8221;"},"content":{"rendered":"\n<p>&#8222;Sus\u0163inem produc\u0103torii autohtoni!<\/p>\n\n\n\n<p>Ministerul Agriculturii a suplimentat cu aproape 250 de milioane de euro programul de construire sau modernizare \/dezvoltare a fabricilor de procesare a materiilor prime agricole din Rom\u00e2nia.<\/p>\n\n\n\n<p>\u00cen acest program au fost depuse 420 de proiecte de finan\u021bare, cu o valoare total\u0103 de 1,1 miliarde de euro. Dup\u0103 suplimentarea aprobat\u0103, valoarea total\u0103 a contractelor finan\u021bate&nbsp;se ridic\u0103 la 621&nbsp;de milioane de euro.<\/p>\n\n\n\n<p>Investi\u021biile vor fi f\u0103cute in fabrici de prelucrare a c\u0103rnii, de mor\u0103rit \u0219i panifica\u021bie, \u00een fabrici de ulei, procesare \u0219i condi\u021bionare cartofi, conservarea legumelor sau procesarea zah\u0103rului.<\/p>\n\n\n\n<p>\u00cen cur\u00e2nd, va \u00eencepe construc\u021bia a 19 fabrici noi, dar \u0219i modernizarea unora existente.<\/p>\n\n\n\n<p>Guvernul Ciolacu consolideaz\u0103, astfel, un program de investi\u021bii majore, menit s\u0103 asigure mai mult\u0103 m\u00e2ncare rom\u00e2neasc\u0103, produs\u0103 din materii prime rom\u00e2ne\u0219ti, \u00een unit\u0103\u021bi de produc\u021bie din Rom\u00e2nia&#8221;- pre\u015fedinte PSD Giurgiu, deputat Marian Mina.<\/p>\n","protected":false},"excerpt":{"rendered":"<p>&#8222;Sus\u0163inem produc\u0103torii autohtoni! Ministerul Agriculturii a suplimentat cu aproape 250 de milioane de euro programul de construire sau modernizare \/dezvoltare a fabricilor de procesare a materiilor prime agricole din Rom\u00e2nia. \u00cen acest program au fost depuse 420 de proiecte de finan\u021bare, cu o valoare total\u0103 de 1,1 miliarde de euro. Dup\u0103 suplimentarea aprobat\u0103, valoarea total\u0103 [&hellip;]<\/p>\n","protected":false},"author":1,"featured_media":82658,"comment_status":"open","ping_status":"open","sticky":false,"template":"","format":"standard","meta":{"slim_seo":{"title":"Deputat Marian Mina: \"Ministerul Agriculturii a alocat alte 250 de milioane de euro, pentru fabrici de procesare a materiilor prime agricole din Rom\u00e2nia\" - GIURGIU NET","description":"\"Sus\u0163inem produc\u0103torii autohtoni! Ministerul Agriculturii a suplimentat cu aproape 250 de milioane de euro programul de construire sau modernizare \/dezvoltare a"},"footnotes":""},"categories":[18,19,25],"tags":[],"class_list":{"0":"post-91309","1":"post","2":"type-post","3":"status-publish","4":"format-standard","5":"has-post-thumbnail","7":"category-actual","8":"category-adm","9":"category-pol"},"_links":{"self":[{"href":"https:\/\/giurgiu-net.ro\/index.php\/wp-json\/wp\/v2\/posts\/91309","targetHints":{"allow":["GET"]}}],"collection":[{"href":"https:\/\/giurgiu-net.ro\/index.php\/wp-json\/wp\/v2\/posts"}],"about":[{"href":"https:\/\/giurgiu-net.ro\/index.php\/wp-json\/wp\/v2\/types\/post"}],"author":[{"embeddable":true,"href":"https:\/\/giurgiu-net.ro\/index.php\/wp-json\/wp\/v2\/users\/1"}],"replies":[{"embeddable":true,"href":"https:\/\/giurgiu-net.ro\/index.php\/wp-json\/wp\/v2\/comments?post=91309"}],"version-history":[{"count":0,"href":"https:\/\/giurgiu-net.ro\/index.php\/wp-json\/wp\/v2\/posts\/91309\/revisions"}],"wp:featuredmedia":[{"embeddable":true,"href":"https:\/\/giurgiu-net.ro\/index.php\/wp-json\/wp\/v2\/media\/82658"}],"wp:attachment":[{"href":"https:\/\/giurgiu-net.ro\/index.php\/wp-json\/wp\/v2\/media?parent=91309"}],"wp:term":[{"taxonomy":"category","embeddable":true,"href":"https:\/\/giurgiu-net.ro\/index.php\/wp-json\/wp\/v2\/categories?post=91309"},{"taxonomy":"post_tag","embeddable":true,"href":"https:\/\/giurgiu-net.ro\/index.php\/wp-json\/wp\/v2\/tags?post=91309"}],"curies":[{"name":"wp","href":"https:\/\/api.w.org\/{rel}","templated":true}]}}