{"id":90697,"date":"2024-10-19T06:30:36","date_gmt":"2024-10-19T03:30:36","guid":{"rendered":"https:\/\/giurgiu-net.ro\/?p=90697"},"modified":"2024-10-19T06:30:37","modified_gmt":"2024-10-19T03:30:37","slug":"foto-psd-giurgiu-alaturi-de-primari-la-ceremoniile-de-investire-in-functie-in-malu-gaujani-slobozia-comana-si-isvoarele","status":"publish","type":"post","link":"https:\/\/giurgiu-net.ro\/index.php\/2024\/10\/19\/foto-psd-giurgiu-alaturi-de-primari-la-ceremoniile-de-investire-in-functie-in-malu-gaujani-slobozia-comana-si-isvoarele\/","title":{"rendered":"FOTO: PSD Giurgiu, al\u0103turi de primari, la ceremoniile de \u00eenvestire \u00een func\u0163ie \u00een Malu, G\u0103ujani, Slobozia, Comana \u015fi Isvoarele"},"content":{"rendered":"\n<p class=\"wp-block-paragraph\">Conducerea PSD Giurgiu, parlamentari, candida\u0163i \u015fi zeci de sus\u0163in\u0103tori au participat, joi \u015fi vineri, la ceremoniile de \u00eenvestire(sau re\u00eenvestire) \u00een func\u0163ie a primarilor social-democra\u0163i, precum \u015fi de constituire a noilor consilii locale din Malu, Slobozia, G\u0103ujani, Comana \u015fi Isvoarele.<\/p>\n\n\n\n<p class=\"wp-block-paragraph\">La Malu, noul primar al comunei este <strong>Florin Urucu<\/strong>. <\/p>\n\n\n\n<figure class=\"wp-block-gallery has-nested-images columns-2 is-cropped wp-block-gallery-1 is-layout-flex wp-block-gallery-is-layout-flex\">\n<figure class=\"wp-block-image size-large\"><img loading=\"lazy\" decoding=\"async\" width=\"800\" height=\"514\" data-id=\"90699\" src=\"https:\/\/giurgiu-net.ro\/wp-content\/uploads\/2024\/10\/DSC00591.jpg\" alt=\"Dsc00591\" class=\"wp-image-90699\" srcset=\"https:\/\/giurgiu-net.ro\/wp-content\/uploads\/2024\/10\/DSC00591.jpg 800w, https:\/\/giurgiu-net.ro\/wp-content\/uploads\/2024\/10\/DSC00591-300x193.jpg 300w, https:\/\/giurgiu-net.ro\/wp-content\/uploads\/2024\/10\/DSC00591-768x493.jpg 768w, https:\/\/giurgiu-net.ro\/wp-content\/uploads\/2024\/10\/DSC00591-696x447.jpg 696w\" sizes=\"auto, (max-width: 800px) 100vw, 800px\" \/><\/figure>\n\n\n\n<figure class=\"wp-block-image size-large\"><img loading=\"lazy\" decoding=\"async\" width=\"800\" height=\"501\" data-id=\"90704\" src=\"https:\/\/giurgiu-net.ro\/wp-content\/uploads\/2024\/10\/DSC00616.jpg\" alt=\"Dsc00616\" class=\"wp-image-90704\" srcset=\"https:\/\/giurgiu-net.ro\/wp-content\/uploads\/2024\/10\/DSC00616.jpg 800w, https:\/\/giurgiu-net.ro\/wp-content\/uploads\/2024\/10\/DSC00616-300x188.jpg 300w, https:\/\/giurgiu-net.ro\/wp-content\/uploads\/2024\/10\/DSC00616-768x481.jpg 768w, https:\/\/giurgiu-net.ro\/wp-content\/uploads\/2024\/10\/DSC00616-696x436.jpg 696w\" sizes=\"auto, (max-width: 800px) 100vw, 800px\" \/><\/figure>\n\n\n\n<figure class=\"wp-block-image size-large\"><img loading=\"lazy\" decoding=\"async\" width=\"800\" height=\"463\" data-id=\"90703\" src=\"https:\/\/giurgiu-net.ro\/wp-content\/uploads\/2024\/10\/DSC00632.jpg\" alt=\"Dsc00632\" class=\"wp-image-90703\" srcset=\"https:\/\/giurgiu-net.ro\/wp-content\/uploads\/2024\/10\/DSC00632.jpg 800w, https:\/\/giurgiu-net.ro\/wp-content\/uploads\/2024\/10\/DSC00632-300x174.jpg 300w, https:\/\/giurgiu-net.ro\/wp-content\/uploads\/2024\/10\/DSC00632-768x444.jpg 768w, https:\/\/giurgiu-net.ro\/wp-content\/uploads\/2024\/10\/DSC00632-696x403.jpg 696w\" sizes=\"auto, (max-width: 800px) 100vw, 800px\" \/><\/figure>\n\n\n\n<figure class=\"wp-block-image size-large\"><img loading=\"lazy\" decoding=\"async\" width=\"800\" height=\"534\" data-id=\"90700\" src=\"https:\/\/giurgiu-net.ro\/wp-content\/uploads\/2024\/10\/DSC00688.jpg\" alt=\"Dsc00688\" class=\"wp-image-90700\" srcset=\"https:\/\/giurgiu-net.ro\/wp-content\/uploads\/2024\/10\/DSC00688.jpg 800w, https:\/\/giurgiu-net.ro\/wp-content\/uploads\/2024\/10\/DSC00688-300x200.jpg 300w, https:\/\/giurgiu-net.ro\/wp-content\/uploads\/2024\/10\/DSC00688-768x513.jpg 768w, https:\/\/giurgiu-net.ro\/wp-content\/uploads\/2024\/10\/DSC00688-696x465.jpg 696w\" sizes=\"auto, (max-width: 800px) 100vw, 800px\" \/><\/figure>\n\n\n\n<figure class=\"wp-block-image size-large\"><img loading=\"lazy\" decoding=\"async\" width=\"800\" height=\"534\" data-id=\"90698\" src=\"https:\/\/giurgiu-net.ro\/wp-content\/uploads\/2024\/10\/DSC00694.jpg\" alt=\"Dsc00694\" class=\"wp-image-90698\" srcset=\"https:\/\/giurgiu-net.ro\/wp-content\/uploads\/2024\/10\/DSC00694.jpg 800w, https:\/\/giurgiu-net.ro\/wp-content\/uploads\/2024\/10\/DSC00694-300x200.jpg 300w, https:\/\/giurgiu-net.ro\/wp-content\/uploads\/2024\/10\/DSC00694-768x513.jpg 768w, https:\/\/giurgiu-net.ro\/wp-content\/uploads\/2024\/10\/DSC00694-696x465.jpg 696w\" sizes=\"auto, (max-width: 800px) 100vw, 800px\" \/><\/figure>\n\n\n\n<figure class=\"wp-block-image size-large\"><img loading=\"lazy\" decoding=\"async\" width=\"800\" height=\"582\" data-id=\"90701\" src=\"https:\/\/giurgiu-net.ro\/wp-content\/uploads\/2024\/10\/DSC00700.jpg\" alt=\"Dsc00700\" class=\"wp-image-90701\" srcset=\"https:\/\/giurgiu-net.ro\/wp-content\/uploads\/2024\/10\/DSC00700.jpg 800w, https:\/\/giurgiu-net.ro\/wp-content\/uploads\/2024\/10\/DSC00700-300x218.jpg 300w, https:\/\/giurgiu-net.ro\/wp-content\/uploads\/2024\/10\/DSC00700-768x559.jpg 768w, https:\/\/giurgiu-net.ro\/wp-content\/uploads\/2024\/10\/DSC00700-696x506.jpg 696w\" sizes=\"auto, (max-width: 800px) 100vw, 800px\" \/><\/figure>\n\n\n\n<figure class=\"wp-block-image size-large\"><img loading=\"lazy\" decoding=\"async\" width=\"800\" height=\"489\" data-id=\"90702\" src=\"https:\/\/giurgiu-net.ro\/wp-content\/uploads\/2024\/10\/DSC00710.jpg\" alt=\"Dsc00710\" class=\"wp-image-90702\" srcset=\"https:\/\/giurgiu-net.ro\/wp-content\/uploads\/2024\/10\/DSC00710.jpg 800w, https:\/\/giurgiu-net.ro\/wp-content\/uploads\/2024\/10\/DSC00710-300x183.jpg 300w, https:\/\/giurgiu-net.ro\/wp-content\/uploads\/2024\/10\/DSC00710-768x469.jpg 768w, https:\/\/giurgiu-net.ro\/wp-content\/uploads\/2024\/10\/DSC00710-696x425.jpg 696w\" sizes=\"auto, (max-width: 800px) 100vw, 800px\" \/><\/figure>\n<\/figure>\n\n\n\n<p class=\"wp-block-paragraph\">Pre\u015fedintele PSD Giurgiu, <strong>Marian Mina<\/strong>, candidat pentru un nou mandat de deputat: &#8222;<em>Florin Urucu este un om care a demonstrat c\u0103: dac\u0103 vrei, po\u0163i! \u015fi va fi, f\u0103r\u0103 \u00eendoial\u0103, unul dintre cei mai buni primari ai jude\u0163ului Giurgiu, cu multe mandate de succes, de acum \u00eenainte. Felicit\u0103ri, Florin, eu \u015fi echipa PSD Giurgiu suntem l\u00e2ng\u0103 tine!<\/em>&#8222;<\/p>\n\n\n\n<p class=\"wp-block-paragraph\">La G\u0103ujani, noul primar este social-democratul <strong>Ionel Ciocan<\/strong>. &#8222;Sunt convins c\u0103 Ionel Ciocan \u015fi echipa sa vor reu\u015fi s\u0103 implementeze proiecte importante pentru dezvoltarea comunei G\u0103ujani \u015fi \u00eei asigur de \u00eentreg sprijinul nostru! Felicit\u0103ri \u015fi mult succes, Ionel Ciocan!&#8221;, spune pre\u015fedintele PSD Giurgiu, <strong>Marian Mina<\/strong>.<\/p>\n\n\n\n<figure class=\"wp-block-gallery has-nested-images columns-2 is-cropped wp-block-gallery-2 is-layout-flex wp-block-gallery-is-layout-flex\">\n<figure class=\"wp-block-image size-large\"><img loading=\"lazy\" decoding=\"async\" width=\"800\" height=\"474\" data-id=\"90705\" src=\"https:\/\/giurgiu-net.ro\/wp-content\/uploads\/2024\/10\/DSC00735.jpg\" alt=\"Dsc00735\" class=\"wp-image-90705\" srcset=\"https:\/\/giurgiu-net.ro\/wp-content\/uploads\/2024\/10\/DSC00735.jpg 800w, https:\/\/giurgiu-net.ro\/wp-content\/uploads\/2024\/10\/DSC00735-300x178.jpg 300w, https:\/\/giurgiu-net.ro\/wp-content\/uploads\/2024\/10\/DSC00735-768x455.jpg 768w, https:\/\/giurgiu-net.ro\/wp-content\/uploads\/2024\/10\/DSC00735-696x412.jpg 696w\" sizes=\"auto, (max-width: 800px) 100vw, 800px\" \/><\/figure>\n\n\n\n<figure class=\"wp-block-image size-large\"><img loading=\"lazy\" decoding=\"async\" width=\"800\" height=\"534\" data-id=\"90707\" src=\"https:\/\/giurgiu-net.ro\/wp-content\/uploads\/2024\/10\/DSC00741.jpg\" alt=\"Dsc00741\" class=\"wp-image-90707\" srcset=\"https:\/\/giurgiu-net.ro\/wp-content\/uploads\/2024\/10\/DSC00741.jpg 800w, https:\/\/giurgiu-net.ro\/wp-content\/uploads\/2024\/10\/DSC00741-300x200.jpg 300w, https:\/\/giurgiu-net.ro\/wp-content\/uploads\/2024\/10\/DSC00741-768x513.jpg 768w, https:\/\/giurgiu-net.ro\/wp-content\/uploads\/2024\/10\/DSC00741-696x465.jpg 696w\" sizes=\"auto, (max-width: 800px) 100vw, 800px\" \/><\/figure>\n\n\n\n<figure class=\"wp-block-image size-large\"><img loading=\"lazy\" decoding=\"async\" width=\"800\" height=\"534\" data-id=\"90709\" src=\"https:\/\/giurgiu-net.ro\/wp-content\/uploads\/2024\/10\/DSC00746.jpg\" alt=\"Dsc00746\" class=\"wp-image-90709\" srcset=\"https:\/\/giurgiu-net.ro\/wp-content\/uploads\/2024\/10\/DSC00746.jpg 800w, https:\/\/giurgiu-net.ro\/wp-content\/uploads\/2024\/10\/DSC00746-300x200.jpg 300w, https:\/\/giurgiu-net.ro\/wp-content\/uploads\/2024\/10\/DSC00746-768x513.jpg 768w, https:\/\/giurgiu-net.ro\/wp-content\/uploads\/2024\/10\/DSC00746-696x465.jpg 696w\" sizes=\"auto, (max-width: 800px) 100vw, 800px\" \/><\/figure>\n\n\n\n<figure class=\"wp-block-image size-large\"><img loading=\"lazy\" decoding=\"async\" width=\"800\" height=\"534\" data-id=\"90706\" src=\"https:\/\/giurgiu-net.ro\/wp-content\/uploads\/2024\/10\/DSC00751.jpg\" alt=\"Dsc00751\" class=\"wp-image-90706\" srcset=\"https:\/\/giurgiu-net.ro\/wp-content\/uploads\/2024\/10\/DSC00751.jpg 800w, https:\/\/giurgiu-net.ro\/wp-content\/uploads\/2024\/10\/DSC00751-300x200.jpg 300w, https:\/\/giurgiu-net.ro\/wp-content\/uploads\/2024\/10\/DSC00751-768x513.jpg 768w, https:\/\/giurgiu-net.ro\/wp-content\/uploads\/2024\/10\/DSC00751-696x465.jpg 696w\" sizes=\"auto, (max-width: 800px) 100vw, 800px\" \/><\/figure>\n\n\n\n<figure class=\"wp-block-image size-large\"><img loading=\"lazy\" decoding=\"async\" width=\"800\" height=\"534\" data-id=\"90710\" src=\"https:\/\/giurgiu-net.ro\/wp-content\/uploads\/2024\/10\/DSC00773.jpg\" alt=\"Dsc00773\" class=\"wp-image-90710\" srcset=\"https:\/\/giurgiu-net.ro\/wp-content\/uploads\/2024\/10\/DSC00773.jpg 800w, https:\/\/giurgiu-net.ro\/wp-content\/uploads\/2024\/10\/DSC00773-300x200.jpg 300w, https:\/\/giurgiu-net.ro\/wp-content\/uploads\/2024\/10\/DSC00773-768x513.jpg 768w, https:\/\/giurgiu-net.ro\/wp-content\/uploads\/2024\/10\/DSC00773-696x465.jpg 696w\" sizes=\"auto, (max-width: 800px) 100vw, 800px\" \/><\/figure>\n\n\n\n<figure class=\"wp-block-image size-large\"><img loading=\"lazy\" decoding=\"async\" width=\"800\" height=\"561\" data-id=\"90708\" src=\"https:\/\/giurgiu-net.ro\/wp-content\/uploads\/2024\/10\/DSC00787.jpg\" alt=\"Dsc00787\" class=\"wp-image-90708\" srcset=\"https:\/\/giurgiu-net.ro\/wp-content\/uploads\/2024\/10\/DSC00787.jpg 800w, https:\/\/giurgiu-net.ro\/wp-content\/uploads\/2024\/10\/DSC00787-300x210.jpg 300w, https:\/\/giurgiu-net.ro\/wp-content\/uploads\/2024\/10\/DSC00787-768x539.jpg 768w, https:\/\/giurgiu-net.ro\/wp-content\/uploads\/2024\/10\/DSC00787-696x488.jpg 696w\" sizes=\"auto, (max-width: 800px) 100vw, 800px\" \/><\/figure>\n<\/figure>\n\n\n\n<p class=\"wp-block-paragraph\">La Slobozia a fost ales \u00een func\u0163ia de primar, pentru al 3-lea mandat, social-democratul <strong>Florin Urucu<\/strong>, despre care pre\u015fedintele PSD Giurgiu, <strong>Marian Mina<\/strong> spune: &#8222;<em>Faptele vorbesc pentru primarul social-democrat Florin Gheonu \u015fi pentru echipa sa de la Prim\u0103ria Slobozia. Re\u00eenvestirea sa \u00een func\u0163ie, pentru al 3-lea mandat, este dovada c\u0103 \u015fi-a respectat promisiunile f\u0103cute oamenilor. Asta \u00eenseamn\u0103 s\u0103 fii un primar gospodar \u015fi implicat, s\u0103 fii un om c\u0103ruia \u00eei pas\u0103 cu adev\u0103rat de comunitatea sa! Astfel, \u015ftiu c\u0103 Florin Gheonu va duce la bun sf\u00e2r\u015fit toate proiectele pe care \u015fi le-a propus, astfel \u00eenc\u00e2t Slobozia s\u0103 fie una dintre cele mai dezvoltate comune din jude\u0163ul Giurgiu<\/em>&#8222;.<\/p>\n\n\n\n<figure class=\"wp-block-gallery has-nested-images columns-2 is-cropped wp-block-gallery-3 is-layout-flex wp-block-gallery-is-layout-flex\">\n<figure class=\"wp-block-image size-large\"><img loading=\"lazy\" decoding=\"async\" width=\"800\" height=\"455\" data-id=\"90711\" src=\"https:\/\/giurgiu-net.ro\/wp-content\/uploads\/2024\/10\/DSC00798.jpg\" alt=\"Dsc00798\" class=\"wp-image-90711\" srcset=\"https:\/\/giurgiu-net.ro\/wp-content\/uploads\/2024\/10\/DSC00798.jpg 800w, https:\/\/giurgiu-net.ro\/wp-content\/uploads\/2024\/10\/DSC00798-300x171.jpg 300w, https:\/\/giurgiu-net.ro\/wp-content\/uploads\/2024\/10\/DSC00798-768x437.jpg 768w, https:\/\/giurgiu-net.ro\/wp-content\/uploads\/2024\/10\/DSC00798-696x396.jpg 696w\" sizes=\"auto, (max-width: 800px) 100vw, 800px\" \/><\/figure>\n\n\n\n<figure class=\"wp-block-image size-large\"><img loading=\"lazy\" decoding=\"async\" width=\"800\" height=\"448\" data-id=\"90712\" src=\"https:\/\/giurgiu-net.ro\/wp-content\/uploads\/2024\/10\/DSC00803.jpg\" alt=\"Dsc00803\" class=\"wp-image-90712\" srcset=\"https:\/\/giurgiu-net.ro\/wp-content\/uploads\/2024\/10\/DSC00803.jpg 800w, https:\/\/giurgiu-net.ro\/wp-content\/uploads\/2024\/10\/DSC00803-300x168.jpg 300w, https:\/\/giurgiu-net.ro\/wp-content\/uploads\/2024\/10\/DSC00803-768x430.jpg 768w, https:\/\/giurgiu-net.ro\/wp-content\/uploads\/2024\/10\/DSC00803-696x390.jpg 696w\" sizes=\"auto, (max-width: 800px) 100vw, 800px\" \/><\/figure>\n\n\n\n<figure class=\"wp-block-image size-large\"><img loading=\"lazy\" decoding=\"async\" width=\"800\" height=\"534\" data-id=\"90714\" src=\"https:\/\/giurgiu-net.ro\/wp-content\/uploads\/2024\/10\/DSC00815.jpg\" alt=\"Dsc00815\" class=\"wp-image-90714\" srcset=\"https:\/\/giurgiu-net.ro\/wp-content\/uploads\/2024\/10\/DSC00815.jpg 800w, https:\/\/giurgiu-net.ro\/wp-content\/uploads\/2024\/10\/DSC00815-300x200.jpg 300w, https:\/\/giurgiu-net.ro\/wp-content\/uploads\/2024\/10\/DSC00815-768x513.jpg 768w, https:\/\/giurgiu-net.ro\/wp-content\/uploads\/2024\/10\/DSC00815-696x465.jpg 696w\" sizes=\"auto, (max-width: 800px) 100vw, 800px\" \/><\/figure>\n\n\n\n<figure class=\"wp-block-image size-large\"><img loading=\"lazy\" decoding=\"async\" width=\"800\" height=\"534\" data-id=\"90713\" src=\"https:\/\/giurgiu-net.ro\/wp-content\/uploads\/2024\/10\/DSC00822.jpg\" alt=\"Dsc00822\" class=\"wp-image-90713\" srcset=\"https:\/\/giurgiu-net.ro\/wp-content\/uploads\/2024\/10\/DSC00822.jpg 800w, https:\/\/giurgiu-net.ro\/wp-content\/uploads\/2024\/10\/DSC00822-300x200.jpg 300w, https:\/\/giurgiu-net.ro\/wp-content\/uploads\/2024\/10\/DSC00822-768x513.jpg 768w, https:\/\/giurgiu-net.ro\/wp-content\/uploads\/2024\/10\/DSC00822-696x465.jpg 696w\" sizes=\"auto, (max-width: 800px) 100vw, 800px\" \/><\/figure>\n\n\n\n<figure class=\"wp-block-image size-large\"><img loading=\"lazy\" decoding=\"async\" width=\"800\" height=\"508\" data-id=\"90716\" src=\"https:\/\/giurgiu-net.ro\/wp-content\/uploads\/2024\/10\/DSC00824.jpg\" alt=\"Dsc00824\" class=\"wp-image-90716\" srcset=\"https:\/\/giurgiu-net.ro\/wp-content\/uploads\/2024\/10\/DSC00824.jpg 800w, https:\/\/giurgiu-net.ro\/wp-content\/uploads\/2024\/10\/DSC00824-300x191.jpg 300w, https:\/\/giurgiu-net.ro\/wp-content\/uploads\/2024\/10\/DSC00824-768x488.jpg 768w, https:\/\/giurgiu-net.ro\/wp-content\/uploads\/2024\/10\/DSC00824-696x442.jpg 696w\" sizes=\"auto, (max-width: 800px) 100vw, 800px\" \/><\/figure>\n\n\n\n<figure class=\"wp-block-image size-large\"><img loading=\"lazy\" decoding=\"async\" width=\"800\" height=\"534\" data-id=\"90715\" src=\"https:\/\/giurgiu-net.ro\/wp-content\/uploads\/2024\/10\/DSC00827.jpg\" alt=\"Dsc00827\" class=\"wp-image-90715\" srcset=\"https:\/\/giurgiu-net.ro\/wp-content\/uploads\/2024\/10\/DSC00827.jpg 800w, https:\/\/giurgiu-net.ro\/wp-content\/uploads\/2024\/10\/DSC00827-300x200.jpg 300w, https:\/\/giurgiu-net.ro\/wp-content\/uploads\/2024\/10\/DSC00827-768x513.jpg 768w, https:\/\/giurgiu-net.ro\/wp-content\/uploads\/2024\/10\/DSC00827-696x465.jpg 696w\" sizes=\"auto, (max-width: 800px) 100vw, 800px\" \/><\/figure>\n<\/figure>\n\n\n\n<p class=\"wp-block-paragraph\">Vineri, 18 octombrie, a avut loc ceremonia de re\u00eenvestire \u00een func\u0163ie a primarului comunei Comana, <strong>Aurel Enache<\/strong>.<\/p>\n\n\n\n<p class=\"wp-block-paragraph\">&#8222;<em>C\u00e2nd spui Comana, spui dezvoltare, modernizare, turism, proiecte. C\u00e2nd spui Comana, spui Aurel Enache &#8211; un primar model care a ar\u0103tat c\u0103 doar un om care este harnic \u00een propria gospod\u0103rie, poate fi harnic \u015fi la Prim\u0103rie. Ast\u0103zi, am participat, al\u0103turi de colegi de-ai mei din PSD Giurgiu, la ceremonia de re\u00eenvestire \u00een func\u0163ia de primar a lui Aurel Enache, dar \u015fi de constituire a noului Consiliu Local. Le urez succes \u00een noul mandat, al 6-lea pentru domnul Aurel Enache, cel care realizeaz\u0103 orice \u00ee\u015fi propune pentru comunitatea sa. Felicit\u0103ri, domnule primar, sunt m\u00e2ndru c\u0103 face\u0163i parte din echipa noastr\u0103<\/em>!&#8221;- a spus pre\u015fedintele PSD Giurgiu, deputat <strong>Marian Mina<\/strong>.<\/p>\n\n\n\n<figure class=\"wp-block-gallery has-nested-images columns-2 is-cropped wp-block-gallery-4 is-layout-flex wp-block-gallery-is-layout-flex\">\n<figure class=\"wp-block-image size-large\"><img loading=\"lazy\" decoding=\"async\" width=\"800\" height=\"597\" data-id=\"90718\" src=\"https:\/\/giurgiu-net.ro\/wp-content\/uploads\/2024\/10\/DSC00856.jpg\" alt=\"Dsc00856\" class=\"wp-image-90718\" srcset=\"https:\/\/giurgiu-net.ro\/wp-content\/uploads\/2024\/10\/DSC00856.jpg 800w, https:\/\/giurgiu-net.ro\/wp-content\/uploads\/2024\/10\/DSC00856-300x224.jpg 300w, https:\/\/giurgiu-net.ro\/wp-content\/uploads\/2024\/10\/DSC00856-768x573.jpg 768w, https:\/\/giurgiu-net.ro\/wp-content\/uploads\/2024\/10\/DSC00856-696x519.jpg 696w\" sizes=\"auto, (max-width: 800px) 100vw, 800px\" \/><\/figure>\n\n\n\n<figure class=\"wp-block-image size-large\"><img loading=\"lazy\" decoding=\"async\" width=\"800\" height=\"507\" data-id=\"90717\" src=\"https:\/\/giurgiu-net.ro\/wp-content\/uploads\/2024\/10\/DSC00866.jpg\" alt=\"Dsc00866\" class=\"wp-image-90717\" srcset=\"https:\/\/giurgiu-net.ro\/wp-content\/uploads\/2024\/10\/DSC00866.jpg 800w, https:\/\/giurgiu-net.ro\/wp-content\/uploads\/2024\/10\/DSC00866-300x190.jpg 300w, https:\/\/giurgiu-net.ro\/wp-content\/uploads\/2024\/10\/DSC00866-768x487.jpg 768w, https:\/\/giurgiu-net.ro\/wp-content\/uploads\/2024\/10\/DSC00866-696x441.jpg 696w\" sizes=\"auto, (max-width: 800px) 100vw, 800px\" \/><\/figure>\n\n\n\n<figure class=\"wp-block-image size-large\"><img loading=\"lazy\" decoding=\"async\" width=\"800\" height=\"616\" data-id=\"90722\" src=\"https:\/\/giurgiu-net.ro\/wp-content\/uploads\/2024\/10\/DSC00915.jpg\" alt=\"Dsc00915\" class=\"wp-image-90722\" srcset=\"https:\/\/giurgiu-net.ro\/wp-content\/uploads\/2024\/10\/DSC00915.jpg 800w, https:\/\/giurgiu-net.ro\/wp-content\/uploads\/2024\/10\/DSC00915-300x231.jpg 300w, https:\/\/giurgiu-net.ro\/wp-content\/uploads\/2024\/10\/DSC00915-768x591.jpg 768w, https:\/\/giurgiu-net.ro\/wp-content\/uploads\/2024\/10\/DSC00915-696x536.jpg 696w\" sizes=\"auto, (max-width: 800px) 100vw, 800px\" \/><\/figure>\n\n\n\n<figure class=\"wp-block-image size-large\"><img loading=\"lazy\" decoding=\"async\" width=\"800\" height=\"534\" data-id=\"90719\" src=\"https:\/\/giurgiu-net.ro\/wp-content\/uploads\/2024\/10\/DSC00919.jpg\" alt=\"Dsc00919\" class=\"wp-image-90719\" srcset=\"https:\/\/giurgiu-net.ro\/wp-content\/uploads\/2024\/10\/DSC00919.jpg 800w, https:\/\/giurgiu-net.ro\/wp-content\/uploads\/2024\/10\/DSC00919-300x200.jpg 300w, https:\/\/giurgiu-net.ro\/wp-content\/uploads\/2024\/10\/DSC00919-768x513.jpg 768w, https:\/\/giurgiu-net.ro\/wp-content\/uploads\/2024\/10\/DSC00919-696x465.jpg 696w\" sizes=\"auto, (max-width: 800px) 100vw, 800px\" \/><\/figure>\n\n\n\n<figure class=\"wp-block-image size-large\"><img loading=\"lazy\" decoding=\"async\" width=\"800\" height=\"534\" data-id=\"90720\" src=\"https:\/\/giurgiu-net.ro\/wp-content\/uploads\/2024\/10\/DSC00951.jpg\" alt=\"Dsc00951\" class=\"wp-image-90720\" srcset=\"https:\/\/giurgiu-net.ro\/wp-content\/uploads\/2024\/10\/DSC00951.jpg 800w, https:\/\/giurgiu-net.ro\/wp-content\/uploads\/2024\/10\/DSC00951-300x200.jpg 300w, https:\/\/giurgiu-net.ro\/wp-content\/uploads\/2024\/10\/DSC00951-768x513.jpg 768w, https:\/\/giurgiu-net.ro\/wp-content\/uploads\/2024\/10\/DSC00951-696x465.jpg 696w\" sizes=\"auto, (max-width: 800px) 100vw, 800px\" \/><\/figure>\n\n\n\n<figure class=\"wp-block-image size-large\"><img loading=\"lazy\" decoding=\"async\" width=\"800\" height=\"566\" data-id=\"90721\" src=\"https:\/\/giurgiu-net.ro\/wp-content\/uploads\/2024\/10\/DSC00956.jpg\" alt=\"Dsc00956\" class=\"wp-image-90721\" srcset=\"https:\/\/giurgiu-net.ro\/wp-content\/uploads\/2024\/10\/DSC00956.jpg 800w, https:\/\/giurgiu-net.ro\/wp-content\/uploads\/2024\/10\/DSC00956-300x212.jpg 300w, https:\/\/giurgiu-net.ro\/wp-content\/uploads\/2024\/10\/DSC00956-768x543.jpg 768w, https:\/\/giurgiu-net.ro\/wp-content\/uploads\/2024\/10\/DSC00956-696x492.jpg 696w\" sizes=\"auto, (max-width: 800px) 100vw, 800px\" \/><\/figure>\n<\/figure>\n\n\n\n<p class=\"wp-block-paragraph\">Tot vineri, a fost re\u00eenvestit \u00een func\u0163ie \u015fi primarul PSD al comunei Isvoarele, <strong>Nicu\u015for Logof\u0103tu<\/strong>, despre care pre\u015fedintele PSD Giurgiu, <strong>Marian Mina<\/strong>, spune: &#8222;<em>\u015etiu c\u0103 Nicu\u015for Logof\u0103tu \u015fi echipa sa vor face, \u00een continuare, multe lucruri bune pentru comunitate, a\u015fa cum a promis \u015fi a\u015fa cum merit\u0103 to\u0163i giurgiuvenii. Mult succes, Nicu\u015for, eu \u015fi echipa PSD Giurgiu suntem l\u00e2ng\u0103 tine<\/em>!&#8221;.<\/p>\n\n\n\n<figure class=\"wp-block-gallery has-nested-images columns-2 is-cropped wp-block-gallery-5 is-layout-flex wp-block-gallery-is-layout-flex\">\n<figure class=\"wp-block-image size-large\"><img loading=\"lazy\" decoding=\"async\" width=\"800\" height=\"523\" data-id=\"90723\" src=\"https:\/\/giurgiu-net.ro\/wp-content\/uploads\/2024\/10\/DSC00961.jpg\" alt=\"Dsc00961\" class=\"wp-image-90723\" srcset=\"https:\/\/giurgiu-net.ro\/wp-content\/uploads\/2024\/10\/DSC00961.jpg 800w, https:\/\/giurgiu-net.ro\/wp-content\/uploads\/2024\/10\/DSC00961-300x196.jpg 300w, https:\/\/giurgiu-net.ro\/wp-content\/uploads\/2024\/10\/DSC00961-768x502.jpg 768w, https:\/\/giurgiu-net.ro\/wp-content\/uploads\/2024\/10\/DSC00961-696x455.jpg 696w\" sizes=\"auto, (max-width: 800px) 100vw, 800px\" \/><\/figure>\n\n\n\n<figure class=\"wp-block-image size-large\"><img loading=\"lazy\" decoding=\"async\" width=\"800\" height=\"534\" data-id=\"90724\" src=\"https:\/\/giurgiu-net.ro\/wp-content\/uploads\/2024\/10\/DSC00974.jpg\" alt=\"Dsc00974\" class=\"wp-image-90724\" srcset=\"https:\/\/giurgiu-net.ro\/wp-content\/uploads\/2024\/10\/DSC00974.jpg 800w, https:\/\/giurgiu-net.ro\/wp-content\/uploads\/2024\/10\/DSC00974-300x200.jpg 300w, https:\/\/giurgiu-net.ro\/wp-content\/uploads\/2024\/10\/DSC00974-768x513.jpg 768w, https:\/\/giurgiu-net.ro\/wp-content\/uploads\/2024\/10\/DSC00974-696x465.jpg 696w\" sizes=\"auto, (max-width: 800px) 100vw, 800px\" \/><\/figure>\n\n\n\n<figure class=\"wp-block-image size-large\"><img loading=\"lazy\" decoding=\"async\" width=\"800\" height=\"534\" data-id=\"90726\" src=\"https:\/\/giurgiu-net.ro\/wp-content\/uploads\/2024\/10\/DSC00988.jpg\" alt=\"Dsc00988\" class=\"wp-image-90726\" srcset=\"https:\/\/giurgiu-net.ro\/wp-content\/uploads\/2024\/10\/DSC00988.jpg 800w, https:\/\/giurgiu-net.ro\/wp-content\/uploads\/2024\/10\/DSC00988-300x200.jpg 300w, https:\/\/giurgiu-net.ro\/wp-content\/uploads\/2024\/10\/DSC00988-768x513.jpg 768w, https:\/\/giurgiu-net.ro\/wp-content\/uploads\/2024\/10\/DSC00988-696x465.jpg 696w\" sizes=\"auto, (max-width: 800px) 100vw, 800px\" \/><\/figure>\n\n\n\n<figure class=\"wp-block-image size-large\"><img loading=\"lazy\" decoding=\"async\" width=\"800\" height=\"534\" data-id=\"90725\" src=\"https:\/\/giurgiu-net.ro\/wp-content\/uploads\/2024\/10\/DSC00994.jpg\" alt=\"Dsc00994\" class=\"wp-image-90725\" srcset=\"https:\/\/giurgiu-net.ro\/wp-content\/uploads\/2024\/10\/DSC00994.jpg 800w, https:\/\/giurgiu-net.ro\/wp-content\/uploads\/2024\/10\/DSC00994-300x200.jpg 300w, https:\/\/giurgiu-net.ro\/wp-content\/uploads\/2024\/10\/DSC00994-768x513.jpg 768w, https:\/\/giurgiu-net.ro\/wp-content\/uploads\/2024\/10\/DSC00994-696x465.jpg 696w\" sizes=\"auto, (max-width: 800px) 100vw, 800px\" \/><\/figure>\n\n\n\n<figure class=\"wp-block-image size-large\"><img loading=\"lazy\" decoding=\"async\" width=\"800\" height=\"627\" data-id=\"90728\" src=\"https:\/\/giurgiu-net.ro\/wp-content\/uploads\/2024\/10\/DSC01004.jpg\" alt=\"Dsc01004\" class=\"wp-image-90728\" srcset=\"https:\/\/giurgiu-net.ro\/wp-content\/uploads\/2024\/10\/DSC01004.jpg 800w, https:\/\/giurgiu-net.ro\/wp-content\/uploads\/2024\/10\/DSC01004-300x235.jpg 300w, https:\/\/giurgiu-net.ro\/wp-content\/uploads\/2024\/10\/DSC01004-768x602.jpg 768w, https:\/\/giurgiu-net.ro\/wp-content\/uploads\/2024\/10\/DSC01004-696x545.jpg 696w\" sizes=\"auto, (max-width: 800px) 100vw, 800px\" \/><\/figure>\n\n\n\n<figure class=\"wp-block-image size-large\"><img loading=\"lazy\" decoding=\"async\" width=\"800\" height=\"680\" data-id=\"90727\" src=\"https:\/\/giurgiu-net.ro\/wp-content\/uploads\/2024\/10\/DSC01008.jpg\" alt=\"Dsc01008\" class=\"wp-image-90727\" srcset=\"https:\/\/giurgiu-net.ro\/wp-content\/uploads\/2024\/10\/DSC01008.jpg 800w, https:\/\/giurgiu-net.ro\/wp-content\/uploads\/2024\/10\/DSC01008-300x255.jpg 300w, https:\/\/giurgiu-net.ro\/wp-content\/uploads\/2024\/10\/DSC01008-768x653.jpg 768w, https:\/\/giurgiu-net.ro\/wp-content\/uploads\/2024\/10\/DSC01008-696x592.jpg 696w\" sizes=\"auto, (max-width: 800px) 100vw, 800px\" \/><\/figure>\n<\/figure>\n\n\n\n<p class=\"wp-block-paragraph\">Mai multe fotografii de la evenimente, pe pagina noastr\u0103 de Facebook <a href=\"https:\/\/www.facebook.com\/profile.php?id=100063563770981\">AICI<\/a><\/p>\n","protected":false},"excerpt":{"rendered":"<p>Conducerea PSD Giurgiu, parlamentari, candida\u0163i \u015fi zeci de sus\u0163in\u0103tori au participat, joi \u015fi vineri, la ceremoniile de \u00eenvestire(sau re\u00eenvestire) \u00een func\u0163ie a primarilor social-democra\u0163i, precum \u015fi de constituire a noilor consilii locale din Malu, Slobozia, G\u0103ujani, Comana \u015fi Isvoarele. La Malu, noul primar al comunei este Florin Urucu. Pre\u015fedintele PSD Giurgiu, Marian Mina, candidat pentru [&hellip;]<\/p>\n","protected":false},"author":1,"featured_media":90729,"comment_status":"open","ping_status":"open","sticky":false,"template":"","format":"standard","meta":{"slim_seo":{"title":"FOTO: PSD Giurgiu, al\u0103turi de primari, la ceremoniile de \u00eenvestire \u00een func\u0163ie \u00een Malu, G\u0103ujani, Slobozia, Comana \u015fi Isvoarele - GIURGIU NET","description":"Conducerea PSD Giurgiu, parlamentari, candida\u0163i \u015fi zeci de sus\u0163in\u0103tori au participat, joi \u015fi vineri, la ceremoniile de \u00eenvestire(sau re\u00eenvestire) \u00een func\u0163ie a p"},"footnotes":""},"categories":[18,19,25,26],"tags":[1626,2256],"class_list":["post-90697","post","type-post","status-publish","format-standard","has-post-thumbnail","category-actual","category-adm","category-pol","category-soc","tag-marian-mina","tag-psd-giurgiu"],"_links":{"self":[{"href":"https:\/\/giurgiu-net.ro\/index.php\/wp-json\/wp\/v2\/posts\/90697","targetHints":{"allow":["GET"]}}],"collection":[{"href":"https:\/\/giurgiu-net.ro\/index.php\/wp-json\/wp\/v2\/posts"}],"about":[{"href":"https:\/\/giurgiu-net.ro\/index.php\/wp-json\/wp\/v2\/types\/post"}],"author":[{"embeddable":true,"href":"https:\/\/giurgiu-net.ro\/index.php\/wp-json\/wp\/v2\/users\/1"}],"replies":[{"embeddable":true,"href":"https:\/\/giurgiu-net.ro\/index.php\/wp-json\/wp\/v2\/comments?post=90697"}],"version-history":[{"count":0,"href":"https:\/\/giurgiu-net.ro\/index.php\/wp-json\/wp\/v2\/posts\/90697\/revisions"}],"wp:featuredmedia":[{"embeddable":true,"href":"https:\/\/giurgiu-net.ro\/index.php\/wp-json\/wp\/v2\/media\/90729"}],"wp:attachment":[{"href":"https:\/\/giurgiu-net.ro\/index.php\/wp-json\/wp\/v2\/media?parent=90697"}],"wp:term":[{"taxonomy":"category","embeddable":true,"href":"https:\/\/giurgiu-net.ro\/index.php\/wp-json\/wp\/v2\/categories?post=90697"},{"taxonomy":"post_tag","embeddable":true,"href":"https:\/\/giurgiu-net.ro\/index.php\/wp-json\/wp\/v2\/tags?post=90697"}],"curies":[{"name":"wp","href":"https:\/\/api.w.org\/{rel}","templated":true}]}}