{"id":90462,"date":"2024-09-05T19:38:41","date_gmt":"2024-09-05T16:38:41","guid":{"rendered":"https:\/\/giurgiu-net.ro\/?p=90462"},"modified":"2024-09-05T19:38:42","modified_gmt":"2024-09-05T16:38:42","slug":"pamflet-pnl-giurgiu-face-misto-de-sosoaca-trimitandu-i-l-pe-naipeanu","status":"publish","type":"post","link":"https:\/\/giurgiu-net.ro\/index.php\/2024\/09\/05\/pamflet-pnl-giurgiu-face-misto-de-sosoaca-trimitandu-i-l-pe-naipeanu\/","title":{"rendered":"PAMFLET: PNL Giurgiu face mi\u015fto de \u015eo\u015foac\u0103, trimi\u0163\u00e2ndu-i-l pe Naipeanu?!"},"content":{"rendered":"\n<p>Dup\u0103 ce, probabil, \u015fi-o fi imaginat c\u0103 e un fel de Ragnar Lodbrok de Giurgiu \ud83e\udd23, Iulian Naipeanu \u015fi-a luat fluierul, c\u0103ciula galben\u0103 din l\u00e2n\u0103, \u0163olul \u015fi \u201etoiagul\u201d \u015fi-a pus-o de o transhuman\u0163\u0103 de sezon pe paji\u015ftea p\u00e2rjolit\u0103 a S.O.S. Rom\u00e2nia, pun\u00e2nd genunchiul jos \u00een fa\u0163a M\u0103riei Sale Diana \u015eo\u015foac\u0103.<\/p>\n\n\n\n<p>\u00cen fapt, o copie haioas\u0103 a ceea ce ar trebui s\u0103 fie un politician, <strong>Naipeanu linge acum f\u0103r\u0103 s\u0103 respire unde scuipa cu patos al\u0103turi de fostul \u015fef George Simion<\/strong>, sper\u00e2nd c\u0103 tanti \u015eo\u015foac\u0103 nu se prinde cine l-a trimis acolo.<\/p>\n\n\n\n<p>Naipeanu este, \u00een opinia multora, imaginea fidel\u0103 a oportunistului care \u015fi-a f\u0103cut loc pe scena politic\u0103 local\u0103, doar d\u00e2nd din coatele ascu\u0163ite, \u00eenv\u00e2rtind \u201eb\u00e2ta\u201d cu dib\u0103cie \u015fi \u0163ip\u00e2nd mult. Mult \u015fi agramat. Mereu primul la r\u00e2nd, cu dou\u0103 degete ridicate \u00een semn de: \u201epune\u0163i-m\u0103 pe mine!\u201d, <strong>atunci c\u00e2nd PNL-i\u015ftilor le vine pofta s\u0103 scoat\u0103 iepura\u015fi mor\u0163i din joben,<\/strong> Naipeanu s-a lipit rapid de SOS-ul \u015eo\u015foac\u0103i, locul perfect de unde poate striga tot ce-i trece prin cap, ca pe c\u00e2mp, f\u0103r\u0103 s\u0103-l \u00een\u0163eleag\u0103 nimeni.<\/p>\n\n\n\n<p>R\u0103mas f\u0103r\u0103 turm\u0103, evident, ca un fel de&#8230; \u201ep\u0103stor\u201d (<strong>suntem diploma\u0163i)<\/strong> singuratic, fostul \u015fef al AUR Giurgiu se freac\u0103 lingu\u015fitor de picioarele sfintei \u015eo\u015foac\u0103, f\u0103c\u00e2ndu-se c\u0103 n-a zis el nimic vreodat\u0103. Poate-poate, st\u0103p\u00e2na se \u00eenduplec\u0103 \u015fi-l mai face \u015fi pe el \u015fef o dat\u0103, c\u0103 tare mi\u015fto e s\u0103-\u0163i ver\u015fi frustr\u0103rile pe bietele \u201eanimale\u201d din subordine.<\/p>\n\n\n\n<p>E, \u00een fine, MARE BR\u00c2NZ\u0102! \u015ei pentru ei, dar \u015fi pentru giurgiuveni. N-a pierdut nimeni nimic, n-a c\u00e2\u015ftigat nimeni nimic.<\/p>\n\n\n\n<p>R\u0103m\u00e2n, totu\u015fi, \u00eentreb\u0103rile: \u015eefu\u2019, tot PNL-ul v-a \u00eempins \u00een bra\u0163ele dnei \u015eo\u015foac\u0103, a\u015fa cum se zice c-a fost cu AUR-ul, nu?<\/p>\n\n\n\n<p><strong>Dar dumneaei (v\u0103) \u015ftie?<\/strong><\/p>\n\n\n\n<p><em>*Acesta este, par\u0163ial, un pamflet ce trebuie tratat ca atare&#8230;<\/em><\/p>\n","protected":false},"excerpt":{"rendered":"<p>Dup\u0103 ce, probabil, \u015fi-o fi imaginat c\u0103 e un fel de Ragnar Lodbrok de Giurgiu \ud83e\udd23, Iulian Naipeanu \u015fi-a luat fluierul, c\u0103ciula galben\u0103 din l\u00e2n\u0103, \u0163olul \u015fi \u201etoiagul\u201d \u015fi-a pus-o de o transhuman\u0163\u0103 de sezon pe paji\u015ftea p\u00e2rjolit\u0103 a S.O.S. Rom\u00e2nia, pun\u00e2nd genunchiul jos \u00een fa\u0163a M\u0103riei Sale Diana \u015eo\u015foac\u0103. \u00cen fapt, o copie haioas\u0103 [&hellip;]<\/p>\n","protected":false},"author":1,"featured_media":90463,"comment_status":"open","ping_status":"open","sticky":false,"template":"","format":"standard","meta":{"slim_seo":{"title":"PAMFLET: PNL Giurgiu face mi\u015fto de \u015eo\u015foac\u0103, trimi\u0163\u00e2ndu-i-l pe Naipeanu?! - GIURGIU NET","description":"Dup\u0103 ce, probabil, \u015fi-o fi imaginat c\u0103 e un fel de Ragnar Lodbrok de Giurgiu \ud83e\udd23, Iulian Naipeanu \u015fi-a luat fluierul, c\u0103ciula galben\u0103 din l\u00e2n\u0103, \u0163olul \u015fi \u201etoiagul\u201d"},"footnotes":""},"categories":[18,20,23,25],"tags":[2907,2027,2969],"class_list":{"0":"post-90462","1":"post","2":"type-post","3":"status-publish","4":"format-standard","5":"has-post-thumbnail","7":"category-actual","8":"category-edit","9":"category-pam","10":"category-pol","11":"tag-aur-giurgiu","12":"tag-pnl-giurgiu","13":"tag-sos-sosoaca"},"_links":{"self":[{"href":"https:\/\/giurgiu-net.ro\/index.php\/wp-json\/wp\/v2\/posts\/90462","targetHints":{"allow":["GET"]}}],"collection":[{"href":"https:\/\/giurgiu-net.ro\/index.php\/wp-json\/wp\/v2\/posts"}],"about":[{"href":"https:\/\/giurgiu-net.ro\/index.php\/wp-json\/wp\/v2\/types\/post"}],"author":[{"embeddable":true,"href":"https:\/\/giurgiu-net.ro\/index.php\/wp-json\/wp\/v2\/users\/1"}],"replies":[{"embeddable":true,"href":"https:\/\/giurgiu-net.ro\/index.php\/wp-json\/wp\/v2\/comments?post=90462"}],"version-history":[{"count":0,"href":"https:\/\/giurgiu-net.ro\/index.php\/wp-json\/wp\/v2\/posts\/90462\/revisions"}],"wp:featuredmedia":[{"embeddable":true,"href":"https:\/\/giurgiu-net.ro\/index.php\/wp-json\/wp\/v2\/media\/90463"}],"wp:attachment":[{"href":"https:\/\/giurgiu-net.ro\/index.php\/wp-json\/wp\/v2\/media?parent=90462"}],"wp:term":[{"taxonomy":"category","embeddable":true,"href":"https:\/\/giurgiu-net.ro\/index.php\/wp-json\/wp\/v2\/categories?post=90462"},{"taxonomy":"post_tag","embeddable":true,"href":"https:\/\/giurgiu-net.ro\/index.php\/wp-json\/wp\/v2\/tags?post=90462"}],"curies":[{"name":"wp","href":"https:\/\/api.w.org\/{rel}","templated":true}]}}