{"id":90459,"date":"2024-09-05T09:57:46","date_gmt":"2024-09-05T06:57:46","guid":{"rendered":"https:\/\/giurgiu-net.ro\/?p=90459"},"modified":"2024-09-05T09:57:47","modified_gmt":"2024-09-05T06:57:47","slug":"un-buldoexcavator-a-luat-foc-pe-o-strada-din-crevedia-mare","status":"publish","type":"post","link":"https:\/\/giurgiu-net.ro\/index.php\/2024\/09\/05\/un-buldoexcavator-a-luat-foc-pe-o-strada-din-crevedia-mare\/","title":{"rendered":"Un buldoexcavator a luat foc, pe o strad\u0103 din Crevedia Mare"},"content":{"rendered":"\n<p>Un buldoexcavator a luat foc, miercuri dup\u0103-amiaz\u0103, pe o strad\u0103 localitatea Crevedia Mare. Utilajul s-a oprit \u00een mers, iar c\u00e2nd \u0219oferul a observat c\u0103 iese fum din zona motorului a cobor\u00e2t \u0219i a cerut ajutorul pompierilor. \u00cen scurt timp, buldoexcavatorul a luat foc, iar fl\u0103c\u0103rile s-au extins la vegeta\u021bia uscat\u0103 \u0219i la de\u0219eurile menajere depozitate pe un teren viran.<\/p>\n\n\n\n<p>Din fericire, nu au fost persoane r\u0103nite.<\/p>\n\n\n\n<p>La fa\u021ba locului s-au deplasat pompierii din cadrul G\u0103rzii de Interven\u021bie Roata de Jos \u0219i G\u0103rzii de Interven\u021bie Potlogi (D\u00e2mbovi\u021ba), cu dou\u0103 autospeciale de stingere, o ambulan\u021b\u0103 SMURD \u0219i o cistern\u0103 de la Serviciul Voluntar pentru Situa\u021bii de Urgen\u021b\u0103 din comun\u0103.<\/p>\n\n\n\n<p>Ace\u0219tia au constatat faptul c\u0103 buldoexcavatorul ardea \u00een totalitatea \u0219i, din cauza v\u00e2ntului, focul s-a propagat la vegeta\u021bie uscat\u0103, l\u0103st\u0103ri\u0219, m\u0103r\u0103cini\u0219, de\u0219euri menajere, anvelope \u0219i mase plastice pe o suprafa\u021b\u0103 de aproximativ 10 ha.<\/p>\n\n\n\n<p>Au fost salvate p\u0103durea \u0219i culturile de porumb din apropiere.<\/p>\n\n\n\n<p>Cel mai probabil incendiul s-a produs din cauza unui scurtcircuit.<\/p>\n\n\n\n<p>Comunicat \u015fi foto: ISU Giurgiu<\/p>\n","protected":false},"excerpt":{"rendered":"<p>Un buldoexcavator a luat foc, miercuri dup\u0103-amiaz\u0103, pe o strad\u0103 localitatea Crevedia Mare. Utilajul s-a oprit \u00een mers, iar c\u00e2nd \u0219oferul a observat c\u0103 iese fum din zona motorului a cobor\u00e2t \u0219i a cerut ajutorul pompierilor. \u00cen scurt timp, buldoexcavatorul a luat foc, iar fl\u0103c\u0103rile s-au extins la vegeta\u021bia uscat\u0103 \u0219i la de\u0219eurile menajere depozitate [&hellip;]<\/p>\n","protected":false},"author":1,"featured_media":90460,"comment_status":"open","ping_status":"open","sticky":false,"template":"","format":"standard","meta":{"slim_seo":{"title":"Un buldoexcavator a luat foc, pe o strad\u0103 din Crevedia Mare - GIURGIU NET","description":"Un buldoexcavator a luat foc, miercuri dup\u0103-amiaz\u0103, pe o strad\u0103 localitatea Crevedia Mare. Utilajul s-a oprit \u00een mers, iar c\u00e2nd \u0219oferul a observat c\u0103 iese fum d"},"footnotes":""},"categories":[18,26],"tags":[1452],"class_list":{"0":"post-90459","1":"post","2":"type-post","3":"status-publish","4":"format-standard","5":"has-post-thumbnail","7":"category-actual","8":"category-soc","9":"tag-isu-giurgiu"},"_links":{"self":[{"href":"https:\/\/giurgiu-net.ro\/index.php\/wp-json\/wp\/v2\/posts\/90459","targetHints":{"allow":["GET"]}}],"collection":[{"href":"https:\/\/giurgiu-net.ro\/index.php\/wp-json\/wp\/v2\/posts"}],"about":[{"href":"https:\/\/giurgiu-net.ro\/index.php\/wp-json\/wp\/v2\/types\/post"}],"author":[{"embeddable":true,"href":"https:\/\/giurgiu-net.ro\/index.php\/wp-json\/wp\/v2\/users\/1"}],"replies":[{"embeddable":true,"href":"https:\/\/giurgiu-net.ro\/index.php\/wp-json\/wp\/v2\/comments?post=90459"}],"version-history":[{"count":0,"href":"https:\/\/giurgiu-net.ro\/index.php\/wp-json\/wp\/v2\/posts\/90459\/revisions"}],"wp:featuredmedia":[{"embeddable":true,"href":"https:\/\/giurgiu-net.ro\/index.php\/wp-json\/wp\/v2\/media\/90460"}],"wp:attachment":[{"href":"https:\/\/giurgiu-net.ro\/index.php\/wp-json\/wp\/v2\/media?parent=90459"}],"wp:term":[{"taxonomy":"category","embeddable":true,"href":"https:\/\/giurgiu-net.ro\/index.php\/wp-json\/wp\/v2\/categories?post=90459"},{"taxonomy":"post_tag","embeddable":true,"href":"https:\/\/giurgiu-net.ro\/index.php\/wp-json\/wp\/v2\/tags?post=90459"}],"curies":[{"name":"wp","href":"https:\/\/api.w.org\/{rel}","templated":true}]}}