{"id":89890,"date":"2024-06-13T18:23:14","date_gmt":"2024-06-13T15:23:14","guid":{"rendered":"https:\/\/giurgiu-net.ro\/?p=89890"},"modified":"2024-06-13T18:38:10","modified_gmt":"2024-06-13T15:38:10","slug":"dupa-razboi-multi-viteji-s-arata-frumoasa-din-padurea-adormita-tudore-tone-iar-crede-c-are-sansa-sa-fie-sef","status":"publish","type":"post","link":"https:\/\/giurgiu-net.ro\/index.php\/2024\/06\/13\/dupa-razboi-multi-viteji-s-arata-frumoasa-din-padurea-adormita-tudore-tone-iar-crede-c-are-sansa-sa-fie-sef\/","title":{"rendered":"Dup\u0103 r\u0103zboi, mul\u0163i viteji s-arat\u0103. \u201eFrumoasa din p\u0103durea adormit\u0103\u201d &#8211; Tudore \u0162one iar crede c-are \u015fans\u0103 s\u0103 fie \u015fef?!"},"content":{"rendered":"\n<p>Ooo, domnul Tudorel \u0162one, dar ce surpriz\u0103, mai tr\u0103i\u0163i? N-am \u015ftiut, m\u0103 scuza\u0163i.<\/p>\n\n\n\n<p>Dar ce pl\u0103cere s\u0103 auzim despre dumneavoastr\u0103 \u015fi despre opiniile dvs. legate de PSD Giurgiu fix o dat\u0103 la 4 ani, dup\u0103 alegeri! Mai ales dac\u0103 sunt c\u00e2\u015ftigate de al\u0163ii, logic. \u0102sta a devenit deja momentul potrivit s\u0103 ie\u015fi\u0163i de la r\u0103coare&#8230;, de la umbr\u0103, m\u0103 rog, \u015fi s\u0103 cere\u0163i demisii.<\/p>\n\n\n\n<p><strong><em>Probabil, \u00een speran\u0163a c\u0103, dup\u0103 30 de ani de \u00eencerc\u0103ri insistente, v-o pune \u015fi pe dvs. cineva, \u00een sf\u00e2r\u015fit, pre\u015fedintele organiza\u0163iei jude\u0163ene. P\u0103i, nu?<\/em><\/strong><\/p>\n\n\n\n<p>Altfel, ce ar putea s\u0103 v\u0103 m\u00e2ne \u00een ie\u015firea asta furtunoas\u0103 \u00een care cere\u0163i demisia conducerii PSD Giurgiu? Grija fa\u0163\u0103 de colegi? S\u0103 m\u0103 ierta\u0163i, dar n-am v\u0103zut-o timp de 4 ani, cu at\u00e2t mai pu\u0163in \u00een campania electoral\u0103 de la care a\u0163i lipsit elegant \u015fi cu des\u0103v\u00e2r\u015fire. \u00cen timp ce dvs. savura\u0163i o cafelu\u0163\u0103, lini\u015ftit, pe Facebook, oamenii \u0103\u015ftia pe care-i urechea\u0163i munceau pentru PSD. \u00cen\u0163elege\u0163i?<\/p>\n\n\n\n<p><em>\u201ePentru c\u0103 \u00eemi d\u0103 acest drept, autoritatea moral\u0103 de membru PSD de 34 de ani! Eu nu am f\u0103cut balet \u00een politic\u0103, a\u0219a cum au f\u0103cut al\u021bii\u2026\u201d,<\/em> a\u0163i declarat unei publica\u0163ii locale.<\/p>\n\n\n\n<p>Ba pardon, poate c\u0103 ave\u0163i dreptul la liber\u0103 exprimare, ca noi to\u0163i ceilal\u0163i, dar autoritate moral\u0103&#8230; de unde?! Corect, n-a\u0163i f\u0103cut balet \u00een politic\u0103, dar colegii zic c\u0103 a\u0163i f\u0103cut doar \u00een cadrul aceluia\u015fi partid. \u015emecherie, nu?<\/p>\n\n\n\n<p>Dac\u0103-i iubi\u0163i a\u015fa de tare pe PSD-i\u015fti, de ce dracului nu cere\u0163i public Poli\u0163iei, Parchetului, DNA-ului s\u0103 se autosesizeze, dup\u0103 tot ce s-a \u00eent\u00e2mplat, duminic\u0103, \u00een jude\u0163 \u015fi \u00een municipiu? C\u0103 oamenii la care face\u0163i referire \u015ftiu exact ce \u015fi cum s-a \u00eent\u00e2mplat. \u00cei jigni\u0163i pe colegi cu texte d-astea, s\u0103 \u015fti\u0163i.<\/p>\n\n\n\n<p>\u00cen fine, cum s-ar zice, cam la concluzia mea ajungem, nu? Cu tot respectul pentru preg\u0103tirea \u015fi experien\u0163a dvs., dar v\u0103 miroase ni\u0163el a oportunitate de vreun interimat, ceva, e? \u015eti\u0163i promo\u0163iile alea la bere cu capacele poten\u0163ial c\u00e2\u015ftig\u0103toare? Dvs. iar l-a\u0163i nimerit pe \u0103la cu \u201eMAI \u00ceNCEARC\u0102\u201d.<\/p>\n\n\n\n<p>Articolul de la care a pornit al nostru: <a href=\"https:\/\/opiniagiurgiu.ro\/tudorel-tone-cere-demisia-conducerii-psd-giurgiu\/\">https:\/\/opiniagiurgiu.ro\/tudorel-tone-cere-demisia-conducerii-psd-giurgiu\/<\/a><\/p>\n","protected":false},"excerpt":{"rendered":"<p>Ooo, domnul Tudorel \u0162one, dar ce surpriz\u0103, mai tr\u0103i\u0163i? N-am \u015ftiut, m\u0103 scuza\u0163i. Dar ce pl\u0103cere s\u0103 auzim despre dumneavoastr\u0103 \u015fi despre opiniile dvs. legate de PSD Giurgiu fix o dat\u0103 la 4 ani, dup\u0103 alegeri! Mai ales dac\u0103 sunt c\u00e2\u015ftigate de al\u0163ii, logic. \u0102sta a devenit deja momentul potrivit s\u0103 ie\u015fi\u0163i de la r\u0103coare&#8230;, [&hellip;]<\/p>\n","protected":false},"author":1,"featured_media":89891,"comment_status":"open","ping_status":"open","sticky":false,"template":"","format":"standard","meta":{"slim_seo":{"title":"Dup\u0103 r\u0103zboi, mul\u0163i viteji s-arat\u0103. \u201eFrumoasa din p\u0103durea adormit\u0103\u201d - Tudore \u0162one iar crede c-are \u015fans\u0103 s\u0103 fie \u015fef?! - GIURGIU NET","description":"Ooo, domnul Tudorel \u0162one, dar ce surpriz\u0103, mai tr\u0103i\u0163i? N-am \u015ftiut, m\u0103 scuza\u0163i. Dar ce pl\u0103cere s\u0103 auzim despre dumneavoastr\u0103 \u015fi despre opiniile dvs. legate de PS"},"footnotes":""},"categories":[18,20,23,25],"tags":[2256],"class_list":{"0":"post-89890","1":"post","2":"type-post","3":"status-publish","4":"format-standard","5":"has-post-thumbnail","7":"category-actual","8":"category-edit","9":"category-pam","10":"category-pol","11":"tag-psd-giurgiu"},"_links":{"self":[{"href":"https:\/\/giurgiu-net.ro\/index.php\/wp-json\/wp\/v2\/posts\/89890","targetHints":{"allow":["GET"]}}],"collection":[{"href":"https:\/\/giurgiu-net.ro\/index.php\/wp-json\/wp\/v2\/posts"}],"about":[{"href":"https:\/\/giurgiu-net.ro\/index.php\/wp-json\/wp\/v2\/types\/post"}],"author":[{"embeddable":true,"href":"https:\/\/giurgiu-net.ro\/index.php\/wp-json\/wp\/v2\/users\/1"}],"replies":[{"embeddable":true,"href":"https:\/\/giurgiu-net.ro\/index.php\/wp-json\/wp\/v2\/comments?post=89890"}],"version-history":[{"count":0,"href":"https:\/\/giurgiu-net.ro\/index.php\/wp-json\/wp\/v2\/posts\/89890\/revisions"}],"wp:featuredmedia":[{"embeddable":true,"href":"https:\/\/giurgiu-net.ro\/index.php\/wp-json\/wp\/v2\/media\/89891"}],"wp:attachment":[{"href":"https:\/\/giurgiu-net.ro\/index.php\/wp-json\/wp\/v2\/media?parent=89890"}],"wp:term":[{"taxonomy":"category","embeddable":true,"href":"https:\/\/giurgiu-net.ro\/index.php\/wp-json\/wp\/v2\/categories?post=89890"},{"taxonomy":"post_tag","embeddable":true,"href":"https:\/\/giurgiu-net.ro\/index.php\/wp-json\/wp\/v2\/tags?post=89890"}],"curies":[{"name":"wp","href":"https:\/\/api.w.org\/{rel}","templated":true}]}}