{"id":89884,"date":"2024-06-09T16:58:27","date_gmt":"2024-06-09T13:58:27","guid":{"rendered":"https:\/\/giurgiu-net.ro\/?p=89884"},"modified":"2024-06-09T16:58:28","modified_gmt":"2024-06-09T13:58:28","slug":"4140-dintre-cetatenii-cu-drept-de-vot-din-giurgiu-au-mers-la-urne-pana-la-ora-17-00","status":"publish","type":"post","link":"https:\/\/giurgiu-net.ro\/index.php\/2024\/06\/09\/4140-dintre-cetatenii-cu-drept-de-vot-din-giurgiu-au-mers-la-urne-pana-la-ora-17-00\/","title":{"rendered":"41,40 % dintre cet\u0103\u0163enii cu drept de vot din Giurgiu au mers la urne, p\u00e2n\u0103 la ora 17.00"},"content":{"rendered":"\n<p>88.436 dintre aleg\u0103torii din municipiul \u015fi jude\u0163ul Giurgiu au mers s\u0103 voteze la alegerile pentru Parlamentul European, respectiv cele locale, p\u00e2n\u0103 la aceas\u0103 or\u0103.<\/p>\n\n\n\n<p>Asta \u00eenseamn\u0103 peste 41,40% din cei 213.363 de giurgiuveni cu drept de vot.<\/p>\n\n\n\n<p>\u00cen municipiul Giurgiu, votaser\u0103 p\u00e2n\u0103 la ora 17.00, peste 28,4% dintre aleg\u0103tori.<\/p>\n\n\n\n<p><strong>Sec\u021biile de votare sunt deschise p\u00e2n\u0103 la ora 22.00.<\/strong><\/p>\n","protected":false},"excerpt":{"rendered":"<p>88.436 dintre aleg\u0103torii din municipiul \u015fi jude\u0163ul Giurgiu au mers s\u0103 voteze la alegerile pentru Parlamentul European, respectiv cele locale, p\u00e2n\u0103 la aceas\u0103 or\u0103. Asta \u00eenseamn\u0103 peste 41,40% din cei 213.363 de giurgiuveni cu drept de vot. \u00cen municipiul Giurgiu, votaser\u0103 p\u00e2n\u0103 la ora 17.00, peste 28,4% dintre aleg\u0103tori. Sec\u021biile de votare sunt deschise p\u00e2n\u0103 [&hellip;]<\/p>\n","protected":false},"author":1,"featured_media":89865,"comment_status":"open","ping_status":"open","sticky":false,"template":"","format":"standard","meta":{"slim_seo":{"title":"41,40 % dintre cet\u0103\u0163enii cu drept de vot din Giurgiu au mers la urne, p\u00e2n\u0103 la ora 17.00 - GIURGIU NET","description":"88.436 dintre aleg\u0103torii din municipiul \u015fi jude\u0163ul Giurgiu au mers s\u0103 voteze la alegerile pentru Parlamentul European, respectiv cele locale, p\u00e2n\u0103 la aceas\u0103 or\u0103"},"footnotes":""},"categories":[18,25],"tags":[],"class_list":{"0":"post-89884","1":"post","2":"type-post","3":"status-publish","4":"format-standard","5":"has-post-thumbnail","7":"category-actual","8":"category-pol"},"_links":{"self":[{"href":"https:\/\/giurgiu-net.ro\/index.php\/wp-json\/wp\/v2\/posts\/89884","targetHints":{"allow":["GET"]}}],"collection":[{"href":"https:\/\/giurgiu-net.ro\/index.php\/wp-json\/wp\/v2\/posts"}],"about":[{"href":"https:\/\/giurgiu-net.ro\/index.php\/wp-json\/wp\/v2\/types\/post"}],"author":[{"embeddable":true,"href":"https:\/\/giurgiu-net.ro\/index.php\/wp-json\/wp\/v2\/users\/1"}],"replies":[{"embeddable":true,"href":"https:\/\/giurgiu-net.ro\/index.php\/wp-json\/wp\/v2\/comments?post=89884"}],"version-history":[{"count":0,"href":"https:\/\/giurgiu-net.ro\/index.php\/wp-json\/wp\/v2\/posts\/89884\/revisions"}],"wp:featuredmedia":[{"embeddable":true,"href":"https:\/\/giurgiu-net.ro\/index.php\/wp-json\/wp\/v2\/media\/89865"}],"wp:attachment":[{"href":"https:\/\/giurgiu-net.ro\/index.php\/wp-json\/wp\/v2\/media?parent=89884"}],"wp:term":[{"taxonomy":"category","embeddable":true,"href":"https:\/\/giurgiu-net.ro\/index.php\/wp-json\/wp\/v2\/categories?post=89884"},{"taxonomy":"post_tag","embeddable":true,"href":"https:\/\/giurgiu-net.ro\/index.php\/wp-json\/wp\/v2\/tags?post=89884"}],"curies":[{"name":"wp","href":"https:\/\/api.w.org\/{rel}","templated":true}]}}