{"id":89868,"date":"2024-06-09T10:51:47","date_gmt":"2024-06-09T07:51:47","guid":{"rendered":"https:\/\/giurgiu-net.ro\/?p=89868"},"modified":"2024-06-09T10:51:48","modified_gmt":"2024-06-09T07:51:48","slug":"scandal-la-clejani-se-cere-oprirea-procesului-de-votare","status":"publish","type":"post","link":"https:\/\/giurgiu-net.ro\/index.php\/2024\/06\/09\/scandal-la-clejani-se-cere-oprirea-procesului-de-votare\/","title":{"rendered":"Scandal la Clejani. Se cere oprirea procesului de votare"},"content":{"rendered":"\n<p>Tensiuni uria\u015fe, la Clejani, acolo unde un candidat reclam\u0103 \u00eenc\u0103lcarea grav\u0103 a legii electorale, lipsa for\u0163elor de ordine \u015fi cere oprirea procesului de votare.<\/p>\n\n\n\n<p>Mai exact, candidatul respectiv acuz\u0103 c\u0103 ar fi adu\u015fi oameni cu ma\u015finile la urne, dar \u015fi c\u0103 unii observatori \u00ee\u015fi scot ecusoanele \u015fi ar intra \u00een cabina de vot cu aleg\u0103torii.  &#8222;Mai mult, cei care voteaz\u0103 cu altcineva dec\u00e2t cu primarul \u00een func\u0163ie sunt \u00eenjura\u0163i. Se laud\u0103 c\u0103 au camere video \u00een sec\u0163ie. La sec\u0163ia de pe Neajlov, au aruncat \u015fi cu ap\u0103 pe oameni. Nu \u015ftim unde este Poli\u0163ia, Jandarmeria, sunt doar bodyguarzii primarului aici&#8221;, ne-a declarat Georgiana Bunescu.<\/p>\n\n\n\n<p>\u00cen ciuda reclama\u0163iilor f\u0103cute c\u0103tre organele de anchet\u0103, mai spune ea, nu s-a remediat nimic \u015fi Bunescu cere, astfel, oprirea temporar\u0103 a procesului de votare.<\/p>\n\n\n\n<p>Vom reveni cu am\u0103nunte!<\/p>\n","protected":false},"excerpt":{"rendered":"<p>Tensiuni uria\u015fe, la Clejani, acolo unde un candidat reclam\u0103 \u00eenc\u0103lcarea grav\u0103 a legii electorale, lipsa for\u0163elor de ordine \u015fi cere oprirea procesului de votare. Mai exact, candidatul respectiv acuz\u0103 c\u0103 ar fi adu\u015fi oameni cu ma\u015finile la urne, dar \u015fi c\u0103 unii observatori \u00ee\u015fi scot ecusoanele \u015fi ar intra \u00een cabina de vot cu aleg\u0103torii. [&hellip;]<\/p>\n","protected":false},"author":1,"featured_media":89869,"comment_status":"open","ping_status":"open","sticky":false,"template":"","format":"standard","meta":{"slim_seo":{"title":"Scandal la Clejani. Se cere oprirea procesului de votare - GIURGIU NET","description":"Tensiuni uria\u015fe, la Clejani, acolo unde un candidat reclam\u0103 \u00eenc\u0103lcarea grav\u0103 a legii electorale, lipsa for\u0163elor de ordine \u015fi cere oprirea procesului de votare."},"footnotes":""},"categories":[18],"tags":[],"class_list":{"0":"post-89868","1":"post","2":"type-post","3":"status-publish","4":"format-standard","5":"has-post-thumbnail","7":"category-actual"},"_links":{"self":[{"href":"https:\/\/giurgiu-net.ro\/index.php\/wp-json\/wp\/v2\/posts\/89868","targetHints":{"allow":["GET"]}}],"collection":[{"href":"https:\/\/giurgiu-net.ro\/index.php\/wp-json\/wp\/v2\/posts"}],"about":[{"href":"https:\/\/giurgiu-net.ro\/index.php\/wp-json\/wp\/v2\/types\/post"}],"author":[{"embeddable":true,"href":"https:\/\/giurgiu-net.ro\/index.php\/wp-json\/wp\/v2\/users\/1"}],"replies":[{"embeddable":true,"href":"https:\/\/giurgiu-net.ro\/index.php\/wp-json\/wp\/v2\/comments?post=89868"}],"version-history":[{"count":0,"href":"https:\/\/giurgiu-net.ro\/index.php\/wp-json\/wp\/v2\/posts\/89868\/revisions"}],"wp:featuredmedia":[{"embeddable":true,"href":"https:\/\/giurgiu-net.ro\/index.php\/wp-json\/wp\/v2\/media\/89869"}],"wp:attachment":[{"href":"https:\/\/giurgiu-net.ro\/index.php\/wp-json\/wp\/v2\/media?parent=89868"}],"wp:term":[{"taxonomy":"category","embeddable":true,"href":"https:\/\/giurgiu-net.ro\/index.php\/wp-json\/wp\/v2\/categories?post=89868"},{"taxonomy":"post_tag","embeddable":true,"href":"https:\/\/giurgiu-net.ro\/index.php\/wp-json\/wp\/v2\/tags?post=89868"}],"curies":[{"name":"wp","href":"https:\/\/api.w.org\/{rel}","templated":true}]}}