{"id":89859,"date":"2024-06-08T10:08:13","date_gmt":"2024-06-08T07:08:13","guid":{"rendered":"https:\/\/giurgiu-net.ro\/?p=89859"},"modified":"2024-06-08T10:09:47","modified_gmt":"2024-06-08T07:09:47","slug":"ipj-giurgiu-iese-cu-informatii-despre-explozia-de-la-liceul-din-bolintin","status":"publish","type":"post","link":"https:\/\/giurgiu-net.ro\/index.php\/2024\/06\/08\/ipj-giurgiu-iese-cu-informatii-despre-explozia-de-la-liceul-din-bolintin\/","title":{"rendered":"IPJ Giurgiu iese cu informa\u0163ii despre explozia de la Liceul din Bolintin. Totu\u015fi, de ce s-a \u00eencercat mu\u015famalizarea cazului?"},"content":{"rendered":"\n<p>\u015ei Poli\u0163ia Giurgiu a transmis un comunicat de pres\u0103 \u00een care face preciz\u0103ri pe tema exploziei de ieri de la atelierul Liceului din Bolintin Vale.<\/p>\n\n\n\n<p>\u00cenainte de asta, ISU a completat comunicatul cu urm\u0103toarea informa\u0163ie: &#8222;Cl\u0103direa \u00een care func\u021bioneaz\u0103 atelierul este veche, nu a suferit modific\u0103ri structurale \u0219i din acest motiv nu se supune autoriz\u0103rii ISU&#8221;.<\/p>\n\n\n\n<p>Bun, \u015fi atunci DE CE S-A \u00ceNCERCAT MU\u015eAMALIZAREA CAZULUI? Ce ascund, de fapt, conducerea Liceului, Prim\u0103ria Bolintin, de ce Inspectoratul \u015ecolar \u00eenc\u0103 tace? \u00cei rug\u0103m, \u00eenc\u0103 o dat\u0103, public s\u0103 ne explice de ce a fost transmis acest mesaj pe grupul de Whatsapp:<\/p>\n\n\n\n<figure class=\"wp-block-image size-full\"><img loading=\"lazy\" decoding=\"async\" width=\"644\" height=\"334\" src=\"https:\/\/giurgiu-net.ro\/wp-content\/uploads\/2024\/06\/WhatsApp-Image-2024-06-08-at-08.03.31-1.jpeg\" alt=\"Whatsapp Image 2024 06 08 At 08.03.31 1\" class=\"wp-image-89860\" srcset=\"https:\/\/giurgiu-net.ro\/wp-content\/uploads\/2024\/06\/WhatsApp-Image-2024-06-08-at-08.03.31-1.jpeg 644w, https:\/\/giurgiu-net.ro\/wp-content\/uploads\/2024\/06\/WhatsApp-Image-2024-06-08-at-08.03.31-1-300x156.jpeg 300w\" sizes=\"auto, (max-width: 644px) 100vw, 644px\" \/><\/figure>\n\n\n\n<p>Revenim \u015fi v\u0103 prezent\u0103m comunicatul IPJ Giurgiu, \u00een acest caz: <\/p>\n\n\n\n<p>&#8222;La data de 7 iunie a.c., ora 15.47, poli\u021bi\u0219tii din cadrul Poli\u021biei ora\u0219 Bolintin Vale au fost sesiza\u021bi prin apel 112 de c\u0103tre o femeie, cu privire la faptul c\u0103 tavanul unei clase s-ar fi pr\u0103bu\u0219it, \u00een Liceul Dimitrie Bolintineanu.<\/p>\n\n\n\n<p>Din primele cercet\u0103ri a reie\u0219it faptul c\u0103, la data de 7 iunie a.c., \u00een intervalul 15.00-16.00, \u00een timpul desf\u0103\u0219ur\u0103rii unor activit\u0103\u021bi \u00een atelierul de practic\u0103, const\u00e2nd \u00een sudarea unui glob p\u0103m\u00e2ntesc, acesta a explodat, din cauza unor acumul\u0103ri de gaze \u00een interior.<\/p>\n\n\n\n<p>\u00cen urma producerii evenimentului, a rezultat r\u0103nirea a doi minori, de 16, respectiv 17 ani, ace\u0219tia fiind transporta\u021bi la spital, pentru acordarea de \u00eengrijiri medicale.<\/p>\n\n\n\n<p>La fa\u021ba locului s-au deplasat pompierii din cadrul I.S.U. Vla\u0219ca, care au constatat faptul c\u0103 explozia nu a fost urmat\u0103 de incendiu.<\/p>\n\n\n\n<p>\u00cen cauz\u0103, cercet\u0103rile sunt continuate sub aspectul s\u0103v\u00e2r\u0219irii infrac\u021biunilor de v\u0103t\u0103mare corporal\u0103 din culp\u0103, distrugere, neluarea m\u0103surilor legale de securitate \u0219i s\u0103n\u0103tate \u00een munc\u0103 \u0219i nerespectarea m\u0103surilor legale de securitate \u0219i s\u0103n\u0103tate \u00een munc\u0103&#8221;<\/p>\n","protected":false},"excerpt":{"rendered":"<p>\u015ei Poli\u0163ia Giurgiu a transmis un comunicat de pres\u0103 \u00een care face preciz\u0103ri pe tema exploziei de ieri de la atelierul Liceului din Bolintin Vale. \u00cenainte de asta, ISU a completat comunicatul cu urm\u0103toarea informa\u0163ie: &#8222;Cl\u0103direa \u00een care func\u021bioneaz\u0103 atelierul este veche, nu a suferit modific\u0103ri structurale \u0219i din acest motiv nu se supune autoriz\u0103rii [&hellip;]<\/p>\n","protected":false},"author":1,"featured_media":89851,"comment_status":"open","ping_status":"open","sticky":false,"template":"","format":"standard","meta":{"slim_seo":{"title":"IPJ Giurgiu iese cu informa\u0163ii despre explozia de la Liceul din Bolintin. Totu\u015fi, de ce s-a \u00eencercat mu\u015famalizarea cazului? - GIURGIU NET","description":"\u015ei Poli\u0163ia Giurgiu a transmis un comunicat de pres\u0103 \u00een care face preciz\u0103ri pe tema exploziei de ieri de la atelierul Liceului din Bolintin Vale. \u00cenainte de asta"},"footnotes":""},"categories":[18,26],"tags":[],"class_list":{"0":"post-89859","1":"post","2":"type-post","3":"status-publish","4":"format-standard","5":"has-post-thumbnail","7":"category-actual","8":"category-soc"},"_links":{"self":[{"href":"https:\/\/giurgiu-net.ro\/index.php\/wp-json\/wp\/v2\/posts\/89859","targetHints":{"allow":["GET"]}}],"collection":[{"href":"https:\/\/giurgiu-net.ro\/index.php\/wp-json\/wp\/v2\/posts"}],"about":[{"href":"https:\/\/giurgiu-net.ro\/index.php\/wp-json\/wp\/v2\/types\/post"}],"author":[{"embeddable":true,"href":"https:\/\/giurgiu-net.ro\/index.php\/wp-json\/wp\/v2\/users\/1"}],"replies":[{"embeddable":true,"href":"https:\/\/giurgiu-net.ro\/index.php\/wp-json\/wp\/v2\/comments?post=89859"}],"version-history":[{"count":0,"href":"https:\/\/giurgiu-net.ro\/index.php\/wp-json\/wp\/v2\/posts\/89859\/revisions"}],"wp:featuredmedia":[{"embeddable":true,"href":"https:\/\/giurgiu-net.ro\/index.php\/wp-json\/wp\/v2\/media\/89851"}],"wp:attachment":[{"href":"https:\/\/giurgiu-net.ro\/index.php\/wp-json\/wp\/v2\/media?parent=89859"}],"wp:term":[{"taxonomy":"category","embeddable":true,"href":"https:\/\/giurgiu-net.ro\/index.php\/wp-json\/wp\/v2\/categories?post=89859"},{"taxonomy":"post_tag","embeddable":true,"href":"https:\/\/giurgiu-net.ro\/index.php\/wp-json\/wp\/v2\/tags?post=89859"}],"curies":[{"name":"wp","href":"https:\/\/api.w.org\/{rel}","templated":true}]}}