{"id":88791,"date":"2024-04-03T10:14:56","date_gmt":"2024-04-03T07:14:56","guid":{"rendered":"https:\/\/giurgiu-net.ro\/?p=88791"},"modified":"2024-04-03T10:49:31","modified_gmt":"2024-04-03T07:49:31","slug":"giurgiu-vantul-a-facut-deranj-in-mai-multe-zone-ale-judetului","status":"publish","type":"post","link":"https:\/\/giurgiu-net.ro\/index.php\/2024\/04\/03\/giurgiu-vantul-a-facut-deranj-in-mai-multe-zone-ale-judetului\/","title":{"rendered":"GIURGIU: V\u00e2ntul a f\u0103cut &#8222;deranj&#8221; \u00een mai multe zone ale jude\u0163ului"},"content":{"rendered":"\n<p class=\"wp-block-paragraph\">Pompierii giurgiuveni au transmis, ieri sear\u0103, bilan\u0163ul interven\u0163iilor pe care le-au f\u0103cut, \u00een jude\u0163ul Giurgiu, \u00een timpul codului portocaliu de v\u00e2nt puternic.<\/p>\n\n\n\n<p class=\"wp-block-paragraph\">&#8222;\u00cen urma codului portocaliu de v\u00e2nt puternic emis de meteorologi pentru jude\u021bul Giurgiu, ieri, pompierii au intervenit \u00een urm\u0103toarele situa\u021bii:<\/p>\n\n\n\n<ul class=\"wp-block-list\">\n<li>strada Tabiei din municipiu: crengile unui copac au c\u0103zut pe fa\u021bada, acoperi\u0219ul unei case \u0219i pe o conduct\u0103 de gaz. Pompierii au ac\u021bionat pentru eliberarea c\u0103ii de acces \u00een locuin\u021b\u0103 \u0219i pentru \u00eendep\u0103rtarea crengilor de pe conducta respectiv\u0103;<\/li>\n\n\n\n<li>\u0219oseaua Bucure\u0219ti din municipiu: degajarea unor elemente de construc\u021bie de pe acoperi\u0219ul unei cl\u0103diri;<\/li>\n\n\n\n<li>str. Tineretului, izola\u021bia desprins\u0103 de pe acoperi\u0219ul unui bloc punea \u00een pericol siguran\u021ba trec\u0103torilor;<\/li>\n\n\n\n<li>str. Tineretului, dou\u0103 panouri fotovoltaice s-au desprins de pe acoperi\u0219ul unui bloc, iar unul dintre acestea a c\u0103zut peste cel unei alte cl\u0103diri, aflate \u00een apropiere. Ac\u021biunea este \u00een dinamic\u0103;<\/li>\n\n\n\n<li>\u00een curtea Liceului Tehnologic &#8222;Dimitrie Bolintineanu&#8221; din ora\u0219ul Bolintin Vale: crengile unui copac, rupte de v\u00e2nt, puneau \u00een pericol siguran\u021ba cet\u0103\u021benilor, exist\u00e2nd riscul ca acestea s\u0103 cad\u0103 pe trotuar \u0219i pe cablurile de electricitate. \u00cen sprijinul pompierilor, a ac\u021bionat \u0219i Serviciul Voluntar pentru Situa\u021bii de Urgen\u021b\u0103 din localitate;<\/li>\n\n\n\n<li>DN 41, \u00een localitatea B\u0103neasa: crengile unui copac au c\u0103zut peste firele de electricitate. <\/li>\n<\/ul>\n\n\n\n<figure class=\"wp-block-gallery has-nested-images columns-2 is-cropped wp-block-gallery-1 is-layout-flex wp-block-gallery-is-layout-flex\">\n<figure class=\"wp-block-image size-large\"><img loading=\"lazy\" decoding=\"async\" width=\"993\" height=\"1024\" data-id=\"88794\" src=\"https:\/\/giurgiu-net.ro\/wp-content\/uploads\/2024\/04\/WhatsApp-Image-2024-04-02-at-7.47.58-PM-993x1024.jpeg\" alt=\"Whatsapp Image 2024 04 02 At 7.47.58 Pm\" class=\"wp-image-88794\" srcset=\"https:\/\/giurgiu-net.ro\/wp-content\/uploads\/2024\/04\/WhatsApp-Image-2024-04-02-at-7.47.58-PM-993x1024.jpeg 993w, https:\/\/giurgiu-net.ro\/wp-content\/uploads\/2024\/04\/WhatsApp-Image-2024-04-02-at-7.47.58-PM-291x300.jpeg 291w, https:\/\/giurgiu-net.ro\/wp-content\/uploads\/2024\/04\/WhatsApp-Image-2024-04-02-at-7.47.58-PM-768x792.jpeg 768w, https:\/\/giurgiu-net.ro\/wp-content\/uploads\/2024\/04\/WhatsApp-Image-2024-04-02-at-7.47.58-PM-1489x1536.jpeg 1489w, https:\/\/giurgiu-net.ro\/wp-content\/uploads\/2024\/04\/WhatsApp-Image-2024-04-02-at-7.47.58-PM-1986x2048.jpeg 1986w, https:\/\/giurgiu-net.ro\/wp-content\/uploads\/2024\/04\/WhatsApp-Image-2024-04-02-at-7.47.58-PM-696x718.jpeg 696w, https:\/\/giurgiu-net.ro\/wp-content\/uploads\/2024\/04\/WhatsApp-Image-2024-04-02-at-7.47.58-PM-1068x1101.jpeg 1068w, https:\/\/giurgiu-net.ro\/wp-content\/uploads\/2024\/04\/WhatsApp-Image-2024-04-02-at-7.47.58-PM-1920x1980.jpeg 1920w\" sizes=\"auto, (max-width: 993px) 100vw, 993px\" \/><\/figure>\n\n\n\n<figure class=\"wp-block-image size-large\"><img loading=\"lazy\" decoding=\"async\" width=\"1024\" height=\"827\" data-id=\"88793\" src=\"https:\/\/giurgiu-net.ro\/wp-content\/uploads\/2024\/04\/WhatsApp-Image-2024-04-02-at-7.47.59-PM-1024x827.jpeg\" alt=\"Whatsapp Image 2024 04 02 At 7.47.59 Pm\" class=\"wp-image-88793\" srcset=\"https:\/\/giurgiu-net.ro\/wp-content\/uploads\/2024\/04\/WhatsApp-Image-2024-04-02-at-7.47.59-PM-1024x827.jpeg 1024w, https:\/\/giurgiu-net.ro\/wp-content\/uploads\/2024\/04\/WhatsApp-Image-2024-04-02-at-7.47.59-PM-300x242.jpeg 300w, https:\/\/giurgiu-net.ro\/wp-content\/uploads\/2024\/04\/WhatsApp-Image-2024-04-02-at-7.47.59-PM-768x620.jpeg 768w, https:\/\/giurgiu-net.ro\/wp-content\/uploads\/2024\/04\/WhatsApp-Image-2024-04-02-at-7.47.59-PM-1536x1241.jpeg 1536w, https:\/\/giurgiu-net.ro\/wp-content\/uploads\/2024\/04\/WhatsApp-Image-2024-04-02-at-7.47.59-PM-2048x1654.jpeg 2048w, https:\/\/giurgiu-net.ro\/wp-content\/uploads\/2024\/04\/WhatsApp-Image-2024-04-02-at-7.47.59-PM-696x562.jpeg 696w, https:\/\/giurgiu-net.ro\/wp-content\/uploads\/2024\/04\/WhatsApp-Image-2024-04-02-at-7.47.59-PM-1068x863.jpeg 1068w, https:\/\/giurgiu-net.ro\/wp-content\/uploads\/2024\/04\/WhatsApp-Image-2024-04-02-at-7.47.59-PM-1920x1551.jpeg 1920w\" sizes=\"auto, (max-width: 1024px) 100vw, 1024px\" \/><\/figure>\n\n\n\n<figure class=\"wp-block-image size-large\"><img loading=\"lazy\" decoding=\"async\" width=\"1024\" height=\"768\" data-id=\"88792\" src=\"https:\/\/giurgiu-net.ro\/wp-content\/uploads\/2024\/04\/WhatsApp-Image-2024-04-02-at-7.57.44-PM-1-1024x768.jpeg\" alt=\"Whatsapp Image 2024 04 02 At 7.57.44 Pm 1\" class=\"wp-image-88792\" srcset=\"https:\/\/giurgiu-net.ro\/wp-content\/uploads\/2024\/04\/WhatsApp-Image-2024-04-02-at-7.57.44-PM-1-1024x768.jpeg 1024w, https:\/\/giurgiu-net.ro\/wp-content\/uploads\/2024\/04\/WhatsApp-Image-2024-04-02-at-7.57.44-PM-1-300x225.jpeg 300w, https:\/\/giurgiu-net.ro\/wp-content\/uploads\/2024\/04\/WhatsApp-Image-2024-04-02-at-7.57.44-PM-1-768x576.jpeg 768w, https:\/\/giurgiu-net.ro\/wp-content\/uploads\/2024\/04\/WhatsApp-Image-2024-04-02-at-7.57.44-PM-1-1536x1152.jpeg 1536w, https:\/\/giurgiu-net.ro\/wp-content\/uploads\/2024\/04\/WhatsApp-Image-2024-04-02-at-7.57.44-PM-1-2048x1536.jpeg 2048w, https:\/\/giurgiu-net.ro\/wp-content\/uploads\/2024\/04\/WhatsApp-Image-2024-04-02-at-7.57.44-PM-1-696x522.jpeg 696w, https:\/\/giurgiu-net.ro\/wp-content\/uploads\/2024\/04\/WhatsApp-Image-2024-04-02-at-7.57.44-PM-1-1068x801.jpeg 1068w, https:\/\/giurgiu-net.ro\/wp-content\/uploads\/2024\/04\/WhatsApp-Image-2024-04-02-at-7.57.44-PM-1-1920x1440.jpeg 1920w\" sizes=\"auto, (max-width: 1024px) 100vw, 1024px\" \/><\/figure>\n<\/figure>\n\n\n\n<p class=\"wp-block-paragraph\">La cazuri s-au deplasat echipaje din cadrul Deta\u0219amentelor Giurgiu \u0219i Bolintin Deal, cu autospeciale dotate cu accesorii specifice pentru astfel de misiuni \u0219i cu autospeciale pentru interven\u021bie \u0219i salvare de la \u00een\u0103l\u021bime.<\/p>\n\n\n\n<p class=\"wp-block-paragraph\">Reamintim faptul c\u0103 jude\u021bul Giurgiu s-a aflat sub inciden\u021ba unui cod portocaliu de intensific\u0103ri ale v\u00e2ntului din aceast\u0103 diminea\u021b\u0103, de la ora 08:00, p\u00e2n\u0103 dup\u0103-amiaz\u0103, la ora 18:00. \u00cen acest interval, au fost perioade \u00een care v\u00e2ntul a batut cu viteze de 80-85 km\/h.<\/p>\n\n\n\n<p class=\"wp-block-paragraph\">Meteorologii au actualizat prognoza \u0219i au transformat codul portocaliu \u00een cod galben. Potrivit acestora,p\u00e2n\u0103 la ora 22:00, v\u00e2ntul va sufla cu 55-65 km\/h, iar local de 70-80 km\/h. Pe alocuri, se vor semnala vijelii.<\/p>\n\n\n\n<p class=\"wp-block-paragraph\">Pentru a gestiona \u00een mod operativ situa\u021biile de urgen\u021b\u0103 care ar putea ap\u0103rea din cauza fenomenelor meteorologice periculoase pompierii vor fi la datorie, preg\u0103ti\u021bi s\u0103 intervin\u0103 cu mijloacele tehnice din dotare&#8221;, a transmis ISU Giurgiu.<\/p>\n\n\n\n<p class=\"wp-block-paragraph\">Foto: ISU Giurgiu<\/p>\n","protected":false},"excerpt":{"rendered":"<p>Pompierii giurgiuveni au transmis, ieri sear\u0103, bilan\u0163ul interven\u0163iilor pe care le-au f\u0103cut, \u00een jude\u0163ul Giurgiu, \u00een timpul codului portocaliu de v\u00e2nt puternic. &#8222;\u00cen urma codului portocaliu de v\u00e2nt puternic emis de meteorologi pentru jude\u021bul Giurgiu, ieri, pompierii au intervenit \u00een urm\u0103toarele situa\u021bii: La cazuri s-au deplasat echipaje din cadrul Deta\u0219amentelor Giurgiu \u0219i Bolintin Deal, cu [&hellip;]<\/p>\n","protected":false},"author":1,"featured_media":88792,"comment_status":"open","ping_status":"open","sticky":false,"template":"","format":"standard","meta":{"slim_seo":{"title":"GIURGIU: V\u00e2ntul a f\u0103cut \"deranj\" \u00een mai multe zone ale jude\u0163ului - GIURGIU NET","description":"Pompierii giurgiuveni au transmis, ieri sear\u0103, bilan\u0163ul interven\u0163iilor pe care le-au f\u0103cut, \u00een jude\u0163ul Giurgiu, \u00een timpul codului portocaliu de v\u00e2nt puternic. \""},"footnotes":""},"categories":[18,26],"tags":[1452],"class_list":["post-88791","post","type-post","status-publish","format-standard","has-post-thumbnail","category-actual","category-soc","tag-isu-giurgiu"],"_links":{"self":[{"href":"https:\/\/giurgiu-net.ro\/index.php\/wp-json\/wp\/v2\/posts\/88791","targetHints":{"allow":["GET"]}}],"collection":[{"href":"https:\/\/giurgiu-net.ro\/index.php\/wp-json\/wp\/v2\/posts"}],"about":[{"href":"https:\/\/giurgiu-net.ro\/index.php\/wp-json\/wp\/v2\/types\/post"}],"author":[{"embeddable":true,"href":"https:\/\/giurgiu-net.ro\/index.php\/wp-json\/wp\/v2\/users\/1"}],"replies":[{"embeddable":true,"href":"https:\/\/giurgiu-net.ro\/index.php\/wp-json\/wp\/v2\/comments?post=88791"}],"version-history":[{"count":0,"href":"https:\/\/giurgiu-net.ro\/index.php\/wp-json\/wp\/v2\/posts\/88791\/revisions"}],"wp:featuredmedia":[{"embeddable":true,"href":"https:\/\/giurgiu-net.ro\/index.php\/wp-json\/wp\/v2\/media\/88792"}],"wp:attachment":[{"href":"https:\/\/giurgiu-net.ro\/index.php\/wp-json\/wp\/v2\/media?parent=88791"}],"wp:term":[{"taxonomy":"category","embeddable":true,"href":"https:\/\/giurgiu-net.ro\/index.php\/wp-json\/wp\/v2\/categories?post=88791"},{"taxonomy":"post_tag","embeddable":true,"href":"https:\/\/giurgiu-net.ro\/index.php\/wp-json\/wp\/v2\/tags?post=88791"}],"curies":[{"name":"wp","href":"https:\/\/api.w.org\/{rel}","templated":true}]}}