{"id":88767,"date":"2024-03-26T08:54:16","date_gmt":"2024-03-26T06:54:16","guid":{"rendered":"https:\/\/giurgiu-net.ro\/?p=88767"},"modified":"2024-03-26T08:54:17","modified_gmt":"2024-03-26T06:54:17","slug":"atentie-exercitiu-interventie-in-caz-de-cutremur-si-incendiu-la-o-scoala-din-giurgiu","status":"publish","type":"post","link":"https:\/\/giurgiu-net.ro\/index.php\/2024\/03\/26\/atentie-exercitiu-interventie-in-caz-de-cutremur-si-incendiu-la-o-scoala-din-giurgiu\/","title":{"rendered":"Aten\u021bie, exerci\u021biu! Interven\u021bie \u00een caz de cutremur \u0219i incendiu, la o \u0219coal\u0103 din Giurgiu"},"content":{"rendered":"\n<p>Deta\u0219amentul de Pompieri Giurgiu organizeaz\u0103 miercuri, 27 martie a.c., \u00eencep\u00e2nd cu ora 12:00, un exerci\u021biu la \u0218coala Gimnazial\u0103 nr. 8 \u201eAcademician Marin Voiculescu\u201d din municipiu.<\/p>\n\n\n\n<p>Conform scenariului, \u00een urma unui cutremur \u0219i a unui incendiu, \u00eentreaga institu\u021bie de \u00eenv\u0103\u021b\u0103m\u00e2nt a trebuit evacuat\u0103, iar dou\u0103 persoane care au fost surprinse \u00een interior au avut nevoie de ajutor.<\/p>\n\n\n\n<p>Elevii, p\u0103rin\u021bii, cet\u0103\u021benii care locuiesc \u00een zon\u0103 sau vor trece prin apropierea locului \u00een care se vor desf\u0103\u0219ura evenimentele trebuie s\u0103 \u0219tie c\u0103 este vorba despre un exerci\u021biu, iar siguran\u021ba acestora nu este pus\u0103 \u00een pericol.<\/p>\n\n\n\n<p>Comunicat \u015fi foto: ISU Giurgiu<\/p>\n","protected":false},"excerpt":{"rendered":"<p>Deta\u0219amentul de Pompieri Giurgiu organizeaz\u0103 miercuri, 27 martie a.c., \u00eencep\u00e2nd cu ora 12:00, un exerci\u021biu la \u0218coala Gimnazial\u0103 nr. 8 \u201eAcademician Marin Voiculescu\u201d din municipiu. Conform scenariului, \u00een urma unui cutremur \u0219i a unui incendiu, \u00eentreaga institu\u021bie de \u00eenv\u0103\u021b\u0103m\u00e2nt a trebuit evacuat\u0103, iar dou\u0103 persoane care au fost surprinse \u00een interior au avut nevoie de [&hellip;]<\/p>\n","protected":false},"author":1,"featured_media":88768,"comment_status":"open","ping_status":"open","sticky":false,"template":"","format":"standard","meta":{"slim_seo":{"title":"Aten\u021bie, exerci\u021biu! Interven\u021bie \u00een caz de cutremur \u0219i incendiu, la o \u0219coal\u0103 din Giurgiu - GIURGIU NET","description":"Deta\u0219amentul de Pompieri Giurgiu organizeaz\u0103 miercuri, 27 martie a.c., \u00eencep\u00e2nd cu ora 12:00, un exerci\u021biu la \u0218coala Gimnazial\u0103 nr. 8 \u201eAcademician Marin Voicule"},"footnotes":""},"categories":[18,26],"tags":[1452],"class_list":{"0":"post-88767","1":"post","2":"type-post","3":"status-publish","4":"format-standard","5":"has-post-thumbnail","7":"category-actual","8":"category-soc","9":"tag-isu-giurgiu"},"_links":{"self":[{"href":"https:\/\/giurgiu-net.ro\/index.php\/wp-json\/wp\/v2\/posts\/88767","targetHints":{"allow":["GET"]}}],"collection":[{"href":"https:\/\/giurgiu-net.ro\/index.php\/wp-json\/wp\/v2\/posts"}],"about":[{"href":"https:\/\/giurgiu-net.ro\/index.php\/wp-json\/wp\/v2\/types\/post"}],"author":[{"embeddable":true,"href":"https:\/\/giurgiu-net.ro\/index.php\/wp-json\/wp\/v2\/users\/1"}],"replies":[{"embeddable":true,"href":"https:\/\/giurgiu-net.ro\/index.php\/wp-json\/wp\/v2\/comments?post=88767"}],"version-history":[{"count":0,"href":"https:\/\/giurgiu-net.ro\/index.php\/wp-json\/wp\/v2\/posts\/88767\/revisions"}],"wp:featuredmedia":[{"embeddable":true,"href":"https:\/\/giurgiu-net.ro\/index.php\/wp-json\/wp\/v2\/media\/88768"}],"wp:attachment":[{"href":"https:\/\/giurgiu-net.ro\/index.php\/wp-json\/wp\/v2\/media?parent=88767"}],"wp:term":[{"taxonomy":"category","embeddable":true,"href":"https:\/\/giurgiu-net.ro\/index.php\/wp-json\/wp\/v2\/categories?post=88767"},{"taxonomy":"post_tag","embeddable":true,"href":"https:\/\/giurgiu-net.ro\/index.php\/wp-json\/wp\/v2\/tags?post=88767"}],"curies":[{"name":"wp","href":"https:\/\/api.w.org\/{rel}","templated":true}]}}