{"id":88747,"date":"2024-03-25T10:03:28","date_gmt":"2024-03-25T08:03:28","guid":{"rendered":"https:\/\/giurgiu-net.ro\/?p=88747"},"modified":"2024-03-25T10:03:29","modified_gmt":"2024-03-25T08:03:29","slug":"demonstratie-de-forta-la-mihailesti-sute-de-tineri-in-noua-organizatie-a-tsd","status":"publish","type":"post","link":"https:\/\/giurgiu-net.ro\/index.php\/2024\/03\/25\/demonstratie-de-forta-la-mihailesti-sute-de-tineri-in-noua-organizatie-a-tsd\/","title":{"rendered":"Demonstra\u0163ie de for\u0163\u0103, la MIH\u0102ILE\u015eTI. Sute de tineri, \u00een noua organiza\u0163ie a TSD"},"content":{"rendered":"\n<p>Peste 300 de persoane au participat, ieri, 24 martie, la \u015fedin\u0163a de constituire a TSD Mih\u0103ile\u015fti. Al\u0103turi de echipa din ora\u015ful men\u0163ionat au fost \u015fi pre\u015fedintele PSD Giurgiu, Marian Mina, pre\u015fedintele PSD Mih\u0103ile\u015fti, primarul Mihai Dobre, pre\u015fedintele OFSD Giurgiu, Cristina Elena Dinu, pre\u015fedintele TSD Giurgiu, Drago\u015f Udvuleanu, \u015fi vicepre\u015fedinte al OFSD, Alina Costan.<\/p>\n\n\n\n<figure class=\"wp-block-gallery has-nested-images columns-default is-cropped wp-block-gallery-1 is-layout-flex wp-block-gallery-is-layout-flex\">\n<figure class=\"wp-block-image size-large\"><img loading=\"lazy\" decoding=\"async\" width=\"800\" height=\"533\" data-id=\"88748\" src=\"https:\/\/giurgiu-net.ro\/wp-content\/uploads\/2024\/03\/DSC_5184.jpg\" alt=\"Dsc 5184\" class=\"wp-image-88748\" srcset=\"https:\/\/giurgiu-net.ro\/wp-content\/uploads\/2024\/03\/DSC_5184.jpg 800w, https:\/\/giurgiu-net.ro\/wp-content\/uploads\/2024\/03\/DSC_5184-300x200.jpg 300w, https:\/\/giurgiu-net.ro\/wp-content\/uploads\/2024\/03\/DSC_5184-768x512.jpg 768w, https:\/\/giurgiu-net.ro\/wp-content\/uploads\/2024\/03\/DSC_5184-696x464.jpg 696w\" sizes=\"auto, (max-width: 800px) 100vw, 800px\" \/><\/figure>\n\n\n\n<figure class=\"wp-block-image size-large\"><img loading=\"lazy\" decoding=\"async\" width=\"800\" height=\"533\" data-id=\"88757\" src=\"https:\/\/giurgiu-net.ro\/wp-content\/uploads\/2024\/03\/DSC_5206.jpg\" alt=\"Dsc 5206\" class=\"wp-image-88757\" srcset=\"https:\/\/giurgiu-net.ro\/wp-content\/uploads\/2024\/03\/DSC_5206.jpg 800w, https:\/\/giurgiu-net.ro\/wp-content\/uploads\/2024\/03\/DSC_5206-300x200.jpg 300w, https:\/\/giurgiu-net.ro\/wp-content\/uploads\/2024\/03\/DSC_5206-768x512.jpg 768w, https:\/\/giurgiu-net.ro\/wp-content\/uploads\/2024\/03\/DSC_5206-696x464.jpg 696w\" sizes=\"auto, (max-width: 800px) 100vw, 800px\" \/><\/figure>\n\n\n\n<figure class=\"wp-block-image size-large\"><img loading=\"lazy\" decoding=\"async\" width=\"800\" height=\"533\" data-id=\"88755\" src=\"https:\/\/giurgiu-net.ro\/wp-content\/uploads\/2024\/03\/DSC_5211.jpg\" alt=\"Dsc 5211\" class=\"wp-image-88755\" srcset=\"https:\/\/giurgiu-net.ro\/wp-content\/uploads\/2024\/03\/DSC_5211.jpg 800w, https:\/\/giurgiu-net.ro\/wp-content\/uploads\/2024\/03\/DSC_5211-300x200.jpg 300w, https:\/\/giurgiu-net.ro\/wp-content\/uploads\/2024\/03\/DSC_5211-768x512.jpg 768w, https:\/\/giurgiu-net.ro\/wp-content\/uploads\/2024\/03\/DSC_5211-696x464.jpg 696w\" sizes=\"auto, (max-width: 800px) 100vw, 800px\" \/><\/figure>\n\n\n\n<figure class=\"wp-block-image size-large\"><img loading=\"lazy\" decoding=\"async\" width=\"800\" height=\"533\" data-id=\"88749\" src=\"https:\/\/giurgiu-net.ro\/wp-content\/uploads\/2024\/03\/DSC_5233.jpg\" alt=\"Dsc 5233\" class=\"wp-image-88749\" srcset=\"https:\/\/giurgiu-net.ro\/wp-content\/uploads\/2024\/03\/DSC_5233.jpg 800w, https:\/\/giurgiu-net.ro\/wp-content\/uploads\/2024\/03\/DSC_5233-300x200.jpg 300w, https:\/\/giurgiu-net.ro\/wp-content\/uploads\/2024\/03\/DSC_5233-768x512.jpg 768w, https:\/\/giurgiu-net.ro\/wp-content\/uploads\/2024\/03\/DSC_5233-696x464.jpg 696w\" sizes=\"auto, (max-width: 800px) 100vw, 800px\" \/><\/figure>\n\n\n\n<figure class=\"wp-block-image size-large\"><img loading=\"lazy\" decoding=\"async\" width=\"800\" height=\"533\" data-id=\"88752\" src=\"https:\/\/giurgiu-net.ro\/wp-content\/uploads\/2024\/03\/DSC_5268.jpg\" alt=\"Dsc 5268\" class=\"wp-image-88752\" srcset=\"https:\/\/giurgiu-net.ro\/wp-content\/uploads\/2024\/03\/DSC_5268.jpg 800w, https:\/\/giurgiu-net.ro\/wp-content\/uploads\/2024\/03\/DSC_5268-300x200.jpg 300w, https:\/\/giurgiu-net.ro\/wp-content\/uploads\/2024\/03\/DSC_5268-768x512.jpg 768w, https:\/\/giurgiu-net.ro\/wp-content\/uploads\/2024\/03\/DSC_5268-696x464.jpg 696w\" sizes=\"auto, (max-width: 800px) 100vw, 800px\" \/><\/figure>\n\n\n\n<figure class=\"wp-block-image size-large\"><img loading=\"lazy\" decoding=\"async\" width=\"800\" height=\"533\" data-id=\"88751\" src=\"https:\/\/giurgiu-net.ro\/wp-content\/uploads\/2024\/03\/DSC_5288.jpg\" alt=\"Dsc 5288\" class=\"wp-image-88751\" srcset=\"https:\/\/giurgiu-net.ro\/wp-content\/uploads\/2024\/03\/DSC_5288.jpg 800w, https:\/\/giurgiu-net.ro\/wp-content\/uploads\/2024\/03\/DSC_5288-300x200.jpg 300w, https:\/\/giurgiu-net.ro\/wp-content\/uploads\/2024\/03\/DSC_5288-768x512.jpg 768w, https:\/\/giurgiu-net.ro\/wp-content\/uploads\/2024\/03\/DSC_5288-696x464.jpg 696w\" sizes=\"auto, (max-width: 800px) 100vw, 800px\" \/><\/figure>\n\n\n\n<figure class=\"wp-block-image size-large\"><img loading=\"lazy\" decoding=\"async\" width=\"800\" height=\"533\" data-id=\"88759\" src=\"https:\/\/giurgiu-net.ro\/wp-content\/uploads\/2024\/03\/DSC_5314.jpg\" alt=\"Dsc 5314\" class=\"wp-image-88759\" srcset=\"https:\/\/giurgiu-net.ro\/wp-content\/uploads\/2024\/03\/DSC_5314.jpg 800w, https:\/\/giurgiu-net.ro\/wp-content\/uploads\/2024\/03\/DSC_5314-300x200.jpg 300w, https:\/\/giurgiu-net.ro\/wp-content\/uploads\/2024\/03\/DSC_5314-768x512.jpg 768w, https:\/\/giurgiu-net.ro\/wp-content\/uploads\/2024\/03\/DSC_5314-696x464.jpg 696w\" sizes=\"auto, (max-width: 800px) 100vw, 800px\" \/><\/figure>\n\n\n\n<figure class=\"wp-block-image size-large\"><img loading=\"lazy\" decoding=\"async\" width=\"800\" height=\"533\" data-id=\"88754\" src=\"https:\/\/giurgiu-net.ro\/wp-content\/uploads\/2024\/03\/DSC_5317.jpg\" alt=\"Dsc 5317\" class=\"wp-image-88754\" srcset=\"https:\/\/giurgiu-net.ro\/wp-content\/uploads\/2024\/03\/DSC_5317.jpg 800w, https:\/\/giurgiu-net.ro\/wp-content\/uploads\/2024\/03\/DSC_5317-300x200.jpg 300w, https:\/\/giurgiu-net.ro\/wp-content\/uploads\/2024\/03\/DSC_5317-768x512.jpg 768w, https:\/\/giurgiu-net.ro\/wp-content\/uploads\/2024\/03\/DSC_5317-696x464.jpg 696w\" sizes=\"auto, (max-width: 800px) 100vw, 800px\" \/><\/figure>\n\n\n\n<figure class=\"wp-block-image size-large\"><img loading=\"lazy\" decoding=\"async\" width=\"800\" height=\"533\" data-id=\"88758\" src=\"https:\/\/giurgiu-net.ro\/wp-content\/uploads\/2024\/03\/DSC_5343.jpg\" alt=\"Dsc 5343\" class=\"wp-image-88758\" srcset=\"https:\/\/giurgiu-net.ro\/wp-content\/uploads\/2024\/03\/DSC_5343.jpg 800w, https:\/\/giurgiu-net.ro\/wp-content\/uploads\/2024\/03\/DSC_5343-300x200.jpg 300w, https:\/\/giurgiu-net.ro\/wp-content\/uploads\/2024\/03\/DSC_5343-768x512.jpg 768w, https:\/\/giurgiu-net.ro\/wp-content\/uploads\/2024\/03\/DSC_5343-696x464.jpg 696w\" sizes=\"auto, (max-width: 800px) 100vw, 800px\" \/><\/figure>\n\n\n\n<figure class=\"wp-block-image size-large\"><img loading=\"lazy\" decoding=\"async\" width=\"800\" height=\"533\" data-id=\"88750\" src=\"https:\/\/giurgiu-net.ro\/wp-content\/uploads\/2024\/03\/DSC_5346.jpg\" alt=\"Dsc 5346\" class=\"wp-image-88750\" srcset=\"https:\/\/giurgiu-net.ro\/wp-content\/uploads\/2024\/03\/DSC_5346.jpg 800w, https:\/\/giurgiu-net.ro\/wp-content\/uploads\/2024\/03\/DSC_5346-300x200.jpg 300w, https:\/\/giurgiu-net.ro\/wp-content\/uploads\/2024\/03\/DSC_5346-768x512.jpg 768w, https:\/\/giurgiu-net.ro\/wp-content\/uploads\/2024\/03\/DSC_5346-696x464.jpg 696w\" sizes=\"auto, (max-width: 800px) 100vw, 800px\" \/><\/figure>\n\n\n\n<figure class=\"wp-block-image size-large\"><img loading=\"lazy\" decoding=\"async\" width=\"800\" height=\"533\" data-id=\"88753\" src=\"https:\/\/giurgiu-net.ro\/wp-content\/uploads\/2024\/03\/DSC_5356.jpg\" alt=\"Dsc 5356\" class=\"wp-image-88753\" srcset=\"https:\/\/giurgiu-net.ro\/wp-content\/uploads\/2024\/03\/DSC_5356.jpg 800w, https:\/\/giurgiu-net.ro\/wp-content\/uploads\/2024\/03\/DSC_5356-300x200.jpg 300w, https:\/\/giurgiu-net.ro\/wp-content\/uploads\/2024\/03\/DSC_5356-768x512.jpg 768w, https:\/\/giurgiu-net.ro\/wp-content\/uploads\/2024\/03\/DSC_5356-696x464.jpg 696w\" sizes=\"auto, (max-width: 800px) 100vw, 800px\" \/><\/figure>\n\n\n\n<figure class=\"wp-block-image size-large\"><img loading=\"lazy\" decoding=\"async\" width=\"800\" height=\"533\" data-id=\"88756\" src=\"https:\/\/giurgiu-net.ro\/wp-content\/uploads\/2024\/03\/DSC_5426.jpg\" alt=\"Dsc 5426\" class=\"wp-image-88756\" srcset=\"https:\/\/giurgiu-net.ro\/wp-content\/uploads\/2024\/03\/DSC_5426.jpg 800w, https:\/\/giurgiu-net.ro\/wp-content\/uploads\/2024\/03\/DSC_5426-300x200.jpg 300w, https:\/\/giurgiu-net.ro\/wp-content\/uploads\/2024\/03\/DSC_5426-768x512.jpg 768w, https:\/\/giurgiu-net.ro\/wp-content\/uploads\/2024\/03\/DSC_5426-696x464.jpg 696w\" sizes=\"auto, (max-width: 800px) 100vw, 800px\" \/><\/figure>\n<\/figure>\n\n\n\n<p>\u00cen cadrul \u015fedin\u0163ei a fost aleas\u0103 \u015fi structura de conducere a TSD Mih\u0103ile\u015fti, pre\u015fedinte fiind Mihnea Martac.<\/p>\n\n\n\n<p><strong>Pre\u015fedinte PSD Giurgiu, deputat Marian Mina:<\/strong><\/p>\n\n\n\n<figure class=\"wp-block-image size-full\"><img loading=\"lazy\" decoding=\"async\" width=\"800\" height=\"533\" src=\"https:\/\/giurgiu-net.ro\/wp-content\/uploads\/2024\/03\/DSC_5314-1.jpg\" alt=\"Dsc 5314 1\" class=\"wp-image-88760\" srcset=\"https:\/\/giurgiu-net.ro\/wp-content\/uploads\/2024\/03\/DSC_5314-1.jpg 800w, https:\/\/giurgiu-net.ro\/wp-content\/uploads\/2024\/03\/DSC_5314-1-300x200.jpg 300w, https:\/\/giurgiu-net.ro\/wp-content\/uploads\/2024\/03\/DSC_5314-1-768x512.jpg 768w, https:\/\/giurgiu-net.ro\/wp-content\/uploads\/2024\/03\/DSC_5314-1-696x464.jpg 696w\" sizes=\"auto, (max-width: 800px) 100vw, 800px\" \/><\/figure>\n\n\n\n<p><strong>\u201e<\/strong>La Mih\u0103ile\u015fti, primarul Mihai Dobre a f\u0103cut o adev\u0103rat\u0103 demonstra\u0163ie de for\u0163\u0103! Peste 300 de oameni, cei mai mul\u0163i fiind tineri, au participat la \u015fedin\u0163a de constituire a TSD Mih\u0103ile\u015fti care vine s\u0103 completeze o echip\u0103 unit\u0103 \u015fi puternic\u0103. \u00cen func\u0163ia de pre\u015fedinte a fost ales Mihnea Martac pe care \u00eel felicit pentru c\u0103 a reu\u015fit s\u0103 aduc\u0103 al\u0103turi de el at\u00e2\u0163ia tineri valoro\u015fi! Le urez mult succes \u00een viitoarele activit\u0103\u0163i, le suntem \u015fi noi al\u0103turi \u015fi le mul\u0163umesc tuturor pentru \u00eencredere!\u201d<\/p>\n\n\n\n<p><strong>Pre\u015fedintele OFSD Giurgiu, deputat Cristina Elena Dinu:<\/strong><\/p>\n\n\n\n<figure class=\"wp-block-image size-full\"><img loading=\"lazy\" decoding=\"async\" width=\"800\" height=\"533\" src=\"https:\/\/giurgiu-net.ro\/wp-content\/uploads\/2024\/03\/DSC_5343-1.jpg\" alt=\"Dsc 5343 1\" class=\"wp-image-88761\" srcset=\"https:\/\/giurgiu-net.ro\/wp-content\/uploads\/2024\/03\/DSC_5343-1.jpg 800w, https:\/\/giurgiu-net.ro\/wp-content\/uploads\/2024\/03\/DSC_5343-1-300x200.jpg 300w, https:\/\/giurgiu-net.ro\/wp-content\/uploads\/2024\/03\/DSC_5343-1-768x512.jpg 768w, https:\/\/giurgiu-net.ro\/wp-content\/uploads\/2024\/03\/DSC_5343-1-696x464.jpg 696w\" sizes=\"auto, (max-width: 800px) 100vw, 800px\" \/><\/figure>\n\n\n\n<p>\u201eTinerii din Mih\u0103ile\u015fti aleg <a href=\"https:\/\/www.facebook.com\/hashtag\/echipa_psd?__eep__=6&amp;__cft__%5b0%5d=AZU15-2TSj1-91GCD-n3_rE6-jQ8w17MmA-us1UJIRqM-FJTAmefOJ7nSwAyPSd1O_Mi7XRE4lmoWWjzeQVY9f67dzZ1G2QUtimF3W-xvO-2R0mQiTkUm8R4_eEYb5a11c7dtnXa9pbcwVPSuQkb5sZpLoVOclGsVhgycelPhvY8iVx3zdX09rpUNcwOFEyfiy8&amp;__tn__=*NK-R\">#Echipa_PSD<\/a>! Am participat, ast\u0103zi, la \u015fedin\u0163a de constituire a <a href=\"https:\/\/www.facebook.com\/hashtag\/tsd_mih%C4%83ile%C5%9Fti?__eep__=6&amp;__cft__%5b0%5d=AZU15-2TSj1-91GCD-n3_rE6-jQ8w17MmA-us1UJIRqM-FJTAmefOJ7nSwAyPSd1O_Mi7XRE4lmoWWjzeQVY9f67dzZ1G2QUtimF3W-xvO-2R0mQiTkUm8R4_eEYb5a11c7dtnXa9pbcwVPSuQkb5sZpLoVOclGsVhgycelPhvY8iVx3zdX09rpUNcwOFEyfiy8&amp;__tn__=*NK-R\">#TSD_Mih\u0103ile\u015fti<\/a>, \u00eempreun\u0103 cu peste 300 de tineri entuzia\u0219ti si hot\u0103r\u00e2\u021bi s\u0103 se al\u0103ture echipei <a href=\"https:\/\/www.facebook.com\/hashtag\/psd?__eep__=6&amp;__cft__%5b0%5d=AZU15-2TSj1-91GCD-n3_rE6-jQ8w17MmA-us1UJIRqM-FJTAmefOJ7nSwAyPSd1O_Mi7XRE4lmoWWjzeQVY9f67dzZ1G2QUtimF3W-xvO-2R0mQiTkUm8R4_eEYb5a11c7dtnXa9pbcwVPSuQkb5sZpLoVOclGsVhgycelPhvY8iVx3zdX09rpUNcwOFEyfiy8&amp;__tn__=*NK-R\">#PSD<\/a> Giurgiu. M-am bucurat s\u0103 le vorbesc \u0219i s\u0103 \u00eemi amintesc, cu nostalgie, de perioada \u00een care eram \u0219i eu o t\u00e2n\u0103r\u0103 militant\u0103, abia intrat\u0103 intr-un partid politic. Felicit\u0103ri \u0219i succes noului pre\u015fedinte TSD Mih\u0103ile\u015fti, <a href=\"https:\/\/www.facebook.com\/mihnea.martac?__cft__%5b0%5d=AZU15-2TSj1-91GCD-n3_rE6-jQ8w17MmA-us1UJIRqM-FJTAmefOJ7nSwAyPSd1O_Mi7XRE4lmoWWjzeQVY9f67dzZ1G2QUtimF3W-xvO-2R0mQiTkUm8R4_eEYb5a11c7dtnXa9pbcwVPSuQkb5sZpLoVOclGsVhgycelPhvY8iVx3zdX09rpUNcwOFEyfiy8&amp;__tn__=-%5dK-R\">Mihnea Martac<\/a> , \u0219i echipei sale. <a href=\"https:\/\/www.facebook.com\/hashtag\/felicit%C4%83ri?__eep__=6&amp;__cft__%5b0%5d=AZU15-2TSj1-91GCD-n3_rE6-jQ8w17MmA-us1UJIRqM-FJTAmefOJ7nSwAyPSd1O_Mi7XRE4lmoWWjzeQVY9f67dzZ1G2QUtimF3W-xvO-2R0mQiTkUm8R4_eEYb5a11c7dtnXa9pbcwVPSuQkb5sZpLoVOclGsVhgycelPhvY8iVx3zdX09rpUNcwOFEyfiy8&amp;__tn__=*NK-R\">#Felicit\u0103ri<\/a>, de asemenea, domnului <a href=\"https:\/\/www.facebook.com\/hashtag\/primar?__eep__=6&amp;__cft__%5b0%5d=AZU15-2TSj1-91GCD-n3_rE6-jQ8w17MmA-us1UJIRqM-FJTAmefOJ7nSwAyPSd1O_Mi7XRE4lmoWWjzeQVY9f67dzZ1G2QUtimF3W-xvO-2R0mQiTkUm8R4_eEYb5a11c7dtnXa9pbcwVPSuQkb5sZpLoVOclGsVhgycelPhvY8iVx3zdX09rpUNcwOFEyfiy8&amp;__tn__=*NK-R\">#primar<\/a> Mihai Dobre pentru frumoasa echip\u0103 pe care a construit-o, dar \u015fi pentru adev\u0103rata demonstra\u0163ie de for\u0163\u0103 pe care a f\u0103cut-o ast\u0103zi\u201d.<\/p>\n\n\n\n<p>Foto: TSD Mih\u0103ile\u015fti<\/p>\n","protected":false},"excerpt":{"rendered":"<p>Peste 300 de persoane au participat, ieri, 24 martie, la \u015fedin\u0163a de constituire a TSD Mih\u0103ile\u015fti. Al\u0103turi de echipa din ora\u015ful men\u0163ionat au fost \u015fi pre\u015fedintele PSD Giurgiu, Marian Mina, pre\u015fedintele PSD Mih\u0103ile\u015fti, primarul Mihai Dobre, pre\u015fedintele OFSD Giurgiu, Cristina Elena Dinu, pre\u015fedintele TSD Giurgiu, Drago\u015f Udvuleanu, \u015fi vicepre\u015fedinte al OFSD, Alina Costan. \u00cen cadrul [&hellip;]<\/p>\n","protected":false},"author":1,"featured_media":88756,"comment_status":"open","ping_status":"open","sticky":false,"template":"","format":"standard","meta":{"slim_seo":{"title":"Demonstra\u0163ie de for\u0163\u0103, la MIH\u0102ILE\u015eTI. Sute de tineri, \u00een noua organiza\u0163ie a TSD - GIURGIU NET","description":"Peste 300 de persoane au participat, ieri, 24 martie, la \u015fedin\u0163a de constituire a TSD Mih\u0103ile\u015fti. Al\u0103turi de echipa din ora\u015ful men\u0163ionat au fost \u015fi pre\u015fedintele"},"footnotes":""},"categories":[18,25],"tags":[2256],"class_list":{"0":"post-88747","1":"post","2":"type-post","3":"status-publish","4":"format-standard","5":"has-post-thumbnail","7":"category-actual","8":"category-pol","9":"tag-psd-giurgiu"},"_links":{"self":[{"href":"https:\/\/giurgiu-net.ro\/index.php\/wp-json\/wp\/v2\/posts\/88747","targetHints":{"allow":["GET"]}}],"collection":[{"href":"https:\/\/giurgiu-net.ro\/index.php\/wp-json\/wp\/v2\/posts"}],"about":[{"href":"https:\/\/giurgiu-net.ro\/index.php\/wp-json\/wp\/v2\/types\/post"}],"author":[{"embeddable":true,"href":"https:\/\/giurgiu-net.ro\/index.php\/wp-json\/wp\/v2\/users\/1"}],"replies":[{"embeddable":true,"href":"https:\/\/giurgiu-net.ro\/index.php\/wp-json\/wp\/v2\/comments?post=88747"}],"version-history":[{"count":0,"href":"https:\/\/giurgiu-net.ro\/index.php\/wp-json\/wp\/v2\/posts\/88747\/revisions"}],"wp:featuredmedia":[{"embeddable":true,"href":"https:\/\/giurgiu-net.ro\/index.php\/wp-json\/wp\/v2\/media\/88756"}],"wp:attachment":[{"href":"https:\/\/giurgiu-net.ro\/index.php\/wp-json\/wp\/v2\/media?parent=88747"}],"wp:term":[{"taxonomy":"category","embeddable":true,"href":"https:\/\/giurgiu-net.ro\/index.php\/wp-json\/wp\/v2\/categories?post=88747"},{"taxonomy":"post_tag","embeddable":true,"href":"https:\/\/giurgiu-net.ro\/index.php\/wp-json\/wp\/v2\/tags?post=88747"}],"curies":[{"name":"wp","href":"https:\/\/api.w.org\/{rel}","templated":true}]}}