{"id":88739,"date":"2024-03-22T14:50:08","date_gmt":"2024-03-22T12:50:08","guid":{"rendered":"https:\/\/giurgiu-net.ro\/?p=88739"},"modified":"2024-03-22T14:50:09","modified_gmt":"2024-03-22T12:50:09","slug":"psd-giurgiu-si-a-prezentat-candidatii-la-primariile-joita-bolintin-deal-si-vanatorii-mici","status":"publish","type":"post","link":"https:\/\/giurgiu-net.ro\/index.php\/2024\/03\/22\/psd-giurgiu-si-a-prezentat-candidatii-la-primariile-joita-bolintin-deal-si-vanatorii-mici\/","title":{"rendered":"PSD Giurgiu \u015fi-a prezentat candida\u0163ii la Prim\u0103riile Joi\u0163a, Bolintin Deal \u015fi V\u00e2n\u0103torii Mici"},"content":{"rendered":"\n<p>Pre\u015fedintele PSD Giurgiu, Marian Mina, a sus\u0163inut, ast\u0103zi, o conferin\u0163\u0103 de pres\u0103 la care au participat \u015fi candida\u0163ii social-democra\u0163i la func\u0163iile de primari ai comunelor Joi\u0163a, Bolintin Deal \u015fi V\u00e2n\u0103torii Mici.<\/p>\n\n\n\n<p>Este vorba despre Florentina Dinu, Niculae Nenciu \u015fi Emil Ciobanu.<\/p>\n\n\n\n<p>&#8222;Sunt oameni cu experien\u0163\u0103 \u00een administra\u0163ie, dar \u015fi \u00een mediul privat, \u015fi, cel mai important, sunt oameni pe comunitatea \u00eei apreciaz\u0103 \u015fi \u00eei respect\u0103, de aceea sunt convins c\u0103 vor fi viitorii primari ai celor trei comune.<\/p>\n\n\n\n<p>Le urez bun venit \u00een echipa PSD Giurgiu, at\u00e2t eu c\u00e2t \u015fi colegii mei \u00eei vom sprijini at\u00e2t \u00een b\u0103t\u0103lia ce urmeaz\u0103, dar \u015fi dup\u0103 ce vom c\u00e2\u015ftiga!&#8221;, a spus Marian Mina.<\/p>\n\n\n\n<figure class=\"wp-block-image size-full\"><img loading=\"lazy\" decoding=\"async\" width=\"800\" height=\"534\" src=\"https:\/\/giurgiu-net.ro\/wp-content\/uploads\/2024\/03\/DSC04752.jpg\" alt=\"Dsc04752\" class=\"wp-image-88744\" srcset=\"https:\/\/giurgiu-net.ro\/wp-content\/uploads\/2024\/03\/DSC04752.jpg 800w, https:\/\/giurgiu-net.ro\/wp-content\/uploads\/2024\/03\/DSC04752-300x200.jpg 300w, https:\/\/giurgiu-net.ro\/wp-content\/uploads\/2024\/03\/DSC04752-768x513.jpg 768w, https:\/\/giurgiu-net.ro\/wp-content\/uploads\/2024\/03\/DSC04752-696x465.jpg 696w\" sizes=\"auto, (max-width: 800px) 100vw, 800px\" \/><\/figure>\n\n\n\n<p><strong>Florentina Dinu &#8211; candidat PSD Prim\u0103ria Joi\u0163a<\/strong><\/p>\n\n\n\n<figure class=\"wp-block-image size-full\"><img loading=\"lazy\" decoding=\"async\" width=\"800\" height=\"698\" src=\"https:\/\/giurgiu-net.ro\/wp-content\/uploads\/2024\/03\/DSC04710.jpg\" alt=\"Dsc04710\" class=\"wp-image-88741\" srcset=\"https:\/\/giurgiu-net.ro\/wp-content\/uploads\/2024\/03\/DSC04710.jpg 800w, https:\/\/giurgiu-net.ro\/wp-content\/uploads\/2024\/03\/DSC04710-300x262.jpg 300w, https:\/\/giurgiu-net.ro\/wp-content\/uploads\/2024\/03\/DSC04710-768x670.jpg 768w, https:\/\/giurgiu-net.ro\/wp-content\/uploads\/2024\/03\/DSC04710-696x607.jpg 696w\" sizes=\"auto, (max-width: 800px) 100vw, 800px\" \/><\/figure>\n\n\n\n<p>&#8222;<em>Sunt un om al administra\u0163iei, \u015ftiu ce \u00eenseamn\u0103 banul public \u015fi consider c\u0103 Joi\u0163a a r\u0103mas mult \u00een urm\u0103 \u00een ceea ce prive\u015fte investi\u0163iile, avem \u00eenc\u0103 drumuri de p\u0103m\u00e2nt, o \u015fcoal\u0103 care arat\u0103 ca o bab\u0103 \u00een rochie de mireas\u0103, nu exist\u0103 locuri de joac\u0103 sau spa\u0163ii pentru petrecerea timpului liber. Consider c\u0103 sunt cea mai bun\u0103 pentru aceast\u0103 func\u0163ie \u015fi c\u0103 \u00eempreun\u0103 cu PSD Giurgiu vom face multe lucruri bune \u00een Joi\u0163a<\/em>&#8222;.<\/p>\n\n\n\n<p><strong>Emil Ciobanu- candidat PSD Prim\u0103ria V\u00e2n\u0103torii Mici<\/strong><\/p>\n\n\n\n<figure class=\"wp-block-image size-full\"><img loading=\"lazy\" decoding=\"async\" width=\"800\" height=\"534\" src=\"https:\/\/giurgiu-net.ro\/wp-content\/uploads\/2024\/03\/DSC04762.jpg\" alt=\"Dsc04762\" class=\"wp-image-88742\" srcset=\"https:\/\/giurgiu-net.ro\/wp-content\/uploads\/2024\/03\/DSC04762.jpg 800w, https:\/\/giurgiu-net.ro\/wp-content\/uploads\/2024\/03\/DSC04762-300x200.jpg 300w, https:\/\/giurgiu-net.ro\/wp-content\/uploads\/2024\/03\/DSC04762-768x513.jpg 768w, https:\/\/giurgiu-net.ro\/wp-content\/uploads\/2024\/03\/DSC04762-696x465.jpg 696w\" sizes=\"auto, (max-width: 800px) 100vw, 800px\" \/><\/figure>\n\n\n\n<p>&#8222;Sunt n\u0103scut \u015fi crescut \u00een comun\u0103, sunt un om venit din privat \u015fi voi face tot ce depinde de mine pentru a dezvolta comunitatea noastr\u0103, \u00een special cu fonduri europene, pentru c\u0103, p\u00e2n\u0103 acum, niciun primar nu s-a implicat pentru a face un drum, canalizare sau alte investi\u0163ii importante&#8221;<\/p>\n\n\n\n<p><strong>Niculae Nenciu- candidat PSD Prim\u0103ria Bolintin Deal<\/strong><\/p>\n\n\n\n<figure class=\"wp-block-image size-full\"><img loading=\"lazy\" decoding=\"async\" width=\"800\" height=\"617\" src=\"https:\/\/giurgiu-net.ro\/wp-content\/uploads\/2024\/03\/DSC04715-1.jpg\" alt=\"Dsc04715 1\" class=\"wp-image-88743\" srcset=\"https:\/\/giurgiu-net.ro\/wp-content\/uploads\/2024\/03\/DSC04715-1.jpg 800w, https:\/\/giurgiu-net.ro\/wp-content\/uploads\/2024\/03\/DSC04715-1-300x231.jpg 300w, https:\/\/giurgiu-net.ro\/wp-content\/uploads\/2024\/03\/DSC04715-1-768x592.jpg 768w, https:\/\/giurgiu-net.ro\/wp-content\/uploads\/2024\/03\/DSC04715-1-696x537.jpg 696w\" sizes=\"auto, (max-width: 800px) 100vw, 800px\" \/><\/figure>\n\n\n\n<p>&#8222;M-am hot\u0103r\u00e2t s\u0103 intru \u00een PSD \u015fi \u00een aceast\u0103 lupt\u0103 pentru c\u0103 \u00eemi doresc s\u0103 fac lucruri bune pentru Bolintin Deal. S-au f\u0103cut, \u00eentr-adev\u0103r, lucruri acolo, dar pot fi f\u0103cute \u015fi mai multe. Consider c\u0103, \u00een ultimele dou\u0103 mandate, actualul primar s-a plafonat \u015fi am r\u0103mas \u00een urm\u0103 la capitolul dezvoltare. \u00cemi doresc s\u0103 devenim o comun\u0103 \u015fi mai prosper\u0103&#8221;.<\/p>\n","protected":false},"excerpt":{"rendered":"<p>Pre\u015fedintele PSD Giurgiu, Marian Mina, a sus\u0163inut, ast\u0103zi, o conferin\u0163\u0103 de pres\u0103 la care au participat \u015fi candida\u0163ii social-democra\u0163i la func\u0163iile de primari ai comunelor Joi\u0163a, Bolintin Deal \u015fi V\u00e2n\u0103torii Mici. Este vorba despre Florentina Dinu, Niculae Nenciu \u015fi Emil Ciobanu. &#8222;Sunt oameni cu experien\u0163\u0103 \u00een administra\u0163ie, dar \u015fi \u00een mediul privat, \u015fi, cel mai [&hellip;]<\/p>\n","protected":false},"author":1,"featured_media":88745,"comment_status":"open","ping_status":"open","sticky":false,"template":"","format":"standard","meta":{"slim_seo":{"title":"PSD Giurgiu \u015fi-a prezentat candida\u0163ii la Prim\u0103riile Joi\u0163a, Bolintin Deal \u015fi V\u00e2n\u0103torii Mici - GIURGIU NET","description":"Pre\u015fedintele PSD Giurgiu, Marian Mina, a sus\u0163inut, ast\u0103zi, o conferin\u0163\u0103 de pres\u0103 la care au participat \u015fi candida\u0163ii social-democra\u0163i la func\u0163iile de primari ai"},"footnotes":""},"categories":[18,19,25],"tags":[2256],"class_list":{"0":"post-88739","1":"post","2":"type-post","3":"status-publish","4":"format-standard","5":"has-post-thumbnail","7":"category-actual","8":"category-adm","9":"category-pol","10":"tag-psd-giurgiu"},"_links":{"self":[{"href":"https:\/\/giurgiu-net.ro\/index.php\/wp-json\/wp\/v2\/posts\/88739","targetHints":{"allow":["GET"]}}],"collection":[{"href":"https:\/\/giurgiu-net.ro\/index.php\/wp-json\/wp\/v2\/posts"}],"about":[{"href":"https:\/\/giurgiu-net.ro\/index.php\/wp-json\/wp\/v2\/types\/post"}],"author":[{"embeddable":true,"href":"https:\/\/giurgiu-net.ro\/index.php\/wp-json\/wp\/v2\/users\/1"}],"replies":[{"embeddable":true,"href":"https:\/\/giurgiu-net.ro\/index.php\/wp-json\/wp\/v2\/comments?post=88739"}],"version-history":[{"count":0,"href":"https:\/\/giurgiu-net.ro\/index.php\/wp-json\/wp\/v2\/posts\/88739\/revisions"}],"wp:featuredmedia":[{"embeddable":true,"href":"https:\/\/giurgiu-net.ro\/index.php\/wp-json\/wp\/v2\/media\/88745"}],"wp:attachment":[{"href":"https:\/\/giurgiu-net.ro\/index.php\/wp-json\/wp\/v2\/media?parent=88739"}],"wp:term":[{"taxonomy":"category","embeddable":true,"href":"https:\/\/giurgiu-net.ro\/index.php\/wp-json\/wp\/v2\/categories?post=88739"},{"taxonomy":"post_tag","embeddable":true,"href":"https:\/\/giurgiu-net.ro\/index.php\/wp-json\/wp\/v2\/tags?post=88739"}],"curies":[{"name":"wp","href":"https:\/\/api.w.org\/{rel}","templated":true}]}}