{"id":88307,"date":"2024-02-19T12:03:53","date_gmt":"2024-02-19T10:03:53","guid":{"rendered":"https:\/\/giurgiu-net.ro\/?p=88307"},"modified":"2024-02-19T12:03:54","modified_gmt":"2024-02-19T10:03:54","slug":"video-noi-acuzatii-grave-la-adresa-primarului-din-letca-noua-ce-se-intampla-cu-proiectul-privind-caminul-cultural-din-milcovatu-si-cu-gunoaiele-aruncate-la-marginea-localitatii","status":"publish","type":"post","link":"https:\/\/giurgiu-net.ro\/index.php\/2024\/02\/19\/video-noi-acuzatii-grave-la-adresa-primarului-din-letca-noua-ce-se-intampla-cu-proiectul-privind-caminul-cultural-din-milcovatu-si-cu-gunoaiele-aruncate-la-marginea-localitatii\/","title":{"rendered":"VIDEO: Noi acuza\u0163ii grave la adresa primarului din Letca Nou\u0103. Ce se \u00eent\u00e2mpl\u0103 cu proiectul privind C\u0103minul Cultural din Milcov\u0103\u0163u \u015fi cu gunoaiele aruncate la marginea localit\u0103\u0163ii?"},"content":{"rendered":"\n<p>Am primit la redac\u0163ie dou\u0103 film\u0103ri realizate de un locuitor al comunei Letca Nou\u0103. Dumitra\u015fcu Ionel reclam\u0103 faptul c\u0103, de\u015fi exist\u0103 un proiect c\u00e2\u015ftigat pentru reabilitarea \u015fi modernizarea C\u0103minului Cultural din Milcov\u0103\u0163u, lucr\u0103rile ar fi fost sistate iar imobilul s-ar fi transformat \u00eentr-un spa\u0163iu personal de depozitare.<\/p>\n\n\n\n<figure class=\"wp-block-video\"><video height=\"480\" style=\"aspect-ratio: 848 \/ 480;\" width=\"848\" controls src=\"https:\/\/giurgiu-net.ro\/wp-content\/uploads\/2024\/02\/Camin-cultural.mp4\"><\/video><\/figure>\n\n\n\n<p>De asemenea, Dumitra\u015fcu Ionel reclam\u0103 faptul c\u0103, tot pe raza localit\u0103\u0163ii Milcov\u0103\u0163u, sunt depozitate (ilegal, normal) de\u015feuri. El cere G\u0103rzii de Mediu s\u0103 se sesizeze \u00een acest caz.<\/p>\n\n\n\n<figure class=\"wp-block-video\"><video height=\"480\" style=\"aspect-ratio: 848 \/ 480;\" width=\"848\" controls src=\"https:\/\/giurgiu-net.ro\/wp-content\/uploads\/2024\/02\/gunoi-letca.mp4\"><\/video><\/figure>\n\n\n\n<p>A\u015ftept\u0103m un punct de vedere oficial din partea Prim\u0103riei Letca Nou\u0103 cu privire la aceste subiecte!<\/p>\n","protected":false},"excerpt":{"rendered":"<p>Am primit la redac\u0163ie dou\u0103 film\u0103ri realizate de un locuitor al comunei Letca Nou\u0103. Dumitra\u015fcu Ionel reclam\u0103 faptul c\u0103, de\u015fi exist\u0103 un proiect c\u00e2\u015ftigat pentru reabilitarea \u015fi modernizarea C\u0103minului Cultural din Milcov\u0103\u0163u, lucr\u0103rile ar fi fost sistate iar imobilul s-ar fi transformat \u00eentr-un spa\u0163iu personal de depozitare. De asemenea, Dumitra\u015fcu Ionel reclam\u0103 faptul c\u0103, tot [&hellip;]<\/p>\n","protected":false},"author":1,"featured_media":88300,"comment_status":"open","ping_status":"open","sticky":false,"template":"","format":"standard","meta":{"slim_seo":{"title":"VIDEO: Noi acuza\u0163ii grave la adresa primarului din Letca Nou\u0103. Ce se \u00eent\u00e2mpl\u0103 cu proiectul privind C\u0103minul Cultural din Milcov\u0103\u0163u \u015fi cu gunoaiele aruncate la marginea localit\u0103\u0163ii? - GIURGIU NET","description":"Am primit la redac\u0163ie dou\u0103 film\u0103ri realizate de un locuitor al comunei Letca Nou\u0103. Dumitra\u015fcu Ionel reclam\u0103 faptul c\u0103, de\u015fi exist\u0103 un proiect c\u00e2\u015ftigat pentru re"},"footnotes":""},"categories":[18,19],"tags":[2960],"class_list":{"0":"post-88307","1":"post","2":"type-post","3":"status-publish","4":"format-standard","5":"has-post-thumbnail","7":"category-actual","8":"category-adm","9":"tag-letca-noua"},"_links":{"self":[{"href":"https:\/\/giurgiu-net.ro\/index.php\/wp-json\/wp\/v2\/posts\/88307","targetHints":{"allow":["GET"]}}],"collection":[{"href":"https:\/\/giurgiu-net.ro\/index.php\/wp-json\/wp\/v2\/posts"}],"about":[{"href":"https:\/\/giurgiu-net.ro\/index.php\/wp-json\/wp\/v2\/types\/post"}],"author":[{"embeddable":true,"href":"https:\/\/giurgiu-net.ro\/index.php\/wp-json\/wp\/v2\/users\/1"}],"replies":[{"embeddable":true,"href":"https:\/\/giurgiu-net.ro\/index.php\/wp-json\/wp\/v2\/comments?post=88307"}],"version-history":[{"count":0,"href":"https:\/\/giurgiu-net.ro\/index.php\/wp-json\/wp\/v2\/posts\/88307\/revisions"}],"wp:featuredmedia":[{"embeddable":true,"href":"https:\/\/giurgiu-net.ro\/index.php\/wp-json\/wp\/v2\/media\/88300"}],"wp:attachment":[{"href":"https:\/\/giurgiu-net.ro\/index.php\/wp-json\/wp\/v2\/media?parent=88307"}],"wp:term":[{"taxonomy":"category","embeddable":true,"href":"https:\/\/giurgiu-net.ro\/index.php\/wp-json\/wp\/v2\/categories?post=88307"},{"taxonomy":"post_tag","embeddable":true,"href":"https:\/\/giurgiu-net.ro\/index.php\/wp-json\/wp\/v2\/tags?post=88307"}],"curies":[{"name":"wp","href":"https:\/\/api.w.org\/{rel}","templated":true}]}}