{"id":88290,"date":"2024-02-16T11:01:31","date_gmt":"2024-02-16T09:01:31","guid":{"rendered":"https:\/\/giurgiu-net.ro\/?p=88290"},"modified":"2024-02-16T11:01:32","modified_gmt":"2024-02-16T09:01:32","slug":"ion-marian-candidatul-psd-giurgiu-la-functia-de-primar-al-comunei-putineiu","status":"publish","type":"post","link":"https:\/\/giurgiu-net.ro\/index.php\/2024\/02\/16\/ion-marian-candidatul-psd-giurgiu-la-functia-de-primar-al-comunei-putineiu\/","title":{"rendered":"Ion Marian, candidatul PSD Giurgiu la func\u0163ia de primar al comunei Putineiu"},"content":{"rendered":"\n<p>Echipa PSD Giurgiu va merge la alegerile locale cu Ion Marian, candidat pentru func\u0163ia de primar al comunei Putineiu. Anun\u0163ul a fost f\u0103cut, azi, de pre\u015fedintele Marian Mina.<\/p>\n\n\n\n<p>&#8222;Reconstruim <a href=\"https:\/\/www.facebook.com\/hashtag\/echipa_psd_giurgiu?__eep__=6&amp;__cft__[0]=AZW6P2yh0EEDVwqlsSotWrC3eRcGIwprMMQYhK0eoUfoTGSUPjSUViAFpNQ8BCetdbkZXak0k_U11kL4nYND9a6dNXNNDr8dWhMzy6roTsdZpe31ik75VilJyz3-Pb5E1O5I3B1sZ18plnHScN30ALk08B5QUY7MfUEqJcrbJMyhn5CSTnfnWeQG05FZXqUTA1E&amp;__tn__=*NK-R\">#echipa_PSD_Giurgiu<\/a>!<\/p>\n\n\n\n<p>\u00cei urez bun venit \u00een echipa noastr\u0103 lui Ion Marian, candidatul nostru la func\u0163ia de primar al comunei <a href=\"https:\/\/www.facebook.com\/hashtag\/putineiu?__eep__=6&amp;__cft__[0]=AZW6P2yh0EEDVwqlsSotWrC3eRcGIwprMMQYhK0eoUfoTGSUPjSUViAFpNQ8BCetdbkZXak0k_U11kL4nYND9a6dNXNNDr8dWhMzy6roTsdZpe31ik75VilJyz3-Pb5E1O5I3B1sZ18plnHScN30ALk08B5QUY7MfUEqJcrbJMyhn5CSTnfnWeQG05FZXqUTA1E&amp;__tn__=*NK-R\">#Putineiu<\/a>. Este un t\u00e2n\u0103r ambi\u0163ios, serios, apreciat de to\u0163i oamenii din comunitatea sa \u015fi care, cu siguran\u0163\u0103, va face multe lucruri bune pentru Putineiu!&#8221;, a scris pre\u015fedintele PSD Giurgiu, Marian Mina, pe Facebook.<\/p>\n","protected":false},"excerpt":{"rendered":"<p>Echipa PSD Giurgiu va merge la alegerile locale cu Ion Marian, candidat pentru func\u0163ia de primar al comunei Putineiu. Anun\u0163ul a fost f\u0103cut, azi, de pre\u015fedintele Marian Mina. &#8222;Reconstruim #echipa_PSD_Giurgiu! \u00cei urez bun venit \u00een echipa noastr\u0103 lui Ion Marian, candidatul nostru la func\u0163ia de primar al comunei #Putineiu. Este un t\u00e2n\u0103r ambi\u0163ios, serios, apreciat [&hellip;]<\/p>\n","protected":false},"author":1,"featured_media":88291,"comment_status":"open","ping_status":"open","sticky":false,"template":"","format":"standard","meta":{"slim_seo":{"title":"Ion Marian, candidatul PSD Giurgiu la func\u0163ia de primar al comunei Putineiu - GIURGIU NET","description":"Echipa PSD Giurgiu va merge la alegerile locale cu Ion Marian, candidat pentru func\u0163ia de primar al comunei Putineiu. Anun\u0163ul a fost f\u0103cut, azi, de pre\u015fedintele"},"footnotes":""},"categories":[18,19,25],"tags":[2256],"class_list":{"0":"post-88290","1":"post","2":"type-post","3":"status-publish","4":"format-standard","5":"has-post-thumbnail","7":"category-actual","8":"category-adm","9":"category-pol","10":"tag-psd-giurgiu"},"_links":{"self":[{"href":"https:\/\/giurgiu-net.ro\/index.php\/wp-json\/wp\/v2\/posts\/88290","targetHints":{"allow":["GET"]}}],"collection":[{"href":"https:\/\/giurgiu-net.ro\/index.php\/wp-json\/wp\/v2\/posts"}],"about":[{"href":"https:\/\/giurgiu-net.ro\/index.php\/wp-json\/wp\/v2\/types\/post"}],"author":[{"embeddable":true,"href":"https:\/\/giurgiu-net.ro\/index.php\/wp-json\/wp\/v2\/users\/1"}],"replies":[{"embeddable":true,"href":"https:\/\/giurgiu-net.ro\/index.php\/wp-json\/wp\/v2\/comments?post=88290"}],"version-history":[{"count":0,"href":"https:\/\/giurgiu-net.ro\/index.php\/wp-json\/wp\/v2\/posts\/88290\/revisions"}],"wp:featuredmedia":[{"embeddable":true,"href":"https:\/\/giurgiu-net.ro\/index.php\/wp-json\/wp\/v2\/media\/88291"}],"wp:attachment":[{"href":"https:\/\/giurgiu-net.ro\/index.php\/wp-json\/wp\/v2\/media?parent=88290"}],"wp:term":[{"taxonomy":"category","embeddable":true,"href":"https:\/\/giurgiu-net.ro\/index.php\/wp-json\/wp\/v2\/categories?post=88290"},{"taxonomy":"post_tag","embeddable":true,"href":"https:\/\/giurgiu-net.ro\/index.php\/wp-json\/wp\/v2\/tags?post=88290"}],"curies":[{"name":"wp","href":"https:\/\/api.w.org\/{rel}","templated":true}]}}