{"id":87951,"date":"2024-01-16T12:40:35","date_gmt":"2024-01-16T10:40:35","guid":{"rendered":"https:\/\/giurgiu-net.ro\/?p=87951"},"modified":"2024-01-16T12:40:36","modified_gmt":"2024-01-16T10:40:36","slug":"autovehicul-in-valoare-de-aproximativ-100-000-lei-confiscat-in-vama-giurgiu","status":"publish","type":"post","link":"https:\/\/giurgiu-net.ro\/index.php\/2024\/01\/16\/autovehicul-in-valoare-de-aproximativ-100-000-lei-confiscat-in-vama-giurgiu\/","title":{"rendered":"Autovehicul \u00een valoare de aproximativ 100.000 lei, confiscat \u00een Vama Giurgiu"},"content":{"rendered":"\n<p class=\"wp-block-paragraph\"><em>Poli\u0163i\u015ftii de frontier\u0103 din cadrul Punctului de Trecere a Frontierei Giurgiu au descoperit \u0219i indisponibilizat, p\u00e2n\u0103 la finalizarea cercet\u0103rilor, un autovehicul estimat la o valoare de 100.000 lei, aflat \u00een aten\u021bia autorit\u0103\u021bilor din Spania.&nbsp;<\/em><\/p>\n\n\n\n<p class=\"wp-block-paragraph\">\u00cen data 15.01.2024, \u00een Punctul de Trecere a Frontierei Giurgiu, s-a prezentat la control, un cet\u0103\u021bean rom\u00e2n, \u00een v\u00e2rst\u0103 de 56 de ani, conduc\u00e2nd ansamblul rutier, format din cap tractor marca MAN \u0219i semiremorc\u0103, av\u00e2nd numere de \u00eenmatriculare specifice Rom\u00e2niei.<\/p>\n\n\n\n<p class=\"wp-block-paragraph\">Cu ocazia efectu\u0103rii verific\u0103rilor, poli\u021bi\u0219tii de frontier\u0103 giurgiuveni au constatat faptul c\u0103 mijlocul de transport, figura ca&nbsp;bun c\u0103utat pentru confiscare, alert\u0103 emis\u0103 de c\u0103tre autorit\u0103\u021bile din Spania.<\/p>\n\n\n\n<p class=\"wp-block-paragraph\">Autovehiculul, estimat la o valoare de 100.000 lei, a fost indisponibilizat p\u00e2n\u0103 la finalizarea cercet\u0103rilor.<\/p>\n\n\n\n<p class=\"wp-block-paragraph\">\u00cen cauz\u0103, a fost \u00eentocmit dosar penal pentru s\u0103v\u00e2r\u0219irea infrac\u021biunii de\u00a0<em>t\u0103inuire<\/em>, <em>fals material \u00een \u00eenscrisuri oficiale <\/em>\u0219i<em> uz de fals<\/em>, urm\u00e2nd ca la finalizarea cercet\u0103rilor s\u0103 fie dispuse m\u0103suri legale prin unitatea de parchet.<\/p>\n\n\n\n<p class=\"wp-block-paragraph\">Comunicat \u015fi foto: ITPF Giurgiu<\/p>\n","protected":false},"excerpt":{"rendered":"<p>Poli\u0163i\u015ftii de frontier\u0103 din cadrul Punctului de Trecere a Frontierei Giurgiu au descoperit \u0219i indisponibilizat, p\u00e2n\u0103 la finalizarea cercet\u0103rilor, un autovehicul estimat la o valoare de 100.000 lei, aflat \u00een aten\u021bia autorit\u0103\u021bilor din Spania.&nbsp; \u00cen data 15.01.2024, \u00een Punctul de Trecere a Frontierei Giurgiu, s-a prezentat la control, un cet\u0103\u021bean rom\u00e2n, \u00een v\u00e2rst\u0103 de 56 [&hellip;]<\/p>\n","protected":false},"author":1,"featured_media":87952,"comment_status":"open","ping_status":"open","sticky":false,"template":"","format":"standard","meta":{"slim_seo":{"title":"Autovehicul \u00een valoare de aproximativ 100.000 lei, confiscat \u00een Vama Giurgiu - GIURGIU NET","description":"Poli\u0163i\u015ftii de frontier\u0103 din cadrul Punctului de Trecere a Frontierei Giurgiu au descoperit \u0219i indisponibilizat, p\u00e2n\u0103 la finalizarea cercet\u0103rilor, un autovehicul"},"footnotes":""},"categories":[18,26],"tags":[2718],"class_list":["post-87951","post","type-post","status-publish","format-standard","has-post-thumbnail","category-actual","category-soc","tag-vama-giurgiu"],"_links":{"self":[{"href":"https:\/\/giurgiu-net.ro\/index.php\/wp-json\/wp\/v2\/posts\/87951","targetHints":{"allow":["GET"]}}],"collection":[{"href":"https:\/\/giurgiu-net.ro\/index.php\/wp-json\/wp\/v2\/posts"}],"about":[{"href":"https:\/\/giurgiu-net.ro\/index.php\/wp-json\/wp\/v2\/types\/post"}],"author":[{"embeddable":true,"href":"https:\/\/giurgiu-net.ro\/index.php\/wp-json\/wp\/v2\/users\/1"}],"replies":[{"embeddable":true,"href":"https:\/\/giurgiu-net.ro\/index.php\/wp-json\/wp\/v2\/comments?post=87951"}],"version-history":[{"count":0,"href":"https:\/\/giurgiu-net.ro\/index.php\/wp-json\/wp\/v2\/posts\/87951\/revisions"}],"wp:featuredmedia":[{"embeddable":true,"href":"https:\/\/giurgiu-net.ro\/index.php\/wp-json\/wp\/v2\/media\/87952"}],"wp:attachment":[{"href":"https:\/\/giurgiu-net.ro\/index.php\/wp-json\/wp\/v2\/media?parent=87951"}],"wp:term":[{"taxonomy":"category","embeddable":true,"href":"https:\/\/giurgiu-net.ro\/index.php\/wp-json\/wp\/v2\/categories?post=87951"},{"taxonomy":"post_tag","embeddable":true,"href":"https:\/\/giurgiu-net.ro\/index.php\/wp-json\/wp\/v2\/tags?post=87951"}],"curies":[{"name":"wp","href":"https:\/\/api.w.org\/{rel}","templated":true}]}}