{"id":87838,"date":"2023-12-22T14:36:12","date_gmt":"2023-12-22T12:36:12","guid":{"rendered":"https:\/\/giurgiu-net.ro\/?p=87838"},"modified":"2023-12-22T14:36:14","modified_gmt":"2023-12-22T12:36:14","slug":"presedintele-psd-giurgiu-marian-mina-amandoi-am-invatat-din-greseli-si-sunt-convins-ca-de-aceasta-data-vom-face-impreuna-o-echipa-puternica-pentru-giurgiu","status":"publish","type":"post","link":"https:\/\/giurgiu-net.ro\/index.php\/2023\/12\/22\/presedintele-psd-giurgiu-marian-mina-amandoi-am-invatat-din-greseli-si-sunt-convins-ca-de-aceasta-data-vom-face-impreuna-o-echipa-puternica-pentru-giurgiu\/","title":{"rendered":"Pre\u015fedintele PSD Giurgiu, Marian Mina: \u201eAm\u00e2ndoi am \u00eenv\u0103\u0163at din gre\u015feli \u015fi sunt convins c\u0103, de aceast\u0103 dat\u0103, vom face \u00eempreun\u0103 o echip\u0103 puternic\u0103 pentru Giurgiu\u201d"},"content":{"rendered":"\n<p class=\"wp-block-paragraph\">Pre\u015fedintele PSD Giurgiu, Marian Mina, a sus\u0163inut, ast\u0103zi, o conferin\u0163\u0103 de pres\u0103 \u015fi l-a avut ca invitat pe Nicolae Barbu, viitorul candidat al PSD Giurgiu la func\u0163ia de primar al municipiului nostru.<\/p>\n\n\n\n<p class=\"wp-block-paragraph\">\u201e\u00cei urez bun revenit \u00een Partidul Social Democrat domnului Nicolae Barbu, candidatul nostru, \u00een 2024, la func\u0163ia de primar al municipiului Giurgiu!<\/p>\n\n\n\n<p class=\"wp-block-paragraph\">Am\u00e2ndoi am \u00eenv\u0103\u0163at din gre\u015feli \u015fi sunt convins c\u0103, de aceast\u0103 dat\u0103, vom face \u00eempreun\u0103 o echip\u0103 puternic\u0103 pentru Giurgiu \u015fi pentru giurgiuveni.<\/p>\n\n\n\n<p class=\"wp-block-paragraph\">S\u0103 nu uit\u0103m c\u0103 absolut toate proiectele pe care oamenii le v\u0103d, \u00een prezent, \u00een desf\u0103\u015furare \u00een municipiu reprezint\u0103 ideile \u015fi munca domnului Barbu \u015fi a echipei sale\u201d, a spus Marian Mina.<\/p>\n\n\n\n<p class=\"wp-block-paragraph\">Nicolae Barbu a revenit oficial \u00een partid \u015fi ocup\u0103 func\u0163ia de pre\u015fedinte interimar al organiza\u0163iei municipale.<\/p>\n\n\n\n<p class=\"wp-block-paragraph\">La r\u00e2ndul s\u0103u, Nicolae Barbu a spus c\u0103 motivul pentru care a reintrat \u00een lupta privind conducerea Prim\u0103riei Giurgiu este ce se \u00eent\u00e2mpl\u0103 acum cu ora\u015ful nostru.<\/p>\n\n\n\n<p class=\"wp-block-paragraph\">\u201eCe se \u00eent\u00e2mpl\u0103 acum este catastrofal, este f\u0103r\u0103 precedent \u00een istoria administra\u0163iei locale giurgiuvene. Au renun\u0163at la proiecte europene, au un an cu zero lei \u00een bugetul pentru investi\u0163ii. M\u0103 bucur c\u0103 revin \u00een PSD, nu o s\u0103 regreta\u0163i aceast\u0103 decizie. Indiferent din ce parte au venit tenta\u0163ii, prima dragoste nu se uit\u0103. Regret c\u0103 s-au pierdut anii ace\u015ftia(&#8230;). Dac\u0103 voi reveni la Prim\u0103rie, a\u015fa cum m\u0103 \u015fti\u0163i, n-o s\u0103 spun c\u0103 nu am bani. Oamenii m-au ales ca s\u0103 fac treab\u0103, nu s\u0103 m\u0103 pl\u00e2ng!\u201d, a declarat Nicolae Barbu.<\/p>\n\n\n\n<p class=\"wp-block-paragraph\">Foto: Vasile Arcanu<\/p>\n","protected":false},"excerpt":{"rendered":"<p>Pre\u015fedintele PSD Giurgiu, Marian Mina, a sus\u0163inut, ast\u0103zi, o conferin\u0163\u0103 de pres\u0103 \u015fi l-a avut ca invitat pe Nicolae Barbu, viitorul candidat al PSD Giurgiu la func\u0163ia de primar al municipiului nostru. \u201e\u00cei urez bun revenit \u00een Partidul Social Democrat domnului Nicolae Barbu, candidatul nostru, \u00een 2024, la func\u0163ia de primar al municipiului Giurgiu! Am\u00e2ndoi [&hellip;]<\/p>\n","protected":false},"author":1,"featured_media":87839,"comment_status":"open","ping_status":"open","sticky":false,"template":"","format":"standard","meta":{"slim_seo":{"title":"Pre\u015fedintele PSD Giurgiu, Marian Mina: \u201eAm\u00e2ndoi am \u00eenv\u0103\u0163at din gre\u015feli \u015fi sunt convins c\u0103, de aceast\u0103 dat\u0103, vom face \u00eempreun\u0103 o echip\u0103 puternic\u0103 pentru Giurgiu\u201d - GIURGIU NET","description":"Pre\u015fedintele PSD Giurgiu, Marian Mina, a sus\u0163inut, ast\u0103zi, o conferin\u0163\u0103 de pres\u0103 \u015fi l-a avut ca invitat pe Nicolae Barbu, viitorul candidat al PSD Giurgiu la fu"},"footnotes":""},"categories":[18,19,25],"tags":[1626],"class_list":["post-87838","post","type-post","status-publish","format-standard","has-post-thumbnail","category-actual","category-adm","category-pol","tag-marian-mina"],"_links":{"self":[{"href":"https:\/\/giurgiu-net.ro\/index.php\/wp-json\/wp\/v2\/posts\/87838","targetHints":{"allow":["GET"]}}],"collection":[{"href":"https:\/\/giurgiu-net.ro\/index.php\/wp-json\/wp\/v2\/posts"}],"about":[{"href":"https:\/\/giurgiu-net.ro\/index.php\/wp-json\/wp\/v2\/types\/post"}],"author":[{"embeddable":true,"href":"https:\/\/giurgiu-net.ro\/index.php\/wp-json\/wp\/v2\/users\/1"}],"replies":[{"embeddable":true,"href":"https:\/\/giurgiu-net.ro\/index.php\/wp-json\/wp\/v2\/comments?post=87838"}],"version-history":[{"count":0,"href":"https:\/\/giurgiu-net.ro\/index.php\/wp-json\/wp\/v2\/posts\/87838\/revisions"}],"wp:featuredmedia":[{"embeddable":true,"href":"https:\/\/giurgiu-net.ro\/index.php\/wp-json\/wp\/v2\/media\/87839"}],"wp:attachment":[{"href":"https:\/\/giurgiu-net.ro\/index.php\/wp-json\/wp\/v2\/media?parent=87838"}],"wp:term":[{"taxonomy":"category","embeddable":true,"href":"https:\/\/giurgiu-net.ro\/index.php\/wp-json\/wp\/v2\/categories?post=87838"},{"taxonomy":"post_tag","embeddable":true,"href":"https:\/\/giurgiu-net.ro\/index.php\/wp-json\/wp\/v2\/tags?post=87838"}],"curies":[{"name":"wp","href":"https:\/\/api.w.org\/{rel}","templated":true}]}}