{"id":87383,"date":"2023-11-24T10:38:29","date_gmt":"2023-11-24T08:38:29","guid":{"rendered":"https:\/\/giurgiu-net.ro\/?p=87383"},"modified":"2023-11-24T10:38:30","modified_gmt":"2023-11-24T08:38:30","slug":"social-democratii-giurgiuveni-nu-fura-nimeni-primarii-de-la-pnl-ei-vor-sa-revina-la-psd","status":"publish","type":"post","link":"https:\/\/giurgiu-net.ro\/index.php\/2023\/11\/24\/social-democratii-giurgiuveni-nu-fura-nimeni-primarii-de-la-pnl-ei-vor-sa-revina-la-psd\/","title":{"rendered":"Social-democra\u0163ii giurgiuveni: \u201eNu fur\u0103 nimeni primarii de la PNL, ei vor s\u0103 revin\u0103 la PSD\u201d"},"content":{"rendered":"\n<p>\u00cen cadrul conferin\u0163ei de pres\u0103 de ieri, liderii PSD Giurgiu au discutat despre revenirea primarilor \u00een cadrul acestei forma\u0163iuni \u015fi au precizat c\u0103 \u201enu fur\u0103 nimeni primarii de la PNL.<\/p>\n\n\n\n<p>\u201e<em>Nu fur\u0103 nimeni primarii de la PNL, ei vor s\u0103 revin\u0103 la PSD. Nici nu avem cum s\u0103 \u00eei oblig\u0103m, oamenii \u00ee\u015fi exprim\u0103 dorin\u0163a de a candida, \u00een 2024, din partea Partidului Social Democrat. Mai ales c\u0103, \u015ftim cu to\u0163ii ce au \u00eensemnat administra\u0163iile PSD pentru jude\u0163ul Giurgiu: dezvoltarea tuturor comunit\u0103\u0163ilor, f\u0103r\u0103 culoare politic\u0103<\/em>\u201d, a declarat pre\u015fedintele PSD Giurgiu, Marian Mina.<\/p>\n\n\n\n<figure class=\"wp-block-image size-full\"><img loading=\"lazy\" decoding=\"async\" width=\"800\" height=\"667\" src=\"https:\/\/giurgiu-net.ro\/wp-content\/uploads\/2023\/11\/DSC00600.jpg\" alt=\"Dsc00600\" class=\"wp-image-87384\" srcset=\"https:\/\/giurgiu-net.ro\/wp-content\/uploads\/2023\/11\/DSC00600.jpg 800w, https:\/\/giurgiu-net.ro\/wp-content\/uploads\/2023\/11\/DSC00600-300x250.jpg 300w, https:\/\/giurgiu-net.ro\/wp-content\/uploads\/2023\/11\/DSC00600-768x640.jpg 768w, https:\/\/giurgiu-net.ro\/wp-content\/uploads\/2023\/11\/DSC00600-696x580.jpg 696w, https:\/\/giurgiu-net.ro\/wp-content\/uploads\/2023\/11\/DSC00600-504x420.jpg 504w\" sizes=\"auto, (max-width: 800px) 100vw, 800px\" \/><\/figure>\n\n\n\n<p>La r\u00e2ndul s\u0103u, prim-vicepre\u015fedintele PSD Giurgiu, Robert Cazanciuc, a precizat: <em>\u201eGiurgiu, \u00een esen\u0163\u0103, este un jude\u0163 social-democrat. Faptul c\u0103, de-a lungul timpului, au fost anumite accidente, mare parte au fost, cumva, for\u0163ate. Adic\u0103, au f\u0103cute presiuni asupra oamenilor pentru a schimba, formal, partidul \u00een care activau. Acum, \u00eentr-un moment de libertate \u00een care cei care f\u0103ceau presiunile nu mai au p\u00e2rghiile de putere ca s\u0103 fac\u0103 acest lucru, primarii \u00ee\u015fi exprim\u0103 firesc op\u0163iunea, ca \u015fi domnul Dobre(Mihai Dobre, Mih\u0103ile\u015fti, n.r.), acolo unde chiar pot g\u0103si o echip\u0103, unde sunt aprecia\u0163i \u015fi unde pot face lucrurile de care oamenii au nevoie\u201d<\/em>.<\/p>\n\n\n\n<figure class=\"wp-block-image size-full\"><img loading=\"lazy\" decoding=\"async\" width=\"800\" height=\"534\" src=\"https:\/\/giurgiu-net.ro\/wp-content\/uploads\/2023\/11\/DSC00602.jpg\" alt=\"Dsc00602\" class=\"wp-image-87385\" srcset=\"https:\/\/giurgiu-net.ro\/wp-content\/uploads\/2023\/11\/DSC00602.jpg 800w, https:\/\/giurgiu-net.ro\/wp-content\/uploads\/2023\/11\/DSC00602-300x200.jpg 300w, https:\/\/giurgiu-net.ro\/wp-content\/uploads\/2023\/11\/DSC00602-768x513.jpg 768w, https:\/\/giurgiu-net.ro\/wp-content\/uploads\/2023\/11\/DSC00602-696x465.jpg 696w, https:\/\/giurgiu-net.ro\/wp-content\/uploads\/2023\/11\/DSC00602-629x420.jpg 629w\" sizes=\"auto, (max-width: 800px) 100vw, 800px\" \/><\/figure>\n\n\n\n<p>Pre\u015fedintele OFSD Giurgiu, Cristina Elena Dinu a declarat c\u0103, de\u015fi presiunile nu au \u00eencetat complet, \u00eentr-adev\u0103r, primarii s-au s\u0103turat de o asemenea atitudine.<\/p>\n\n\n\n<figure class=\"wp-block-image size-full\"><img loading=\"lazy\" decoding=\"async\" width=\"800\" height=\"534\" src=\"https:\/\/giurgiu-net.ro\/wp-content\/uploads\/2023\/11\/DSC00525.jpg\" alt=\"Dsc00525\" class=\"wp-image-87386\" srcset=\"https:\/\/giurgiu-net.ro\/wp-content\/uploads\/2023\/11\/DSC00525.jpg 800w, https:\/\/giurgiu-net.ro\/wp-content\/uploads\/2023\/11\/DSC00525-300x200.jpg 300w, https:\/\/giurgiu-net.ro\/wp-content\/uploads\/2023\/11\/DSC00525-768x513.jpg 768w, https:\/\/giurgiu-net.ro\/wp-content\/uploads\/2023\/11\/DSC00525-696x465.jpg 696w, https:\/\/giurgiu-net.ro\/wp-content\/uploads\/2023\/11\/DSC00525-629x420.jpg 629w\" sizes=\"auto, (max-width: 800px) 100vw, 800px\" \/><\/figure>\n\n\n\n<p><em>\u201eVorbim despre cei care au f\u0103cut presiuni, la momentul 2020, ca primarii de la PSD s\u0103 treac\u0103 la PNL. Sunt obi\u015fnui\u0163i cu asta \u015fi au f\u0103cut presiuni legate de familie, de business \u015fi a\u015fa mai departe. Din p\u0103cate, pun \u015fi acum presiune pe o parte dintre primarii care inten\u0163ioneaz\u0103 s\u0103 revin\u0103 la PSD. \u00cens\u0103, nu apreciaz\u0103 nimeni a\u015fa ceva. \u00centr-adev\u0103r, \u00een 2020, era un moment \u00een care era doar PNL la guvernare. De aceea, \u015fi eu \u015fi colegii mei sper\u0103m c\u0103 acum s\u0103 o lase un pic mai moale cu aceste presiuni!\u201d<\/em><\/p>\n","protected":false},"excerpt":{"rendered":"<p>\u00cen cadrul conferin\u0163ei de pres\u0103 de ieri, liderii PSD Giurgiu au discutat despre revenirea primarilor \u00een cadrul acestei forma\u0163iuni \u015fi au precizat c\u0103 \u201enu fur\u0103 nimeni primarii de la PNL. \u201eNu fur\u0103 nimeni primarii de la PNL, ei vor s\u0103 revin\u0103 la PSD. Nici nu avem cum s\u0103 \u00eei oblig\u0103m, oamenii \u00ee\u015fi exprim\u0103 dorin\u0163a de [&hellip;]<\/p>\n","protected":false},"author":1,"featured_media":87387,"comment_status":"open","ping_status":"open","sticky":false,"template":"","format":"standard","meta":{"slim_seo":{"title":"Social-democra\u0163ii giurgiuveni: \u201eNu fur\u0103 nimeni primarii de la PNL, ei vor s\u0103 revin\u0103 la PSD\u201d - GIURGIU NET","description":"\u00cen cadrul conferin\u0163ei de pres\u0103 de ieri, liderii PSD Giurgiu au discutat despre revenirea primarilor \u00een cadrul acestei forma\u0163iuni \u015fi au precizat c\u0103 \u201enu fur\u0103 nime"},"footnotes":""},"categories":[18,25],"tags":[2256],"class_list":{"0":"post-87383","1":"post","2":"type-post","3":"status-publish","4":"format-standard","5":"has-post-thumbnail","7":"category-actual","8":"category-pol","9":"tag-psd-giurgiu"},"_links":{"self":[{"href":"https:\/\/giurgiu-net.ro\/index.php\/wp-json\/wp\/v2\/posts\/87383","targetHints":{"allow":["GET"]}}],"collection":[{"href":"https:\/\/giurgiu-net.ro\/index.php\/wp-json\/wp\/v2\/posts"}],"about":[{"href":"https:\/\/giurgiu-net.ro\/index.php\/wp-json\/wp\/v2\/types\/post"}],"author":[{"embeddable":true,"href":"https:\/\/giurgiu-net.ro\/index.php\/wp-json\/wp\/v2\/users\/1"}],"replies":[{"embeddable":true,"href":"https:\/\/giurgiu-net.ro\/index.php\/wp-json\/wp\/v2\/comments?post=87383"}],"version-history":[{"count":0,"href":"https:\/\/giurgiu-net.ro\/index.php\/wp-json\/wp\/v2\/posts\/87383\/revisions"}],"wp:featuredmedia":[{"embeddable":true,"href":"https:\/\/giurgiu-net.ro\/index.php\/wp-json\/wp\/v2\/media\/87387"}],"wp:attachment":[{"href":"https:\/\/giurgiu-net.ro\/index.php\/wp-json\/wp\/v2\/media?parent=87383"}],"wp:term":[{"taxonomy":"category","embeddable":true,"href":"https:\/\/giurgiu-net.ro\/index.php\/wp-json\/wp\/v2\/categories?post=87383"},{"taxonomy":"post_tag","embeddable":true,"href":"https:\/\/giurgiu-net.ro\/index.php\/wp-json\/wp\/v2\/tags?post=87383"}],"curies":[{"name":"wp","href":"https:\/\/api.w.org\/{rel}","templated":true}]}}