{"id":87373,"date":"2023-11-23T15:38:53","date_gmt":"2023-11-23T13:38:53","guid":{"rendered":"https:\/\/giurgiu-net.ro\/?p=87373"},"modified":"2023-11-23T15:48:54","modified_gmt":"2023-11-23T13:48:54","slug":"primarul-din-mihailesti-mihai-dobre-am-venit-la-psd-din-doua-motive-sa-iasa-marian-mina-presedinte-al-cj-giurgiu-si-sa-nu-i-mai-vad-fata-lui-toma-petcu","status":"publish","type":"post","link":"https:\/\/giurgiu-net.ro\/index.php\/2023\/11\/23\/primarul-din-mihailesti-mihai-dobre-am-venit-la-psd-din-doua-motive-sa-iasa-marian-mina-presedinte-al-cj-giurgiu-si-sa-nu-i-mai-vad-fata-lui-toma-petcu\/","title":{"rendered":"Primarul din Mih\u0103ile\u015fti, Mihai Dobre: \u201eAm venit la PSD din dou\u0103 motive. S\u0103 ias\u0103 Marian Mina pre\u015fedinte al CJ Giurgiu \u015fi s\u0103 nu-i mai v\u0103d fa\u0163a lui Toma Petcu\u201d"},"content":{"rendered":"\n<p>Primarul ora\u015fului Mih\u0103ile\u015fti, Mihai Dobre, a participat, ast\u0103zi, la conferin\u0163a de pres\u0103 a PSD Giurgiu. \u00centrebat de ce a ales s\u0103 revin\u0103 \u00een aceast\u0103 echip\u0103 el a declarat: <em>\u201eAm venit la PSD din dou\u0103 motive. S\u0103 ias\u0103 Marian Mina pre\u015fedinte al Consiliului Jude\u0163ean Giurgiu \u015fi s\u0103 nu-i mai v\u0103d fa\u0163a lui Toma Petcu, acest combinator \u015fi dezbinator care p\u00e2rjole\u015fte tot pe unde trece. \u015etiu c\u0103 vom face treab\u0103 bun\u0103, aici la PSD, am venit cu inima deschis\u0103 \u015fi, da, \u00eentr-adev\u0103r, sunt foarte mul\u0163i primari care vor s\u0103 revin\u0103, tot din cauza combinatorului\u201d.<\/em><\/p>\n\n\n\n<p>La r\u00e2ndul s\u0103u, pre\u015fedintele PSD Giurgiu, Marian Mina, a afirmat: <em>&#8222;M\u0103 bucur c\u0103 domnul primar al ora\u015fului Mih\u0103ile\u015fti, Mihai Dobre, a ales s\u0103 revin\u0103 \u00een echipa noastr\u0103 \u015fi c\u0103 va candida pentru un nou mandat din partea PSD, aici unde exist\u0103 unitate, colaborare \u015fi dialog. Pentru c\u0103 PSD \u00eenseamn\u0103 prezent \u015fi viitor \u015fi este singurul partid care face lucruri bune pentru oameni!<\/em><\/p>\n\n\n\n<p><em>Pentru echipa PSD Giurgiu, revenirea domnului Mihai Dobre este un mare c\u00e2\u015ftig, deoarece vorbim despre un primar cu experien\u0163\u0103 politic\u0103 \u015fi administrativ\u0103 de net\u0103g\u0103duit. \u00cei mul\u0163umesc pentru sus\u0163inere \u015fi pentru c\u0103 a venit, ast\u0103zi, al\u0103turi de noi \u00een conferin\u0163\u0103 de pres\u0103<\/em>!&#8221;.<\/p>\n\n\n\n<p>Vom reveni cu detalii despre ce s-a mai discutat, \u00een conferin\u0163a de pres\u0103 de azi, \u00een perioada urm\u0103toare!<\/p>\n","protected":false},"excerpt":{"rendered":"<p>Primarul ora\u015fului Mih\u0103ile\u015fti, Mihai Dobre, a participat, ast\u0103zi, la conferin\u0163a de pres\u0103 a PSD Giurgiu. \u00centrebat de ce a ales s\u0103 revin\u0103 \u00een aceast\u0103 echip\u0103 el a declarat: \u201eAm venit la PSD din dou\u0103 motive. S\u0103 ias\u0103 Marian Mina pre\u015fedinte al Consiliului Jude\u0163ean Giurgiu \u015fi s\u0103 nu-i mai v\u0103d fa\u0163a lui Toma Petcu, acest combinator [&hellip;]<\/p>\n","protected":false},"author":1,"featured_media":87379,"comment_status":"open","ping_status":"open","sticky":false,"template":"","format":"standard","meta":{"slim_seo":{"title":"Primarul din Mih\u0103ile\u015fti, Mihai Dobre: \u201eAm venit la PSD din dou\u0103 motive. S\u0103 ias\u0103 Marian Mina pre\u015fedinte al CJ Giurgiu \u015fi s\u0103 nu-i mai v\u0103d fa\u0163a lui Toma Petcu\u201d - GIURGIU NET","description":"Primarul ora\u015fului Mih\u0103ile\u015fti, Mihai Dobre, a participat, ast\u0103zi, la conferin\u0163a de pres\u0103 a PSD Giurgiu. \u00centrebat de ce a ales s\u0103 revin\u0103 \u00een aceast\u0103 echip\u0103 el a de"},"footnotes":""},"categories":[18,25],"tags":[2256],"class_list":{"0":"post-87373","1":"post","2":"type-post","3":"status-publish","4":"format-standard","5":"has-post-thumbnail","7":"category-actual","8":"category-pol","9":"tag-psd-giurgiu"},"_links":{"self":[{"href":"https:\/\/giurgiu-net.ro\/index.php\/wp-json\/wp\/v2\/posts\/87373","targetHints":{"allow":["GET"]}}],"collection":[{"href":"https:\/\/giurgiu-net.ro\/index.php\/wp-json\/wp\/v2\/posts"}],"about":[{"href":"https:\/\/giurgiu-net.ro\/index.php\/wp-json\/wp\/v2\/types\/post"}],"author":[{"embeddable":true,"href":"https:\/\/giurgiu-net.ro\/index.php\/wp-json\/wp\/v2\/users\/1"}],"replies":[{"embeddable":true,"href":"https:\/\/giurgiu-net.ro\/index.php\/wp-json\/wp\/v2\/comments?post=87373"}],"version-history":[{"count":0,"href":"https:\/\/giurgiu-net.ro\/index.php\/wp-json\/wp\/v2\/posts\/87373\/revisions"}],"wp:featuredmedia":[{"embeddable":true,"href":"https:\/\/giurgiu-net.ro\/index.php\/wp-json\/wp\/v2\/media\/87379"}],"wp:attachment":[{"href":"https:\/\/giurgiu-net.ro\/index.php\/wp-json\/wp\/v2\/media?parent=87373"}],"wp:term":[{"taxonomy":"category","embeddable":true,"href":"https:\/\/giurgiu-net.ro\/index.php\/wp-json\/wp\/v2\/categories?post=87373"},{"taxonomy":"post_tag","embeddable":true,"href":"https:\/\/giurgiu-net.ro\/index.php\/wp-json\/wp\/v2\/tags?post=87373"}],"curies":[{"name":"wp","href":"https:\/\/api.w.org\/{rel}","templated":true}]}}