{"id":87371,"date":"2023-11-23T09:51:08","date_gmt":"2023-11-23T07:51:08","guid":{"rendered":"https:\/\/giurgiu-net.ro\/?p=87371"},"modified":"2023-11-23T09:51:09","modified_gmt":"2023-11-23T07:51:09","slug":"deputat-marian-mina-atac-dur-la-adresa-lui-catalin-drula-tu-si-colegii-tai-de-la-usr-ati-dat-1-miliard-de-euro-pe-vaccinuri-fara-rost-in-loc-sa-faci-autostrazi-si-drumuri-in-romania","status":"publish","type":"post","link":"https:\/\/giurgiu-net.ro\/index.php\/2023\/11\/23\/deputat-marian-mina-atac-dur-la-adresa-lui-catalin-drula-tu-si-colegii-tai-de-la-usr-ati-dat-1-miliard-de-euro-pe-vaccinuri-fara-rost-in-loc-sa-faci-autostrazi-si-drumuri-in-romania\/","title":{"rendered":"Deputat Marian Mina, atac dur la adresa lui C\u0103t\u0103lin Drul\u0103: &#8222;Tu \u0219i colegii t\u0103i de la USR a\u021bi dat 1 miliard de euro pe vaccinuri f\u0103r\u0103 rost, \u00een loc s\u0103 faci autostr\u0103zi \u0219i drumuri \u00een Rom\u00e2nia!&#8221;"},"content":{"rendered":"\n<p>&#8222;Drul\u0103 a ie\u0219it iar la v\u00e2n\u0103toare de vr\u0103jitoare cu ranga!<\/p>\n\n\n\n<p>De\u0219i, azi, s-a semnat ultimul lot din Autostrada Moldovei, a ie\u0219it domnul Drul\u0103 s\u0103 ne spun\u0103 c\u0103 nu e bine \u0219i c\u0103 e t\u00e2rziu.<\/p>\n\n\n\n<p>Drul\u0103 \u2013 tu n-ai fost \u00een stare s\u0103 faci un kilometru de autostrad\u0103 \u00een mandatul t\u0103u! De ce atunci at\u00e2ta ur\u0103, Drul\u0103?! De ce faci politic\u0103 m\u0103runt\u0103 atunci c\u00e2nd vorbim despre dezvoltarea acestei \u021b\u0103ri?!<\/p>\n\n\n\n<p>Acum chiar se fac kilometri de autostrad\u0103, domnule Drul\u0103! \u00cen fiecare zi se avanseaz\u0103 mai mult pe \u0219antiere. Iar <a><\/a>tu, \u00een loc s\u0103 \u021bii degetele \u00eencruci\u0219ate s\u0103 nu ias\u0103, ar trebui s\u0103 aplauzi!<\/p>\n\n\n\n<p>De ce at\u00e2ta ur\u0103 c\u0103 e altul mai bun dec\u00e2t tine? De unde obsesia asta pentru Sorin Grindeanu? Las\u0103 invidia care te roade pe la toate \u00eencheieturile mediului online \u0219i recunoa\u0219te realiz\u0103rile f\u0103r\u0103 precedent de la Ministerul Transporturilor, sub coordonarea social-democrat\u0103.<\/p>\n\n\n\n<p>Ai avut \u0219ansa ta, Drul\u0103! Ce-ai f\u0103cut cu ea?! Absolut nimic. Doar scandal \u0219i rang\u0103.<\/p>\n\n\n\n<p>Tu \u0219i colegii t\u0103i de la USR a\u021bi dat 1 miliard de euro pe vaccinuri f\u0103r\u0103 rost, \u00een loc s\u0103 faci autostr\u0103zi \u0219i drumuri \u00een Rom\u00e2nia! Un kilometru de autostrad\u0103 dac\u0103 f\u0103ceai \u015fi tu, \u015fi te credea lumea.<\/p>\n\n\n\n<p>A\u015fa, s\u0103 ie\u015fi \u015fi s\u0103 spui c\u0103 e r\u0103u, tocmai c\u00e2nd, \u00een sf\u00e2r\u015fit, lucrurile se mi\u015fc\u0103 bine, \u00eenseamn\u0103 c\u0103 nu e\u015fti dec\u00e2t un USR-ist frustrat, agresiv, nepriceput \u015fi nimic mai mult&#8221;- pre\u015fedinte PSD Giurgiu, deputat Marian Mina.<\/p>\n","protected":false},"excerpt":{"rendered":"<p>&#8222;Drul\u0103 a ie\u0219it iar la v\u00e2n\u0103toare de vr\u0103jitoare cu ranga! De\u0219i, azi, s-a semnat ultimul lot din Autostrada Moldovei, a ie\u0219it domnul Drul\u0103 s\u0103 ne spun\u0103 c\u0103 nu e bine \u0219i c\u0103 e t\u00e2rziu. Drul\u0103 \u2013 tu n-ai fost \u00een stare s\u0103 faci un kilometru de autostrad\u0103 \u00een mandatul t\u0103u! De ce atunci at\u00e2ta ur\u0103, [&hellip;]<\/p>\n","protected":false},"author":1,"featured_media":79814,"comment_status":"open","ping_status":"open","sticky":false,"template":"","format":"standard","meta":{"slim_seo":{"title":"Deputat Marian Mina, atac dur la adresa lui C\u0103t\u0103lin Drul\u0103: \"Tu \u0219i colegii t\u0103i de la USR a\u021bi dat 1 miliard de euro pe vaccinuri f\u0103r\u0103 rost, \u00een loc s\u0103 faci autostr\u0103zi \u0219i drumuri \u00een Rom\u00e2nia!\" - GIURGIU NET","description":"\"Drul\u0103 a ie\u0219it iar la v\u00e2n\u0103toare de vr\u0103jitoare cu ranga! De\u0219i, azi, s-a semnat ultimul lot din Autostrada Moldovei, a ie\u0219it domnul Drul\u0103 s\u0103 ne spun\u0103 c\u0103 nu e bine"},"footnotes":""},"categories":[18,25],"tags":[1626],"class_list":{"0":"post-87371","1":"post","2":"type-post","3":"status-publish","4":"format-standard","5":"has-post-thumbnail","7":"category-actual","8":"category-pol","9":"tag-marian-mina"},"_links":{"self":[{"href":"https:\/\/giurgiu-net.ro\/index.php\/wp-json\/wp\/v2\/posts\/87371","targetHints":{"allow":["GET"]}}],"collection":[{"href":"https:\/\/giurgiu-net.ro\/index.php\/wp-json\/wp\/v2\/posts"}],"about":[{"href":"https:\/\/giurgiu-net.ro\/index.php\/wp-json\/wp\/v2\/types\/post"}],"author":[{"embeddable":true,"href":"https:\/\/giurgiu-net.ro\/index.php\/wp-json\/wp\/v2\/users\/1"}],"replies":[{"embeddable":true,"href":"https:\/\/giurgiu-net.ro\/index.php\/wp-json\/wp\/v2\/comments?post=87371"}],"version-history":[{"count":0,"href":"https:\/\/giurgiu-net.ro\/index.php\/wp-json\/wp\/v2\/posts\/87371\/revisions"}],"wp:featuredmedia":[{"embeddable":true,"href":"https:\/\/giurgiu-net.ro\/index.php\/wp-json\/wp\/v2\/media\/79814"}],"wp:attachment":[{"href":"https:\/\/giurgiu-net.ro\/index.php\/wp-json\/wp\/v2\/media?parent=87371"}],"wp:term":[{"taxonomy":"category","embeddable":true,"href":"https:\/\/giurgiu-net.ro\/index.php\/wp-json\/wp\/v2\/categories?post=87371"},{"taxonomy":"post_tag","embeddable":true,"href":"https:\/\/giurgiu-net.ro\/index.php\/wp-json\/wp\/v2\/tags?post=87371"}],"curies":[{"name":"wp","href":"https:\/\/api.w.org\/{rel}","templated":true}]}}