{"id":87356,"date":"2023-11-21T11:54:55","date_gmt":"2023-11-21T09:54:55","guid":{"rendered":"https:\/\/giurgiu-net.ro\/?p=87356"},"modified":"2023-11-21T11:54:56","modified_gmt":"2023-11-21T09:54:56","slug":"deputat-elena-dinu-la-conferinta-siguranta-pacientilor-in-sistemul-de-sanatate-din-romania","status":"publish","type":"post","link":"https:\/\/giurgiu-net.ro\/index.php\/2023\/11\/21\/deputat-elena-dinu-la-conferinta-siguranta-pacientilor-in-sistemul-de-sanatate-din-romania\/","title":{"rendered":"Deputat Elena Dinu, la Conferin\u0163a &#8222;Siguran\u0163a pacien\u0163ilor \u00een sistemul de s\u0103n\u0103tate din Rom\u00e2nia&#8221;"},"content":{"rendered":"\n<p>&#8222;Am fost onorat\u0103 s\u0103 particip, la sf\u00e2r\u015fitul s\u0103pt\u0103m\u00e2nii trecute, la invita\u0163ia Comunit\u0103\u0163ii Asocia\u0163iilor de Pacien\u0163i CASPA, la conferin\u0163a \u201eSiguran\u0163a pacien\u0163ilor \u00een sistemul de s\u0103n\u0103tate din Rom\u00e2nia\u201d, al\u0103turi de reprezentan\u021bii asocia\u021biilor de pacien\u021bi din \u00eentreaga \u021bar\u0103, reprezentan\u021bi ai autorit\u0103\u021bilor din domeniul s\u0103n\u0103t\u0103\u021bii, speciali\u0219ti \u0219i lideri din s\u0103n\u0103tate.<br>\u00cen contextul \u00een care tema din acest an a Zilei Mondiale a Siguran\u021bei Pacientului a fost ,,Implicarea pacien\u021bilor pentru siguran\u021ba lor&#8221;, am abordat, \u00een luarea de cuv\u00e2nt, posibilitatea implic\u0103rii pacientului \u00een siguran\u0163a sa, \u00een cadrul sistemului de s\u0103n\u0103tate din Rom\u00e2nia, prin cunoa\u0219terea \u0219i con\u0219tientizarea efectelor benefice ale preven\u021biei. <br>Le-am propus tuturor s\u0103 facem un exerci\u0163iu de imagina\u0163ie: cum ar fi s\u0103 nu mai avem camere de gard\u0103 pline de pacien\u021bi \u00een sezoanele gripale? Cum ar fi s\u0103 sc\u0103dem num\u0103rul de cazuri de cancer de col uterin prin simpla vaccinare? Cum ar fi s\u0103 depist\u0103m bolile grave atunci c\u00e2nd sunt \u00een faze incipiente \u0219i mai u\u0219or de tratat sau chiar cu poten\u021bial de a fi vindecate? Evident, \u00een mintea fiec\u0103ruia r\u0103spunsul este \u201ear fi frumos\u201d. Dar de ce \u201ear fi\u201d \u0219i nu \u201eeste\u201d? <br>Dac\u0103 ne-am concentra \u00eempreun\u0103 pe aceast\u0103 zon\u0103, calitatea vie\u021bii pacientului ar fi infinit mai bun\u0103, \u0219i, cel mai probabil, s-ar sim\u021bi \u00een siguran\u021b\u0103 \u00eentr-un sistem de s\u0103n\u0103tate coerent, bazat \u0219i centrat pe nevoile sale.<br>Felicit\u0103ri organizatorilor \u015fi mult succes \u00een activitatea viitoare!&#8221;- pre\u015fedinte OFSD Giurgiu, deputat dr. Cristina Elena Dinu<\/p>\n","protected":false},"excerpt":{"rendered":"<p>&#8222;Am fost onorat\u0103 s\u0103 particip, la sf\u00e2r\u015fitul s\u0103pt\u0103m\u00e2nii trecute, la invita\u0163ia Comunit\u0103\u0163ii Asocia\u0163iilor de Pacien\u0163i CASPA, la conferin\u0163a \u201eSiguran\u0163a pacien\u0163ilor \u00een sistemul de s\u0103n\u0103tate din Rom\u00e2nia\u201d, al\u0103turi de reprezentan\u021bii asocia\u021biilor de pacien\u021bi din \u00eentreaga \u021bar\u0103, reprezentan\u021bi ai autorit\u0103\u021bilor din domeniul s\u0103n\u0103t\u0103\u021bii, speciali\u0219ti \u0219i lideri din s\u0103n\u0103tate.\u00cen contextul \u00een care tema din acest an a Zilei [&hellip;]<\/p>\n","protected":false},"author":1,"featured_media":87357,"comment_status":"open","ping_status":"open","sticky":false,"template":"","format":"standard","meta":{"slim_seo":{"title":"Deputat Elena Dinu, la Conferin\u0163a \"Siguran\u0163a pacien\u0163ilor \u00een sistemul de s\u0103n\u0103tate din Rom\u00e2nia\" - GIURGIU NET","description":"\"Am fost onorat\u0103 s\u0103 particip, la sf\u00e2r\u015fitul s\u0103pt\u0103m\u00e2nii trecute, la invita\u0163ia Comunit\u0103\u0163ii Asocia\u0163iilor de Pacien\u0163i CASPA, la conferin\u0163a \u201eSiguran\u0163a pacien\u0163ilor \u00een"},"footnotes":""},"categories":[18,2877,26],"tags":[1025],"class_list":{"0":"post-87356","1":"post","2":"type-post","3":"status-publish","4":"format-standard","5":"has-post-thumbnail","7":"category-actual","8":"category-sanatate","9":"category-soc","10":"tag-elena-dinu"},"_links":{"self":[{"href":"https:\/\/giurgiu-net.ro\/index.php\/wp-json\/wp\/v2\/posts\/87356","targetHints":{"allow":["GET"]}}],"collection":[{"href":"https:\/\/giurgiu-net.ro\/index.php\/wp-json\/wp\/v2\/posts"}],"about":[{"href":"https:\/\/giurgiu-net.ro\/index.php\/wp-json\/wp\/v2\/types\/post"}],"author":[{"embeddable":true,"href":"https:\/\/giurgiu-net.ro\/index.php\/wp-json\/wp\/v2\/users\/1"}],"replies":[{"embeddable":true,"href":"https:\/\/giurgiu-net.ro\/index.php\/wp-json\/wp\/v2\/comments?post=87356"}],"version-history":[{"count":0,"href":"https:\/\/giurgiu-net.ro\/index.php\/wp-json\/wp\/v2\/posts\/87356\/revisions"}],"wp:featuredmedia":[{"embeddable":true,"href":"https:\/\/giurgiu-net.ro\/index.php\/wp-json\/wp\/v2\/media\/87357"}],"wp:attachment":[{"href":"https:\/\/giurgiu-net.ro\/index.php\/wp-json\/wp\/v2\/media?parent=87356"}],"wp:term":[{"taxonomy":"category","embeddable":true,"href":"https:\/\/giurgiu-net.ro\/index.php\/wp-json\/wp\/v2\/categories?post=87356"},{"taxonomy":"post_tag","embeddable":true,"href":"https:\/\/giurgiu-net.ro\/index.php\/wp-json\/wp\/v2\/tags?post=87356"}],"curies":[{"name":"wp","href":"https:\/\/api.w.org\/{rel}","templated":true}]}}