{"id":87196,"date":"2023-11-08T10:24:18","date_gmt":"2023-11-08T08:24:18","guid":{"rendered":"https:\/\/giurgiu-net.ro\/?p=87196"},"modified":"2023-11-08T10:30:58","modified_gmt":"2023-11-08T08:30:58","slug":"deputat-elena-dinu-numarul-copiilor-prematuri-in-romania-de-24-ori-mai-mare-decat-media-europeana","status":"publish","type":"post","link":"https:\/\/giurgiu-net.ro\/index.php\/2023\/11\/08\/deputat-elena-dinu-numarul-copiilor-prematuri-in-romania-de-24-ori-mai-mare-decat-media-europeana\/","title":{"rendered":"Deputat Elena Dinu: \u201eNum\u0103rul copiilor prematuri, \u00een Rom\u00e2nia, de 2,4 ori mai mare dec\u00e2t media european\u0103\u201d"},"content":{"rendered":"\n<p>Pre\u015fedintele OFSD Giurgiu, deputat dr. Cristina Elena Dinu a participat, ieri, la Palatul Parlamentului, la un eveniment dedicat problemei prematurit\u0103\u0163ii, \u00een Rom\u00e2nia.<\/p>\n\n\n\n<p>\u201cAnual, peste 20.000 de copii se nasc prematur, reprezent\u00e2nd un procent de 10% din totalul na\u0219terilor.<\/p>\n\n\n\n<p>Fenomenul na\u015fterilor premature plaseaz\u0103 Rom\u00e2nia pe ultimul loc \u00een clasamentul \u021b\u0103rilor europene, num\u0103rul copiilor prematuri \u00eenregistra\u021bi fiind de 2,4 ori mai mare dec\u00e2t media european\u0103. Riscul de deces este mai mare \u00een mediul rural dec\u00e2t \u00een mediul urban cu aproape 50% \u0219i difer\u0103 \u00een func\u021bie de jude\u021b.<\/p>\n\n\n\n<p>Decesele infantile intervin preponderent \u00een prima lun\u0103 de via\u021b\u0103, majoritatea la domiciliu, f\u0103r\u0103 asisten\u021b\u0103 medical\u0103.<\/p>\n\n\n\n<p>Copiii n\u0103scu\u021bi prematur sunt vulnerabili \u0219i au nevoie de monitorizare si \u00eengrijiri speciale.<\/p>\n\n\n\n<p>Acest eveniment a fost o ocazie de a face cunoscut\u0103 \u0219i de a sus\u021bine ini\u021biativa Asocia\u021biei Prematurilor din Rom\u00e2nia \u0219i Asocia\u021biei ABC-ul educa\u021biei pentru copii &#8211; &#8222;<a href=\"https:\/\/www.facebook.com\/hashtag\/carnetul?__eep__=6&amp;__cft__%5b0%5d=AZXPWRtb1FeFBQgoSVvCzXgDAvRi3JUhkMS9aZO7GrG8sx5OTiquKwkwBY6PkamxKdmG6SCEm15b-4NRiejaWIP1k2wDs0HenK8Solxk2fK2N08OsozIFXOgs3gldLFPExc3D-lTri8pAng-H36R8O7qa2THFYw8v9VbIijHeUKR4w&amp;__tn__=*NK-R\">#Carnetul<\/a> Prematurului \u0219i Nou-N\u0103scutului Vulnerabil&#8221;<\/p>\n\n\n\n<p>Aceast\u0103 ini\u0163iativ\u0103 va avea un impact semnificativ asupra s\u0103n\u0103t\u0103\u021bii copiilor vulnerabili \u0219i reprezint\u0103 prima etap\u0103 din \u201cMISIUNEA VULNERABILII \u2013 ac\u021biuni pentru s\u0103n\u0103tatea si dezvoltarea armonioas\u0103 a nou-n\u0103scu\u021bilor vulnerabili\u201d, un demers mai amplu pentru interven\u021bie \u0219i suport pentru familiile acestor copii, sus\u021binut de cele dou\u0103 asocia\u021bii.<\/p>\n\n\n\n<p><a href=\"https:\/\/www.facebook.com\/hashtag\/carnetul_prematurului?__eep__=6&amp;__cft__%5b0%5d=AZXPWRtb1FeFBQgoSVvCzXgDAvRi3JUhkMS9aZO7GrG8sx5OTiquKwkwBY6PkamxKdmG6SCEm15b-4NRiejaWIP1k2wDs0HenK8Solxk2fK2N08OsozIFXOgs3gldLFPExc3D-lTri8pAng-H36R8O7qa2THFYw8v9VbIijHeUKR4w&amp;__tn__=*NK-R\">#Carnetul_prematurului<\/a> este un ghid de monitorizare \u0219i interven\u021bie timpurie, menit s\u0103 ofere sprijin familiilor \u0219i sistemului medical pentru a \u00eembun\u0103t\u0103\u021bi \u00eengrijirea acestor copii vulnerabili.<\/p>\n\n\n\n<p>Voi colabora \u0219i voi sprijini orice demers legislativ care poate \u00eembun\u0103t\u0103\u021bi situa\u021bia copiilor prematuri din Rom\u00e2nia!\u201d, a transmis deputatul PSD de Giurgiu Cristina Elena Dinu.<\/p>\n\n\n\n<p>Mai multe fotografii,<a href=\"https:\/\/www.facebook.com\/cristinaelena.dinu.5\" data-type=\"link\" data-id=\"https:\/\/www.facebook.com\/cristinaelena.dinu.5\"> AICI<\/a><\/p>\n","protected":false},"excerpt":{"rendered":"<p>Pre\u015fedintele OFSD Giurgiu, deputat dr. Cristina Elena Dinu a participat, ieri, la Palatul Parlamentului, la un eveniment dedicat problemei prematurit\u0103\u0163ii, \u00een Rom\u00e2nia. \u201cAnual, peste 20.000 de copii se nasc prematur, reprezent\u00e2nd un procent de 10% din totalul na\u0219terilor. Fenomenul na\u015fterilor premature plaseaz\u0103 Rom\u00e2nia pe ultimul loc \u00een clasamentul \u021b\u0103rilor europene, num\u0103rul copiilor prematuri \u00eenregistra\u021bi fiind [&hellip;]<\/p>\n","protected":false},"author":1,"featured_media":87197,"comment_status":"open","ping_status":"open","sticky":false,"template":"","format":"standard","meta":{"slim_seo":{"title":"Deputat Elena Dinu: \u201eNum\u0103rul copiilor prematuri, \u00een Rom\u00e2nia, de 2,4 ori mai mare dec\u00e2t media european\u0103\u201d - GIURGIU NET","description":"Pre\u015fedintele OFSD Giurgiu, deputat dr. Cristina Elena Dinu a participat, ieri, la Palatul Parlamentului, la un eveniment dedicat problemei prematurit\u0103\u0163ii, \u00een Ro"},"footnotes":""},"categories":[18,25,2877,26],"tags":[1025],"class_list":{"0":"post-87196","1":"post","2":"type-post","3":"status-publish","4":"format-standard","5":"has-post-thumbnail","7":"category-actual","8":"category-pol","9":"category-sanatate","10":"category-soc","11":"tag-elena-dinu"},"_links":{"self":[{"href":"https:\/\/giurgiu-net.ro\/index.php\/wp-json\/wp\/v2\/posts\/87196","targetHints":{"allow":["GET"]}}],"collection":[{"href":"https:\/\/giurgiu-net.ro\/index.php\/wp-json\/wp\/v2\/posts"}],"about":[{"href":"https:\/\/giurgiu-net.ro\/index.php\/wp-json\/wp\/v2\/types\/post"}],"author":[{"embeddable":true,"href":"https:\/\/giurgiu-net.ro\/index.php\/wp-json\/wp\/v2\/users\/1"}],"replies":[{"embeddable":true,"href":"https:\/\/giurgiu-net.ro\/index.php\/wp-json\/wp\/v2\/comments?post=87196"}],"version-history":[{"count":0,"href":"https:\/\/giurgiu-net.ro\/index.php\/wp-json\/wp\/v2\/posts\/87196\/revisions"}],"wp:featuredmedia":[{"embeddable":true,"href":"https:\/\/giurgiu-net.ro\/index.php\/wp-json\/wp\/v2\/media\/87197"}],"wp:attachment":[{"href":"https:\/\/giurgiu-net.ro\/index.php\/wp-json\/wp\/v2\/media?parent=87196"}],"wp:term":[{"taxonomy":"category","embeddable":true,"href":"https:\/\/giurgiu-net.ro\/index.php\/wp-json\/wp\/v2\/categories?post=87196"},{"taxonomy":"post_tag","embeddable":true,"href":"https:\/\/giurgiu-net.ro\/index.php\/wp-json\/wp\/v2\/tags?post=87196"}],"curies":[{"name":"wp","href":"https:\/\/api.w.org\/{rel}","templated":true}]}}