{"id":86940,"date":"2023-10-18T11:00:36","date_gmt":"2023-10-18T08:00:36","guid":{"rendered":"https:\/\/giurgiu-net.ro\/?p=86940"},"modified":"2023-10-18T11:00:37","modified_gmt":"2023-10-18T08:00:37","slug":"declaratie-politica-decontarea-vaccinurilor-un-pas-vital-pentru-sanatatea-romanilor","status":"publish","type":"post","link":"https:\/\/giurgiu-net.ro\/index.php\/2023\/10\/18\/declaratie-politica-decontarea-vaccinurilor-un-pas-vital-pentru-sanatatea-romanilor\/","title":{"rendered":"DECLARA\u0162IE POLITIC\u0102: &#8222;Decontarea vaccinurilor, un pas vital pentru s\u0103n\u0103tatea rom\u00e2nilor&#8221;"},"content":{"rendered":"\n<p>\u201c\ud835\udc03\ud835\udc1e\ud835\udc1c\ud835\udc28\ud835\udc27\ud835\udc2d\ud835\udc1a\ud835\udc2b\ud835\udc1e\ud835\udc1a \ud835\udc2f\ud835\udc1a\ud835\udc1c\ud835\udc1c\ud835\udc22\ud835\udc27\ud835\udc2e\ud835\udc2b\ud835\udc22\ud835\udc25\ud835\udc28\ud835\udc2b, \ud835\udc2e\ud835\udc27 \ud835\udc29\ud835\udc1a\ud835\udc2c \ud835\udc2f\ud835\udc22\ud835\udc2d\ud835\udc1a\ud835\udc25 \ud835\udc29\ud835\udc1e\ud835\udc27\ud835\udc2d\ud835\udc2b\ud835\udc2e \ud835\udc2c\ud835\udc1a\u0306\ud835\udc27\ud835\udc1a\u0306\ud835\udc2d\ud835\udc1a\ud835\udc2d\ud835\udc1e\ud835\udc1a \ud835\udc2b\ud835\udc28\ud835\udc26\ud835\udc1a\u0302\ud835\udc27\ud835\udc22\ud835\udc25\ud835\udc28\ud835\udc2b\u201d este titlul declara\u0163iei politice pe care pre\u015fedintele OFSD Giurgiu, deputat Cristina Elena Dinu a prezentat-o, ast\u0103zi, \u00een plenul Camerei Deputa\u0163ilor.<\/p>\n\n\n\n<p>&#8222;Dinamizarea accesului rom\u00e2nilor la vaccinuri \u015fi vaccinare este una dintre preocup\u0103rile Ministerului S\u0103n\u0103t\u0103\u021bii, dar \u0219i a Comisiei pentru S\u0103n\u0103tate si Familie din Camera Deputa\u021bilor. Anul trecut, s-au f\u0103cut primii pa\u0219i legislativi pentru \ud835\udc22\ud835\udc26\ud835\udc29\ud835\udc25\ud835\udc1e\ud835\udc26\ud835\udc1e\ud835\udc27\ud835\udc2d\ud835\udc1a\ud835\udc2b\ud835\udc1e\ud835\udc1a \ud835\udc2e\ud835\udc27\ud835\udc2e\ud835\udc22 \ud835\udc2c\ud835\udc22\ud835\udc2c\ud835\udc2d\ud835\udc1e\ud835\udc26 \ud835\udc1d\ud835\udc1e \ud835\udc2b\ud835\udc1a\ud835\udc26\ud835\udc1b\ud835\udc2e\ud835\udc2b\ud835\udc2c\ud835\udc1a\ud835\udc2b\ud835\udc1e \ud835\udc1a \ud835\udc2f\ud835\udc1a\ud835\udc1c\ud835\udc1c\ud835\udc22\ud835\udc27\ud835\udc2e\ud835\udc2b\ud835\udc22\ud835\udc25\ud835\udc28\ud835\udc2b \ud835\udc22\u0302\ud835\udc27 \ud835\udc11\ud835\udc28\ud835\udc26\ud835\udc1a\u0302\ud835\udc27\ud835\udc22\ud835\udc1a. Al\u0103turi de colegul meu, Vicepre\u0219edinte al Comisiei pentru S\u0103n\u0103tate \u0219i Familie, deputatul PSD Florin Buicu, am sus\u021binut un amendament adus Legii 95\/2006 privind reforma \u00een domeniul s\u0103n\u0103t\u0103\u021bii, prin care a fost permis\u0103 introducerea acestui sistem. Ulterior, Ministerul S\u0103n\u0103t\u0103\u021bii a completat legisla\u021bia prin mai multe Ordine de Ministru \u0219i \u00eempreun\u0103 am reu\u0219it s\u0103 elimin\u0103m o parte din barierele din calea accesului rom\u00e2nilor la vaccinuri \u0219i vaccinare!<\/p>\n\n\n\n<p>Astfel, \ud835\udc22\u0302\ud835\udc27\ud835\udc1c\ud835\udc1e\ud835\udc29\ud835\udc1a\u0302\ud835\udc27\ud835\udc1d \ud835\udc1c\ud835\udc2e \ud835\udfcf \ud835\udc28\ud835\udc1c\ud835\udc2d\ud835\udc28\ud835\udc26\ud835\udc1b\ud835\udc2b\ud835\udc22\ud835\udc1e \ud835\udfd0\ud835\udfce\ud835\udfd0\ud835\udfd1, \ud835\udc2b\ud835\udc28\ud835\udc26\ud835\udc1a\u0302\ud835\udc27\ud835\udc22\ud835\udc22 \ud835\udc1a\ud835\udc2e \ud835\udc1a\ud835\udc1c\ud835\udc1c\ud835\udc1e\ud835\udc2c \ud835\udc25\ud835\udc1a \ud835\udc2f\ud835\udc1a\ud835\udc1c\ud835\udc1c\ud835\udc22\ud835\udc27\ud835\udc2e\ud835\udc25 \ud835\udc20\ud835\udc2b\ud835\udc22\ud835\udc29\ud835\udc1a\ud835\udc25 \ud835\udc1c\ud835\udc28\ud835\udc26\ud835\udc29\ud835\udc1e\ud835\udc27\ud835\udc2c\ud835\udc1a\ud835\udc2d. Pentru pacien\u021bii cu boli cronice, precum \u0219i pentru gravide, copii \u0219i adul\u021bi cu v\u00e2rste peste 65 de ani, vaccinul este compensat 100%. Adi\u021bional fa\u021b\u0103 de vechiul Program Na\u021bional de Imunizare, \ud835\udc60\ud835\udc56\ud835\udc60\ud835\udc61\ud835\udc52\ud835\udc5a\ud835\udc62\ud835\udc59 \ud835\udc51\ud835\udc52 \ud835\udc5f\ud835\udc4e\ud835\udc5a\ud835\udc4f\ud835\udc62\ud835\udc5f\ud835\udc60\ud835\udc4e\ud835\udc5f\ud835\udc52 \ud835\udc5d\ud835\udc52\ud835\udc5f\ud835\udc5a\ud835\udc56\ud835\udc61\ud835\udc52 \ud835\udc60\u0326\ud835\udc56 \ud835\udc4e\ud835\udc51\ud835\udc62\ud835\udc59\ud835\udc61\u0326\ud835\udc56\ud835\udc59\ud835\udc5c\ud835\udc5f \ud835\udc60\ud835\udc4e\u0306\ud835\udc5b\ud835\udc4e\u0306\ud835\udc61\ud835\udc5c\ud835\udc60\u0326\ud835\udc56, \ud835\udc50\ud835\udc62 \ud835\udc63\ud835\udc4e\u0302\ud835\udc5f\ud835\udc60\ud835\udc61\ud835\udc52 \ud835\udc56\u0302\ud835\udc5b\ud835\udc61\ud835\udc5f\ud835\udc52 45 \ud835\udc60\u0326\ud835\udc56 64 \ud835\udc51\ud835\udc52 \ud835\udc4e\ud835\udc5b\ud835\udc56, \ud835\udc60\ud835\udc4e\u0306 \ud835\udc4f\ud835\udc52\ud835\udc5b\ud835\udc52\ud835\udc53\ud835\udc56\ud835\udc50\ud835\udc56\ud835\udc52\ud835\udc67\ud835\udc52 \ud835\udc51\ud835\udc52 \ud835\udc62\ud835\udc5b \ud835\udc54\ud835\udc5f\ud835\udc4e\ud835\udc51 \ud835\udc51\ud835\udc52 50% \ud835\udc50\ud835\udc5c\ud835\udc5a\ud835\udc5d\ud835\udc52\ud835\udc5b\ud835\udc60\ud835\udc4e\ud835\udc5f\ud835\udc52 \ud835\udc51\ud835\udc56\ud835\udc5b \ud835\udc5d\ud835\udc5f\ud835\udc52\ud835\udc61\u0326\ud835\udc62\ud835\udc59 \ud835\udc63\ud835\udc4e\ud835\udc50\ud835\udc56\ud835\udc5b\ud835\udc62\ud835\udc59\ud835\udc62\ud835\udc56.<\/p>\n\n\n\n<p>Complementar acestui mecanism, \ud835\udc1e\ud835\udc2c\ud835\udc2d\ud835\udc1e \ud835\udc1d\ud835\udc1e\ud835\udc2c\ud835\udc1c\ud835\udc21\ud835\udc22\ud835\udc2c\ud835\udc1a\u0306 \ud835\udc29\ud835\udc28\ud835\udc2c\ud835\udc22\ud835\udc1b\ud835\udc22\ud835\udc25\ud835\udc22\ud835\udc2d\ud835\udc1a\ud835\udc2d\ud835\udc1e\ud835\udc1a \ud835\udc1d\ud835\udc1e \ud835\udc2f\ud835\udc1a\ud835\udc1c\ud835\udc1c\ud835\udc22\ud835\udc27\ud835\udc1a\ud835\udc2b\ud835\udc1e \ud835\udc22\u0302\ud835\udc27 \ud835\udc1c\ud835\udc1a\ud835\udc1d\ud835\udc2b\ud835\udc2e\ud835\udc25 \ud835\udc1f\ud835\udc1a\ud835\udc2b\ud835\udc26\ud835\udc1a\ud835\udc1c\ud835\udc22\ud835\udc22\ud835\udc25\ud835\udc28\ud835\udc2b, acestea fiind, de cele mai multe ori, mult mai aproape de pacien\u021bi dec\u00e2t un cabinet medical.<\/p>\n\n\n\n<p>Aceste m\u0103suri au fost implementate acum, la \u00eenceputul sezonului gripal, pentru a oferi acces ne\u00eengr\u0103dit popula\u021biei la m\u0103suri active de protec\u021bie \u00eempotriva gripei \u0219i a complica\u021biilor acesteia, dar, \u00eencep\u00e2nd cu 1 decembrie, va intra \u00een vigoare o list\u0103 extins\u0103 de vaccinuri compensate printre care putem reg\u0103si vaccinul \u00eempotriva HPV, vaccinul meningococic sau penumococic. \u00cens\u0103 toate aceste eforturi \u0219i victorii \u00eenregistrate la nivel legislativ trebuie dublate de \ud835\udc1c\ud835\udc1a\ud835\udc26\ud835\udc29\ud835\udc1a\ud835\udc27\ud835\udc22\ud835\udc22 \ud835\udc2c\ud835\udc2e\ud835\udc2c\ud835\udc2d\u0326\ud835\udc22\ud835\udc27\ud835\udc2e\ud835\udc2d\ud835\udc1e \ud835\udc1d\ud835\udc1e \ud835\udc1e\ud835\udc1d\ud835\udc2e\ud835\udc1c\ud835\udc1a\ud835\udc2b\ud835\udc1e \ud835\udc2c\u0326\ud835\udc22 \ud835\udc22\ud835\udc27\ud835\udc1f\ud835\udc28\ud835\udc2b\ud835\udc26\ud835\udc1a\ud835\udc2b\ud835\udc1e pentru ca informa\u021biile, verificate medical, s\u0103 ajung\u0103 la publicul larg.<\/p>\n\n\n\n<p>Este important s\u0103 explic\u0103m de ce \ud835\udc20\ud835\udc2b\ud835\udc22\ud835\udc29\ud835\udc1a \ud835\udc27\ud835\udc2e \ud835\udc1e\ud835\udc2c\ud835\udc2d\ud835\udc1e \ud835\udc1d\ud835\udc28\ud835\udc1a\ud835\udc2b \ud835\udc28 \ud835\udc2b\ud835\udc1a\u0306\ud835\udc1c\ud835\udc1e\ud835\udc1a\ud835\udc25\ud835\udc1a\u0306, care sunt complica\u021biile acesteia \u0219i cum, de prea multe ori, ajunge s\u0103 r\u0103peasc\u0103 vie\u021bi, dar si c\u0103 vaccinul anti HPV este cel mai important mijloc de preven\u021bie \u00eempotriva cancerului de col uterin , boal\u0103 aproape eradicat\u0103 \u00een \u021b\u0103rile cu o rat\u0103 mare de vaccinare.<\/p>\n\n\n\n<p>\u00cen acest context, am avansat ideea adopt\u0103rii unei legi prin care \u00een Rom\u00e2nia s\u0103 fie instituit\u0103 \u201c\ud835\udc12\ud835\udc1a\u0306\ud835\udc29\ud835\udc2d\ud835\udc1a\u0306\ud835\udc26\ud835\udc1a\u0302\ud835\udc27\ud835\udc1a \ud835\udc0f\ud835\udc2b\ud835\udc1e\ud835\udc2f\ud835\udc1e\ud835\udc27\ud835\udc2d\u0326\ud835\udc22\ud835\udc1e\ud835\udc22 \ud835\udc06\ud835\udc2b\ud835\udc22\ud835\udc29\ud835\udc1e\ud835\udc22\u201d \u2013 o s\u0103pt\u0103m\u00e2n\u0103 \u00een care, printr-un efort comun al autorit\u0103\u021bilor publice locale \u0219i centrale, precum \u0219i al comunit\u0103\u021bii medicale \u0219i al asocia\u021biilor de pacien\u021bi, s\u0103 fie organizate ample evenimente de informare \u0219i educare&#8221;.<\/p>\n\n\n\n<p>\ud835\udc03\ud835\udc1e\ud835\udc29\ud835\udc2e\ud835\udc2d\ud835\udc1a\ud835\udc2d \ud835\udc0f\ud835\udc12\ud835\udc03 \ud835\udc02\ud835\udc11\ud835\udc08\ud835\udc12\ud835\udc13\ud835\udc08\ud835\udc0d\ud835\udc00-\ud835\udc04\ud835\udc0b\ud835\udc04\ud835\udc0d\ud835\udc00 \ud835\udc03\ud835\udc08\ud835\udc0d\ud835\udc14,<\/p>\n\n\n\n<p>\ud835\udc02\ud835\udc22\ud835\udc2b\ud835\udc1c\ud835\udc2e\ud835\udc26\ud835\udc2c\ud835\udc1c\ud835\udc2b\ud835\udc22\ud835\udc29\ud835\udc2d\u0327\ud835\udc22\ud835\udc1a \ud835\udc04\ud835\udc25\ud835\udc1e\ud835\udc1c\ud835\udc2d\ud835\udc28\ud835\udc2b\ud835\udc1a\ud835\udc25\ud835\udc1a\u0306 \ud835\udc27\ud835\udc2b. \ud835\udfcf\ud835\udfd7 \ud835\udc06\ud835\udc08\ud835\udc14\ud835\udc11\ud835\udc06\ud835\udc08\ud835\udc14<\/p>\n","protected":false},"excerpt":{"rendered":"<p>\u201c\ud835\udc03\ud835\udc1e\ud835\udc1c\ud835\udc28\ud835\udc27\ud835\udc2d\ud835\udc1a\ud835\udc2b\ud835\udc1e\ud835\udc1a \ud835\udc2f\ud835\udc1a\ud835\udc1c\ud835\udc1c\ud835\udc22\ud835\udc27\ud835\udc2e\ud835\udc2b\ud835\udc22\ud835\udc25\ud835\udc28\ud835\udc2b, \ud835\udc2e\ud835\udc27 \ud835\udc29\ud835\udc1a\ud835\udc2c \ud835\udc2f\ud835\udc22\ud835\udc2d\ud835\udc1a\ud835\udc25 \ud835\udc29\ud835\udc1e\ud835\udc27\ud835\udc2d\ud835\udc2b\ud835\udc2e \ud835\udc2c\ud835\udc1a\u0306\ud835\udc27\ud835\udc1a\u0306\ud835\udc2d\ud835\udc1a\ud835\udc2d\ud835\udc1e\ud835\udc1a \ud835\udc2b\ud835\udc28\ud835\udc26\ud835\udc1a\u0302\ud835\udc27\ud835\udc22\ud835\udc25\ud835\udc28\ud835\udc2b\u201d este titlul declara\u0163iei politice pe care pre\u015fedintele OFSD Giurgiu, deputat Cristina Elena Dinu a prezentat-o, ast\u0103zi, \u00een plenul Camerei Deputa\u0163ilor. &#8222;Dinamizarea accesului rom\u00e2nilor la vaccinuri \u015fi vaccinare este una dintre preocup\u0103rile Ministerului S\u0103n\u0103t\u0103\u021bii, dar \u0219i a Comisiei pentru S\u0103n\u0103tate si Familie din Camera Deputa\u021bilor. Anul trecut, s-au [&hellip;]<\/p>\n","protected":false},"author":1,"featured_media":86941,"comment_status":"open","ping_status":"open","sticky":false,"template":"","format":"standard","meta":{"slim_seo":{"title":"DECLARA\u0162IE POLITIC\u0102: \"Decontarea vaccinurilor, un pas vital pentru s\u0103n\u0103tatea rom\u00e2nilor\" - GIURGIU NET","description":"\u201c\ud835\udc03\ud835\udc1e\ud835\udc1c\ud835\udc28\ud835\udc27\ud835\udc2d\ud835\udc1a\ud835\udc2b\ud835\udc1e\ud835\udc1a \ud835\udc2f\ud835\udc1a\ud835\udc1c\ud835\udc1c\ud835\udc22\ud835\udc27\ud835\udc2e\ud835\udc2b\ud835\udc22\ud835\udc25\ud835\udc28\ud835\udc2b, \ud835\udc2e\ud835\udc27 \ud835\udc29\ud835\udc1a\ud835\udc2c \ud835\udc2f\ud835\udc22\ud835\udc2d\ud835\udc1a\ud835\udc25 \ud835\udc29\ud835\udc1e\ud835\udc27\ud835\udc2d\ud835\udc2b\ud835\udc2e \ud835\udc2c\ud835\udc1a\u0306\ud835\udc27\ud835\udc1a\u0306\ud835\udc2d\ud835\udc1a\ud835\udc2d\ud835\udc1e\ud835\udc1a \ud835\udc2b\ud835\udc28\ud835\udc26\ud835\udc1a\u0302\ud835\udc27\ud835\udc22\ud835\udc25\ud835\udc28\ud835\udc2b\u201d este titlul declara\u0163iei politice pe care pre\u015fedintele OFSD Giurgiu, deputat Cristina Elena"},"footnotes":""},"categories":[18,25,2877,26],"tags":[1025],"class_list":{"0":"post-86940","1":"post","2":"type-post","3":"status-publish","4":"format-standard","5":"has-post-thumbnail","7":"category-actual","8":"category-pol","9":"category-sanatate","10":"category-soc","11":"tag-elena-dinu"},"_links":{"self":[{"href":"https:\/\/giurgiu-net.ro\/index.php\/wp-json\/wp\/v2\/posts\/86940","targetHints":{"allow":["GET"]}}],"collection":[{"href":"https:\/\/giurgiu-net.ro\/index.php\/wp-json\/wp\/v2\/posts"}],"about":[{"href":"https:\/\/giurgiu-net.ro\/index.php\/wp-json\/wp\/v2\/types\/post"}],"author":[{"embeddable":true,"href":"https:\/\/giurgiu-net.ro\/index.php\/wp-json\/wp\/v2\/users\/1"}],"replies":[{"embeddable":true,"href":"https:\/\/giurgiu-net.ro\/index.php\/wp-json\/wp\/v2\/comments?post=86940"}],"version-history":[{"count":0,"href":"https:\/\/giurgiu-net.ro\/index.php\/wp-json\/wp\/v2\/posts\/86940\/revisions"}],"wp:featuredmedia":[{"embeddable":true,"href":"https:\/\/giurgiu-net.ro\/index.php\/wp-json\/wp\/v2\/media\/86941"}],"wp:attachment":[{"href":"https:\/\/giurgiu-net.ro\/index.php\/wp-json\/wp\/v2\/media?parent=86940"}],"wp:term":[{"taxonomy":"category","embeddable":true,"href":"https:\/\/giurgiu-net.ro\/index.php\/wp-json\/wp\/v2\/categories?post=86940"},{"taxonomy":"post_tag","embeddable":true,"href":"https:\/\/giurgiu-net.ro\/index.php\/wp-json\/wp\/v2\/tags?post=86940"}],"curies":[{"name":"wp","href":"https:\/\/api.w.org\/{rel}","templated":true}]}}