{"id":86937,"date":"2023-10-16T16:12:11","date_gmt":"2023-10-16T13:12:11","guid":{"rendered":"https:\/\/giurgiu-net.ro\/?p=86937"},"modified":"2023-10-16T16:12:11","modified_gmt":"2023-10-16T13:12:11","slug":"canalizare-statii-de-epurare-si-canalizare-pluviala-in-ulmi-azi-a-fost-semnat-contractul","status":"publish","type":"post","link":"https:\/\/giurgiu-net.ro\/index.php\/2023\/10\/16\/canalizare-statii-de-epurare-si-canalizare-pluviala-in-ulmi-azi-a-fost-semnat-contractul\/","title":{"rendered":"Canalizare, sta\u0163ii de epurare \u015fi canalizare pluvial\u0103, \u00een Ulmi. Azi a fost semnat contractul"},"content":{"rendered":"\n<p>Primarul comunei Ulmi, Petre Nicolae, a semnat, azi, la Ministerul Dezvolt\u0103rii, contractul pentru un nou proiect pe Programul Na\u0163ional de Investi\u0163ii &#8222;Anghel Saligny&#8221;. Este vorba despre realizarea sistemului de <a href=\"https:\/\/www.facebook.com\/hashtag\/canalizare?__eep__=6&amp;__cft__[0]=AZU2kx0Au1kuwMXw9WR4xpz5qihk4TCdLYrGyahEeBTRxsA50_hjG4bBg-P7ZjclykB6RzLz_Xgs_g5S5Qi__DlCq7CPz7pe-lWlKnDXyh_CzGktBgiIOORCAAYAK6YnjLOIB5CJCp8yyigH64MqrHJ7ky9WVux3ufMRX40kR9TVtg&amp;__tn__=*NK-R\">#canalizare<\/a> \u015fi unor sta\u0163ii de epurare, inclusiv canalizare pluvial\u0103 \u015fi sisteme de captare a apelor pluviale.<\/p>\n\n\n\n<p>Al\u0103turi de edil au fost \u015fi pre\u015fedintele PSD Giurgiu, deputat Marian Mina, dar \u015fi pre\u015fedintele OFSD Giurgiu, deputat Cristina Elena Dinu.<\/p>\n\n\n\n<figure class=\"wp-block-image size-large\"><img loading=\"lazy\" decoding=\"async\" width=\"1024\" height=\"884\" src=\"https:\/\/giurgiu-net.ro\/wp-content\/uploads\/2023\/10\/WhatsApp-Image-2023-10-16-at-15.18.35-1024x884.jpeg\" alt=\"Whatsapp Image 2023 10 16 At 15.18.35\" class=\"wp-image-86938\" srcset=\"https:\/\/giurgiu-net.ro\/wp-content\/uploads\/2023\/10\/WhatsApp-Image-2023-10-16-at-15.18.35-1024x884.jpeg 1024w, https:\/\/giurgiu-net.ro\/wp-content\/uploads\/2023\/10\/WhatsApp-Image-2023-10-16-at-15.18.35-300x259.jpeg 300w, https:\/\/giurgiu-net.ro\/wp-content\/uploads\/2023\/10\/WhatsApp-Image-2023-10-16-at-15.18.35-768x663.jpeg 768w, https:\/\/giurgiu-net.ro\/wp-content\/uploads\/2023\/10\/WhatsApp-Image-2023-10-16-at-15.18.35-1536x1326.jpeg 1536w, https:\/\/giurgiu-net.ro\/wp-content\/uploads\/2023\/10\/WhatsApp-Image-2023-10-16-at-15.18.35-696x601.jpeg 696w, https:\/\/giurgiu-net.ro\/wp-content\/uploads\/2023\/10\/WhatsApp-Image-2023-10-16-at-15.18.35-1068x922.jpeg 1068w, https:\/\/giurgiu-net.ro\/wp-content\/uploads\/2023\/10\/WhatsApp-Image-2023-10-16-at-15.18.35-1920x1658.jpeg 1920w, https:\/\/giurgiu-net.ro\/wp-content\/uploads\/2023\/10\/WhatsApp-Image-2023-10-16-at-15.18.35-487x420.jpeg 487w, https:\/\/giurgiu-net.ro\/wp-content\/uploads\/2023\/10\/WhatsApp-Image-2023-10-16-at-15.18.35-534x462.jpeg 534w, https:\/\/giurgiu-net.ro\/wp-content\/uploads\/2023\/10\/WhatsApp-Image-2023-10-16-at-15.18.35.jpeg 2048w\" sizes=\"auto, (max-width: 1024px) 100vw, 1024px\" \/><\/figure>\n\n\n\n<p><strong>Pre\u015fedinte PSD Giurgiu, Marian Mina:<\/strong> &#8222;Primarul din <a href=\"https:\/\/www.facebook.com\/hashtag\/ulmi?__eep__=6&amp;__cft__[0]=AZU2kx0Au1kuwMXw9WR4xpz5qihk4TCdLYrGyahEeBTRxsA50_hjG4bBg-P7ZjclykB6RzLz_Xgs_g5S5Qi__DlCq7CPz7pe-lWlKnDXyh_CzGktBgiIOORCAAYAK6YnjLOIB5CJCp8yyigH64MqrHJ7ky9WVux3ufMRX40kR9TVtg&amp;__tn__=*NK-R\">#Ulmi<\/a>, Petre Nicolae, este unul dintre cei mai harnici \u015fi destoinici edili din jude\u0163ul Giurgiu \u015fi a demonstrat asta prin investi\u0163iile derulate \u00een toate domeniile, \u00een comuna sa. Ast\u0103zi, locuitorii din Ulmi primesc o nou\u0103 veste bun\u0103. Domnul Petre Nicolae a semnat, la Ministerul Dezvolt\u0103rii, un proiect de mare amploare \u015fi necesar pentru continuarea dezvolt\u0103rii comunei: realizarea sistemului de <a href=\"https:\/\/www.facebook.com\/hashtag\/canalizare?__eep__=6&amp;__cft__[0]=AZU2kx0Au1kuwMXw9WR4xpz5qihk4TCdLYrGyahEeBTRxsA50_hjG4bBg-P7ZjclykB6RzLz_Xgs_g5S5Qi__DlCq7CPz7pe-lWlKnDXyh_CzGktBgiIOORCAAYAK6YnjLOIB5CJCp8yyigH64MqrHJ7ky9WVux3ufMRX40kR9TVtg&amp;__tn__=*NK-R\">#canalizare<\/a> \u015fi unor sta\u0163ii de epurare, inclusiv canalizare pluvial\u0103 \u015fi sisteme de captare a apelor pluviale.<\/p>\n\n\n\n<p>Este un proiect finan\u0163at prin Programul Na\u0163ional de Investi\u0163ii \u201eAnghel Saligny\u201d \u015fi, \u00eempreun\u0103 cu doamna deputat Cristina Elena Dinu, am fost, ast\u0103zi, al\u0103turi de domnul primar, la acest moment important.<\/p>\n\n\n\n<p>Felicit\u0103ri, domnule primar, \u015ftiu c\u0103 ve\u0163i duce la bun sf\u00e2r\u015fit \u015fi aceast\u0103 investi\u0163ie mult-a\u015fteptat\u0103!<\/p>\n\n\n\n<p>Pre\u015fedinte OFSD Giurgiu, Cristina Elena Dinu: &#8222;Drumuri, \u015fcoli \u015fi dispensare moderne, dar \u015fi <a href=\"https:\/\/www.facebook.com\/hashtag\/ap%C4%83_%C5%9Fi_canalizare?__eep__=6&amp;__cft__[0]=AZXw4_pmEt2FgkT0GiyLPFKl8fZYUusVsWn8J_ld74INFmm7W1_BxUssZTZ94x8vuH9VnvpVeQkwmMFzUPIMCFViaDrrVLe58kZ3tb6n3YEDR_7GcACH3DV9s9H-pgGTpW20GOOHMHz3awQWBAL8dflKIzCzcMCGl0GFhrZXHuRRof_IQy4n2qwKYDuGI1ndeJY&amp;__tn__=*NK-R\">#ap\u0103_\u015fi_canalizare<\/a> &#8211; \u00een fiecare gospod\u0103rie! Acestea sunt principalele investi\u0163ii pe care orice administra\u0163ie local\u0103 trebuie s\u0103 le realizeze pentru o comunitate dezvoltat\u0103.<\/p>\n\n\n\n<p>\u00cempreun\u0103 cu pre\u015fedintele <a href=\"https:\/\/www.facebook.com\/hashtag\/psd?__eep__=6&amp;__cft__[0]=AZXw4_pmEt2FgkT0GiyLPFKl8fZYUusVsWn8J_ld74INFmm7W1_BxUssZTZ94x8vuH9VnvpVeQkwmMFzUPIMCFViaDrrVLe58kZ3tb6n3YEDR_7GcACH3DV9s9H-pgGTpW20GOOHMHz3awQWBAL8dflKIzCzcMCGl0GFhrZXHuRRof_IQy4n2qwKYDuGI1ndeJY&amp;__tn__=*NK-R\">#PSD<\/a> Giurgiu, Marian Mina, am fost ast\u0103zi, al\u0103turi de primarul Petre Nicolae, la Ministerul Dezvolt\u0103rii, unde a fost semnat un nou proiect foarte important pentru comunitatea sa. Este vorba despre realizarea sistemului de <a href=\"https:\/\/www.facebook.com\/hashtag\/canalizare?__eep__=6&amp;__cft__[0]=AZXw4_pmEt2FgkT0GiyLPFKl8fZYUusVsWn8J_ld74INFmm7W1_BxUssZTZ94x8vuH9VnvpVeQkwmMFzUPIMCFViaDrrVLe58kZ3tb6n3YEDR_7GcACH3DV9s9H-pgGTpW20GOOHMHz3awQWBAL8dflKIzCzcMCGl0GFhrZXHuRRof_IQy4n2qwKYDuGI1ndeJY&amp;__tn__=*NK-R\">#canalizare<\/a> \u015fi <a><\/a>unor sta\u0163ii de epurare, inclusiv canalizare pluvial\u0103 \u015fi sisteme de captare a apelor pluviale, cu fonduri din Programul Na\u0163ional de Investi\u0163ii \u201eAnghel Saligny\u201d.<\/p>\n\n\n\n<p>Este o investi\u0163ie ce va completa seria de proiecte care au transformat comuna Ulmi \u00eentr-una dintre cele mai <a href=\"https:\/\/www.facebook.com\/hashtag\/dezvoltate?__eep__=6&amp;__cft__[0]=AZXw4_pmEt2FgkT0GiyLPFKl8fZYUusVsWn8J_ld74INFmm7W1_BxUssZTZ94x8vuH9VnvpVeQkwmMFzUPIMCFViaDrrVLe58kZ3tb6n3YEDR_7GcACH3DV9s9H-pgGTpW20GOOHMHz3awQWBAL8dflKIzCzcMCGl0GFhrZXHuRRof_IQy4n2qwKYDuGI1ndeJY&amp;__tn__=*NK-R\">#dezvoltate<\/a> din jude\u0163ul nostru.<\/p>\n\n\n\n<p>Felicit\u0103ri domnului primar Petre Nicolae \u015fi mult succes \u00een derularea acestui proiect \u015fi a celor care vor urma!&#8221;.<\/p>\n","protected":false},"excerpt":{"rendered":"<p>Primarul comunei Ulmi, Petre Nicolae, a semnat, azi, la Ministerul Dezvolt\u0103rii, contractul pentru un nou proiect pe Programul Na\u0163ional de Investi\u0163ii &#8222;Anghel Saligny&#8221;. Este vorba despre realizarea sistemului de #canalizare \u015fi unor sta\u0163ii de epurare, inclusiv canalizare pluvial\u0103 \u015fi sisteme de captare a apelor pluviale. Al\u0103turi de edil au fost \u015fi pre\u015fedintele PSD Giurgiu, deputat [&hellip;]<\/p>\n","protected":false},"author":1,"featured_media":86938,"comment_status":"open","ping_status":"open","sticky":false,"template":"","format":"standard","meta":{"slim_seo":{"title":"Canalizare, sta\u0163ii de epurare \u015fi canalizare pluvial\u0103, \u00een Ulmi. Azi a fost semnat contractul - GIURGIU NET","description":"Primarul comunei Ulmi, Petre Nicolae, a semnat, azi, la Ministerul Dezvolt\u0103rii, contractul pentru un nou proiect pe Programul Na\u0163ional de Investi\u0163ii \"Anghel Sal"},"footnotes":""},"categories":[18,19,25],"tags":[1025,1626],"class_list":{"0":"post-86937","1":"post","2":"type-post","3":"status-publish","4":"format-standard","5":"has-post-thumbnail","7":"category-actual","8":"category-adm","9":"category-pol","10":"tag-elena-dinu","11":"tag-marian-mina"},"_links":{"self":[{"href":"https:\/\/giurgiu-net.ro\/index.php\/wp-json\/wp\/v2\/posts\/86937","targetHints":{"allow":["GET"]}}],"collection":[{"href":"https:\/\/giurgiu-net.ro\/index.php\/wp-json\/wp\/v2\/posts"}],"about":[{"href":"https:\/\/giurgiu-net.ro\/index.php\/wp-json\/wp\/v2\/types\/post"}],"author":[{"embeddable":true,"href":"https:\/\/giurgiu-net.ro\/index.php\/wp-json\/wp\/v2\/users\/1"}],"replies":[{"embeddable":true,"href":"https:\/\/giurgiu-net.ro\/index.php\/wp-json\/wp\/v2\/comments?post=86937"}],"version-history":[{"count":0,"href":"https:\/\/giurgiu-net.ro\/index.php\/wp-json\/wp\/v2\/posts\/86937\/revisions"}],"wp:featuredmedia":[{"embeddable":true,"href":"https:\/\/giurgiu-net.ro\/index.php\/wp-json\/wp\/v2\/media\/86938"}],"wp:attachment":[{"href":"https:\/\/giurgiu-net.ro\/index.php\/wp-json\/wp\/v2\/media?parent=86937"}],"wp:term":[{"taxonomy":"category","embeddable":true,"href":"https:\/\/giurgiu-net.ro\/index.php\/wp-json\/wp\/v2\/categories?post=86937"},{"taxonomy":"post_tag","embeddable":true,"href":"https:\/\/giurgiu-net.ro\/index.php\/wp-json\/wp\/v2\/tags?post=86937"}],"curies":[{"name":"wp","href":"https:\/\/api.w.org\/{rel}","templated":true}]}}