{"id":86931,"date":"2023-10-16T11:13:15","date_gmt":"2023-10-16T08:13:15","guid":{"rendered":"https:\/\/giurgiu-net.ro\/?p=86931"},"modified":"2023-10-16T11:13:16","modified_gmt":"2023-10-16T08:13:16","slug":"accident-intre-un-autocar-si-un-autoturism-in-apropiere-de-hotarele","status":"publish","type":"post","link":"https:\/\/giurgiu-net.ro\/index.php\/2023\/10\/16\/accident-intre-un-autocar-si-un-autoturism-in-apropiere-de-hotarele\/","title":{"rendered":"Accident, \u00eentre un autocar \u015fi un autoturism, \u00een apropiere de Hotarele"},"content":{"rendered":"\n<p class=\"wp-block-paragraph\">Un b\u0103rbat, \u00een v\u00e2rst\u0103 de 46 ani, a avut nevoie de \u00eengrijiri medicale, \u00een urma unui accident rutier ce s-a produs, s\u00e2mb\u0103t\u0103 diminea\u021b\u0103, pe DN5A, \u00een apropierea localit\u0103\u021bii Hotarele. \u00cen eveniment au fost implicate un autocar \u0219i un autoturism.<\/p>\n\n\n\n<p class=\"wp-block-paragraph\">La fa\u021ba locului s-au deplasat pompierii din cadrul Punctului de Lucru Greaca \u0219i Sta\u021biei Coliba\u0219i, cu o autospecial\u0103 de stingere, un echipaj SMURD \u0219i o ambulan\u021b\u0103 SAJ.<\/p>\n\n\n\n<p class=\"wp-block-paragraph\">Echipajele au constatat faptul c\u0103 cele \u0219apte persoane din autocar nu au fost r\u0103nite. B\u0103rbatul din autoturism era con\u0219tient \u0219i cooperant. Acesta a fost preluat de ambulan\u021ba SMURD \u0219i transportat la spital.<\/p>\n\n\n\n<p class=\"wp-block-paragraph\">Pompierii au asigurat m\u0103surile de prevenire a incendiilor prin deconectarea bornelor de la bateria autoturismului.<\/p>\n\n\n\n<p class=\"wp-block-paragraph\">Cazul a r\u0103mas \u00een aten\u021bia Poli\u021biei pentru cercet\u0103ri.<\/p>\n\n\n\n<p class=\"wp-block-paragraph\">Comunicat \u015fi foto: ISU Giurgiu<\/p>\n","protected":false},"excerpt":{"rendered":"<p>Un b\u0103rbat, \u00een v\u00e2rst\u0103 de 46 ani, a avut nevoie de \u00eengrijiri medicale, \u00een urma unui accident rutier ce s-a produs, s\u00e2mb\u0103t\u0103 diminea\u021b\u0103, pe DN5A, \u00een apropierea localit\u0103\u021bii Hotarele. \u00cen eveniment au fost implicate un autocar \u0219i un autoturism. La fa\u021ba locului s-au deplasat pompierii din cadrul Punctului de Lucru Greaca \u0219i Sta\u021biei Coliba\u0219i, cu [&hellip;]<\/p>\n","protected":false},"author":1,"featured_media":86932,"comment_status":"open","ping_status":"open","sticky":false,"template":"","format":"standard","meta":{"slim_seo":{"title":"Accident, \u00eentre un autocar \u015fi un autoturism, \u00een apropiere de Hotarele - GIURGIU NET","description":"Un b\u0103rbat, \u00een v\u00e2rst\u0103 de 46 ani, a avut nevoie de \u00eengrijiri medicale, \u00een urma unui accident rutier ce s-a produs, s\u00e2mb\u0103t\u0103 diminea\u021b\u0103, pe DN5A, \u00een apropierea local"},"footnotes":""},"categories":[18,26],"tags":[],"class_list":["post-86931","post","type-post","status-publish","format-standard","has-post-thumbnail","category-actual","category-soc"],"_links":{"self":[{"href":"https:\/\/giurgiu-net.ro\/index.php\/wp-json\/wp\/v2\/posts\/86931","targetHints":{"allow":["GET"]}}],"collection":[{"href":"https:\/\/giurgiu-net.ro\/index.php\/wp-json\/wp\/v2\/posts"}],"about":[{"href":"https:\/\/giurgiu-net.ro\/index.php\/wp-json\/wp\/v2\/types\/post"}],"author":[{"embeddable":true,"href":"https:\/\/giurgiu-net.ro\/index.php\/wp-json\/wp\/v2\/users\/1"}],"replies":[{"embeddable":true,"href":"https:\/\/giurgiu-net.ro\/index.php\/wp-json\/wp\/v2\/comments?post=86931"}],"version-history":[{"count":0,"href":"https:\/\/giurgiu-net.ro\/index.php\/wp-json\/wp\/v2\/posts\/86931\/revisions"}],"wp:featuredmedia":[{"embeddable":true,"href":"https:\/\/giurgiu-net.ro\/index.php\/wp-json\/wp\/v2\/media\/86932"}],"wp:attachment":[{"href":"https:\/\/giurgiu-net.ro\/index.php\/wp-json\/wp\/v2\/media?parent=86931"}],"wp:term":[{"taxonomy":"category","embeddable":true,"href":"https:\/\/giurgiu-net.ro\/index.php\/wp-json\/wp\/v2\/categories?post=86931"},{"taxonomy":"post_tag","embeddable":true,"href":"https:\/\/giurgiu-net.ro\/index.php\/wp-json\/wp\/v2\/tags?post=86931"}],"curies":[{"name":"wp","href":"https:\/\/api.w.org\/{rel}","templated":true}]}}