{"id":86860,"date":"2023-10-08T11:52:55","date_gmt":"2023-10-08T08:52:55","guid":{"rendered":"https:\/\/giurgiu-net.ro\/?p=86860"},"modified":"2023-10-09T08:42:25","modified_gmt":"2023-10-09T05:42:25","slug":"presedintele-cj-giurgiu-dumitru-beianu-sustine-ca-s-a-autosuspendat-din-pnl-de-un-an-atunci-ce-mai-cauta-la-actiunile-de-partid-uluitor-spune-ca-ceea-ce-se-intampla-la-dgaspc-ar-fi-o-ca","status":"publish","type":"post","link":"https:\/\/giurgiu-net.ro\/index.php\/2023\/10\/08\/presedintele-cj-giurgiu-dumitru-beianu-sustine-ca-s-a-autosuspendat-din-pnl-de-un-an-atunci-ce-mai-cauta-la-actiunile-de-partid-uluitor-spune-ca-ceea-ce-se-intampla-la-dgaspc-ar-fi-o-ca\/","title":{"rendered":"Pre\u015fedintele CJ Giurgiu, Dumitru Beianu, sus\u0163ine c\u0103 s-a autosuspendat din PNL de un an. Atunci, ce mai caut\u0103 la ac\u0163iunile de partid? ULUITOR! Spune c\u0103 ceea ce se \u00eent\u00e2mpl\u0103 la DGASPC ar fi o \u201ecampanie\u201d \u00eempotriva sa"},"content":{"rendered":"\n<p class=\"wp-block-paragraph\">Nu \u015ftim cine-l sf\u0103tui\u015fte pe pre\u015fedintele Consiliului Jude\u0163ean Giurgiu, Dumitru Beianu, s\u0103 posteze asemenea mesaje pe Facebook, nici nu ne intereseaz\u0103, dar e clar c\u0103 o face prost de tot. Dac\u0103 nu-l sf\u0103tuie\u015fte nimeni \u015fi-o face din capul domniei sale, atunci e \u015fi mai grav.<\/p>\n\n\n\n<p class=\"wp-block-paragraph\">Dup\u0103 ce a explodat \u201ebomba\u201d la DGASPC Giurgiu, mai ales dup\u0103 cazul copiilor b\u0103tu\u0163i de poli\u0163i\u015fti, dup\u0103 ce Facebook-ul \u015fi presa na\u0163ional\u0103 s-au umplut efectiv cu materiale despre nenorocirile pe care le \u00eendur\u0103 unii dintre copiii \u015fi tinerii institu\u0163ionaliza\u0163i din Giurgiu, a ie\u015fit \u015fi dl. Beianu cu un mesaj gen: \u201ed\u0103-o pe partea carosabil\u0103\u201d.<\/p>\n\n\n\n<p class=\"wp-block-paragraph\">Iat\u0103:<\/p>\n\n\n\n<figure class=\"wp-block-gallery has-nested-images columns-2 is-cropped wp-block-gallery-1 is-layout-flex wp-block-gallery-is-layout-flex\">\n<figure class=\"wp-block-image size-large\"><img loading=\"lazy\" decoding=\"async\" width=\"588\" height=\"1024\" data-id=\"86867\" src=\"https:\/\/giurgiu-net.ro\/wp-content\/uploads\/2023\/10\/WhatsApp-Image-2023-10-08-at-11.17.42-588x1024.jpeg\" alt=\"\" class=\"wp-image-86867\" srcset=\"https:\/\/giurgiu-net.ro\/wp-content\/uploads\/2023\/10\/WhatsApp-Image-2023-10-08-at-11.17.42-588x1024.jpeg 588w, https:\/\/giurgiu-net.ro\/wp-content\/uploads\/2023\/10\/WhatsApp-Image-2023-10-08-at-11.17.42-172x300.jpeg 172w, https:\/\/giurgiu-net.ro\/wp-content\/uploads\/2023\/10\/WhatsApp-Image-2023-10-08-at-11.17.42-696x1211.jpeg 696w, https:\/\/giurgiu-net.ro\/wp-content\/uploads\/2023\/10\/WhatsApp-Image-2023-10-08-at-11.17.42-241x420.jpeg 241w, https:\/\/giurgiu-net.ro\/wp-content\/uploads\/2023\/10\/WhatsApp-Image-2023-10-08-at-11.17.42.jpeg 720w\" sizes=\"auto, (max-width: 588px) 100vw, 588px\" \/><\/figure>\n\n\n\n<figure class=\"wp-block-image size-large\"><img loading=\"lazy\" decoding=\"async\" width=\"687\" height=\"1024\" data-id=\"86866\" src=\"https:\/\/giurgiu-net.ro\/wp-content\/uploads\/2023\/10\/WhatsApp-Image-2023-10-08-at-11.17.43-687x1024.jpeg\" alt=\"\" class=\"wp-image-86866\" srcset=\"https:\/\/giurgiu-net.ro\/wp-content\/uploads\/2023\/10\/WhatsApp-Image-2023-10-08-at-11.17.43-687x1024.jpeg 687w, https:\/\/giurgiu-net.ro\/wp-content\/uploads\/2023\/10\/WhatsApp-Image-2023-10-08-at-11.17.43-201x300.jpeg 201w, https:\/\/giurgiu-net.ro\/wp-content\/uploads\/2023\/10\/WhatsApp-Image-2023-10-08-at-11.17.43-696x1037.jpeg 696w, https:\/\/giurgiu-net.ro\/wp-content\/uploads\/2023\/10\/WhatsApp-Image-2023-10-08-at-11.17.43-282x420.jpeg 282w, https:\/\/giurgiu-net.ro\/wp-content\/uploads\/2023\/10\/WhatsApp-Image-2023-10-08-at-11.17.43.jpeg 720w\" sizes=\"auto, (max-width: 687px) 100vw, 687px\" \/><\/figure>\n<\/figure>\n\n\n\n<p class=\"wp-block-paragraph\">Nu mai e timp de analize pe text, ci v\u0103 spunem direct, domnule pre\u015fedinte:<\/p>\n\n\n\n<ol class=\"wp-block-list\" type=\"1\">\n<li><strong>Plo\u015fni\u0163ele care i-au nenorocit pe copii EXIST\u0102<\/strong>. Ce campanie \u00eempotriva dvs.? Vre\u0163i s\u0103 spune\u0163i c\u0103 adversarii politici le-au trimis \u00een c\u0103su\u0163e sau cum?<\/li>\n\n\n\n<li><strong>Copiii aceia au fost b\u0103tu\u0163i de poli\u0163i\u015fti sau se bat \u00eentre ei, sub atenta supraveghere a \u00eengrijitorilor<\/strong>. Primul caz e din aprilie! Dac\u0103 nu \u015ftia\u0163i de acesta, e foarte, foarte grav. Dac\u0103 l-a\u0163i t\u0103inut, e de Doamne fere\u015fte\u2026 Ce campanie \u00eempotriva dumneavoastr\u0103 visa\u0163i, domnule pre\u015fedinte? Sunte\u0163i sau&nbsp; nu responsabilul nr.1 de via\u0163a acestor copii din DGASPC Giurgiu?<\/li>\n\n\n\n<li><strong>Copiii din unele c\u0103su\u0163e primesc m\u00e2ncare stricat\u0103<\/strong>, lucru constatat chiar de ministrul Familiei, venit inopinat \u00een control. V-a\u0163i plans c\u0103 nu v-a anun\u0163at\u2026 Asta a fost de stand-up comedy. INOPINAT asta \u00eenseamn\u0103: s\u0103 n-anun\u0163e pe nimeni. Ce campanie \u00eempotriva dvs. visa\u0163i, domnule pre\u015fedinte?<\/li>\n\n\n\n<li><strong>Copiii acuz\u0103 c\u0103 unii \u00eengrijitori \u00eei agreseaz\u0103 verbal, \u00eei amenin\u0163\u0103, \u00eei lovesc sau se uit\u0103 cu ei la filme porno<\/strong>. Ce campanie \u00eempotriva dvs. visa\u0163i dle pre\u015fedinte? Sunte\u0163i sau nu responsabilul nr. 1 de tot ce li se \u00eent\u00e2mpl\u0103 copiilor?<\/li>\n\n\n\n<li><strong>A\u0163i scos la restaurante etc. doar dou\u0103 fete din sutele de beneficiari, le-a\u0163i dat bani \u015fi bunuri, v-a\u0163i pozat cu ele, au venit la dvs. la Consiliul Jude\u0163ean<\/strong>. Ce campanie \u00eempotriva dvs. visa\u0163i, dle. pre\u015fedinte? Dac\u0103 f\u0103cea fostul pre\u015fedinte al CJ a\u015fa ceva, era\u0163i primul care s\u0103rea\u0163i cu furca \u015fi tor\u0163a ca s\u0103-l lin\u015fa\u0163i(mediatic, desigur)!<\/li>\n\n\n\n<li><strong>Fetele r\u0103m\u00e2n gravide, una dup\u0103 cealalt\u0103<\/strong>, \u00een c\u0103su\u0163ele de tip familial, se vorbe\u015fte despre <strong>droguri <\/strong>chiar. Ce campanie \u00eempotriva dvs. visa\u0163i, dle. pre\u015fedinte?<\/li>\n<\/ol>\n\n\n\n<p class=\"wp-block-paragraph\">Asta este <strong>REALITATEA <\/strong>\u015fi dvs, \u00een calitate de pre\u015fedinte al Consiliului Jude\u0163ean Giurgiu, \u00een subordinea c\u0103ruia se afl\u0103 DGASPC, sunte\u0163i DIRECT R\u0102SPUNZ\u0102TOR!<\/p>\n\n\n\n<p class=\"wp-block-paragraph\">Chiar dac\u0103, s\u0103 zicem c\u0103 nu a\u0163i luat cuno\u015ftin\u0163\u0103 despre ororile astea, tot sunte\u0163i r\u0103spunz\u0103tor. Altfel, \u00een condi\u0163ii similare, \u015fi-au dat demisia MINI\u015eTRI, v\u0103 aminti\u0163i? Dumneavoastr\u0103&#8230; nimic!<\/p>\n\n\n\n<p class=\"wp-block-paragraph\">Dac\u0103 vre\u0163i, \u00een opinia mea, dac\u0103 e cineva care s\u0103 fac\u0103 o a\u015fa-zis\u0103 \u201ecampanie\u201d \u00eempotriva dvs., atunci e chiar \u015feful DGASPC Giurgiu, dl. Paraschiv, pe tura c\u0103ruia s-au \u00eent\u00e2mplat toate nenorocirile astea! F\u0103r\u0103 sup\u0103rare.<\/p>\n\n\n\n<p class=\"wp-block-paragraph\">II. Mai zice dl. Beianu \u00een mesajul smiorc\u0103it c\u0103 s<strong>-a autosuspendat din PNL de un an.<\/strong><\/p>\n\n\n\n<p class=\"wp-block-paragraph\">Pe bune? Unde? Cum? C\u0103 participa\u0163i \u00een continuare la toate ac\u0163iunile PNL Giurgiu \u015fi e plin\u0103 pagina de Facebook a organiza\u0163iei de ac\u0163iunile dvs, ca pre\u015fedinte de CJ. Ne lua\u0163i la mi\u015fto, ne crede\u0163i t\u00e2mpi\u0163i? V-a\u0163i autosuspendat, dar n-o \u015ftie nimeni sau cum? <\/p>\n\n\n\n<figure class=\"wp-block-gallery has-nested-images columns-2 is-cropped wp-block-gallery-2 is-layout-flex wp-block-gallery-is-layout-flex\">\n<figure class=\"wp-block-image size-large\"><a href=\"https:\/\/giurgiu-net.ro\/wp-content\/uploads\/2023\/10\/2-a.jpg\"><img loading=\"lazy\" decoding=\"async\" width=\"1024\" height=\"599\" data-id=\"86862\" src=\"https:\/\/giurgiu-net.ro\/wp-content\/uploads\/2023\/10\/2-a-1024x599.jpg\" alt=\"\" class=\"wp-image-86862\" srcset=\"https:\/\/giurgiu-net.ro\/wp-content\/uploads\/2023\/10\/2-a-1024x599.jpg 1024w, https:\/\/giurgiu-net.ro\/wp-content\/uploads\/2023\/10\/2-a-300x175.jpg 300w, https:\/\/giurgiu-net.ro\/wp-content\/uploads\/2023\/10\/2-a-768x449.jpg 768w, https:\/\/giurgiu-net.ro\/wp-content\/uploads\/2023\/10\/2-a-696x407.jpg 696w, https:\/\/giurgiu-net.ro\/wp-content\/uploads\/2023\/10\/2-a-1068x625.jpg 1068w, https:\/\/giurgiu-net.ro\/wp-content\/uploads\/2023\/10\/2-a-718x420.jpg 718w, https:\/\/giurgiu-net.ro\/wp-content\/uploads\/2023\/10\/2-a.jpg 1301w\" sizes=\"auto, (max-width: 1024px) 100vw, 1024px\" \/><\/a><\/figure>\n\n\n\n<figure class=\"wp-block-image size-large\"><a href=\"https:\/\/giurgiu-net.ro\/wp-content\/uploads\/2023\/10\/2.jpg\"><img loading=\"lazy\" decoding=\"async\" width=\"735\" height=\"653\" data-id=\"86864\" src=\"https:\/\/giurgiu-net.ro\/wp-content\/uploads\/2023\/10\/2.jpg\" alt=\"\" class=\"wp-image-86864\" srcset=\"https:\/\/giurgiu-net.ro\/wp-content\/uploads\/2023\/10\/2.jpg 735w, https:\/\/giurgiu-net.ro\/wp-content\/uploads\/2023\/10\/2-300x267.jpg 300w, https:\/\/giurgiu-net.ro\/wp-content\/uploads\/2023\/10\/2-696x618.jpg 696w, https:\/\/giurgiu-net.ro\/wp-content\/uploads\/2023\/10\/2-473x420.jpg 473w\" sizes=\"auto, (max-width: 735px) 100vw, 735px\" \/><\/a><\/figure>\n\n\n\n<figure class=\"wp-block-image size-large\"><a href=\"https:\/\/giurgiu-net.ro\/wp-content\/uploads\/2023\/10\/3.jpg\"><img loading=\"lazy\" decoding=\"async\" width=\"727\" height=\"606\" data-id=\"86865\" src=\"https:\/\/giurgiu-net.ro\/wp-content\/uploads\/2023\/10\/3.jpg\" alt=\"\" class=\"wp-image-86865\" srcset=\"https:\/\/giurgiu-net.ro\/wp-content\/uploads\/2023\/10\/3.jpg 727w, https:\/\/giurgiu-net.ro\/wp-content\/uploads\/2023\/10\/3-300x250.jpg 300w, https:\/\/giurgiu-net.ro\/wp-content\/uploads\/2023\/10\/3-696x580.jpg 696w, https:\/\/giurgiu-net.ro\/wp-content\/uploads\/2023\/10\/3-504x420.jpg 504w\" sizes=\"auto, (max-width: 727px) 100vw, 727px\" \/><\/a><\/figure>\n\n\n\n<figure class=\"wp-block-image size-large\"><a href=\"https:\/\/giurgiu-net.ro\/wp-content\/uploads\/2023\/10\/5.jpg\"><img loading=\"lazy\" decoding=\"async\" width=\"724\" height=\"656\" data-id=\"86863\" src=\"https:\/\/giurgiu-net.ro\/wp-content\/uploads\/2023\/10\/5.jpg\" alt=\"\" class=\"wp-image-86863\" srcset=\"https:\/\/giurgiu-net.ro\/wp-content\/uploads\/2023\/10\/5.jpg 724w, https:\/\/giurgiu-net.ro\/wp-content\/uploads\/2023\/10\/5-300x272.jpg 300w, https:\/\/giurgiu-net.ro\/wp-content\/uploads\/2023\/10\/5-696x631.jpg 696w, https:\/\/giurgiu-net.ro\/wp-content\/uploads\/2023\/10\/5-464x420.jpg 464w\" sizes=\"auto, (max-width: 724px) 100vw, 724px\" \/><\/a><\/figure>\n\n\n\n<figure class=\"wp-block-image size-large\"><a href=\"https:\/\/giurgiu-net.ro\/wp-content\/uploads\/2023\/10\/beianu-pnl-1.jpg\"><img loading=\"lazy\" decoding=\"async\" width=\"703\" height=\"626\" data-id=\"86861\" src=\"https:\/\/giurgiu-net.ro\/wp-content\/uploads\/2023\/10\/beianu-pnl-1.jpg\" alt=\"\" class=\"wp-image-86861\" srcset=\"https:\/\/giurgiu-net.ro\/wp-content\/uploads\/2023\/10\/beianu-pnl-1.jpg 703w, https:\/\/giurgiu-net.ro\/wp-content\/uploads\/2023\/10\/beianu-pnl-1-300x267.jpg 300w, https:\/\/giurgiu-net.ro\/wp-content\/uploads\/2023\/10\/beianu-pnl-1-696x620.jpg 696w, https:\/\/giurgiu-net.ro\/wp-content\/uploads\/2023\/10\/beianu-pnl-1-472x420.jpg 472w\" sizes=\"auto, (max-width: 703px) 100vw, 703px\" \/><\/a><\/figure>\n<\/figure>\n\n\n\n<p class=\"wp-block-paragraph\">Astea sunt capturi doar din ultimele c\u00e2teva zile!<\/p>\n\n\n\n<p class=\"wp-block-paragraph\"><strong>A\u015fadar, domnule pre\u015fedinte, ca s\u0103 fie treaba treab\u0103 \u015fi p\u00e2n\u0103 v\u0103 demonstra\u0163i nevinov\u0103\u0163ia, nu ar fi pe de-a-ntregul b\u0103rb\u0103te\u015fte s\u0103 V\u0102  DA\u0162I DEMISIA \u015eI DE LA CONSILIUL JUDE\u0162EAN GIURGIU? <\/strong><\/p>\n\n\n\n<p class=\"wp-block-paragraph\"><\/p>\n","protected":false},"excerpt":{"rendered":"<p>Nu \u015ftim cine-l sf\u0103tui\u015fte pe pre\u015fedintele Consiliului Jude\u0163ean Giurgiu, Dumitru Beianu, s\u0103 posteze asemenea mesaje pe Facebook, nici nu ne intereseaz\u0103, dar e clar c\u0103 o face prost de tot. Dac\u0103 nu-l sf\u0103tuie\u015fte nimeni \u015fi-o face din capul domniei sale, atunci e \u015fi mai grav. Dup\u0103 ce a explodat \u201ebomba\u201d la DGASPC Giurgiu, mai ales [&hellip;]<\/p>\n","protected":false},"author":1,"featured_media":86867,"comment_status":"open","ping_status":"open","sticky":false,"template":"","format":"standard","meta":{"slim_seo":{"title":"Pre\u015fedintele CJ Giurgiu, Dumitru Beianu, sus\u0163ine c\u0103 s-a autosuspendat din PNL de un an. Atunci, ce mai caut\u0103 la ac\u0163iunile de partid? ULUITOR! Spune c\u0103 ceea ce se \u00eent\u00e2mpl\u0103 la DGASPC ar fi o \u201ecampanie\u201d \u00eempotriva sa - GIURGIU NET","description":"Nu \u015ftim cine-l sf\u0103tui\u015fte pe pre\u015fedintele Consiliului Jude\u0163ean Giurgiu, Dumitru Beianu, s\u0103 posteze asemenea mesaje pe Facebook, nici nu ne intereseaz\u0103, dar e cla"},"footnotes":""},"categories":[18,20,25,26],"tags":[1004],"class_list":["post-86860","post","type-post","status-publish","format-standard","has-post-thumbnail","category-actual","category-edit","category-pol","category-soc","tag-dumitru-beianu"],"_links":{"self":[{"href":"https:\/\/giurgiu-net.ro\/index.php\/wp-json\/wp\/v2\/posts\/86860","targetHints":{"allow":["GET"]}}],"collection":[{"href":"https:\/\/giurgiu-net.ro\/index.php\/wp-json\/wp\/v2\/posts"}],"about":[{"href":"https:\/\/giurgiu-net.ro\/index.php\/wp-json\/wp\/v2\/types\/post"}],"author":[{"embeddable":true,"href":"https:\/\/giurgiu-net.ro\/index.php\/wp-json\/wp\/v2\/users\/1"}],"replies":[{"embeddable":true,"href":"https:\/\/giurgiu-net.ro\/index.php\/wp-json\/wp\/v2\/comments?post=86860"}],"version-history":[{"count":0,"href":"https:\/\/giurgiu-net.ro\/index.php\/wp-json\/wp\/v2\/posts\/86860\/revisions"}],"wp:featuredmedia":[{"embeddable":true,"href":"https:\/\/giurgiu-net.ro\/index.php\/wp-json\/wp\/v2\/media\/86867"}],"wp:attachment":[{"href":"https:\/\/giurgiu-net.ro\/index.php\/wp-json\/wp\/v2\/media?parent=86860"}],"wp:term":[{"taxonomy":"category","embeddable":true,"href":"https:\/\/giurgiu-net.ro\/index.php\/wp-json\/wp\/v2\/categories?post=86860"},{"taxonomy":"post_tag","embeddable":true,"href":"https:\/\/giurgiu-net.ro\/index.php\/wp-json\/wp\/v2\/tags?post=86860"}],"curies":[{"name":"wp","href":"https:\/\/api.w.org\/{rel}","templated":true}]}}