{"id":86808,"date":"2023-10-05T14:35:41","date_gmt":"2023-10-05T11:35:41","guid":{"rendered":"https:\/\/giurgiu-net.ro\/?p=86808"},"modified":"2023-10-05T14:35:42","modified_gmt":"2023-10-05T11:35:42","slug":"deputat-marian-mina-guvernul-a-decis-prelungirea-plafonarii-tarifelor-rca","status":"publish","type":"post","link":"https:\/\/giurgiu-net.ro\/index.php\/2023\/10\/05\/deputat-marian-mina-guvernul-a-decis-prelungirea-plafonarii-tarifelor-rca\/","title":{"rendered":"Deputat Marian Mina: &#8222;Guvernul a decis prelungirea plafon\u0103rii tarifelor RCA&#8221;"},"content":{"rendered":"\n<p>&#8222;Guvernul Ciolacu r\u0103m\u00e2ne consecvent \u015fi continu\u0103 s\u0103 ia m\u0103suri pentru reducerea infla\u0163iei. Astfel, Executivul a decis prelungirea plafon\u0103rii tarifelor RCA, p\u00e2n\u0103 la finalul anului!<\/p>\n\n\n\n<p>Dac\u0103 nu ar fi fost luat\u0103 aceast\u0103 m\u0103sur\u0103, milioane de RCA-uri s-ar fi scumpit, inclusiv \u00een perioada s\u0103rb\u0103torilor. Iar asta, inevitabil, ar fi alimentat infla\u021bia \u0219i ar fi afectat puterea de cump\u0103rare a oamenilor.<\/p>\n\n\n\n<p>Obiectivul de a avea o infla\u021bie cu o singur\u0103 cifr\u0103 p\u00e2n\u0103 la finalul anului a fost deja atins, (\u00een august, rata anual\u0103 a infla\u021biei a fost de 9,4%) \u00eens\u0103 e important\u0103 men\u021binerea tendin\u021bei, astfel \u00eenc\u00e2t s\u0103 atingem \u021bintele estimate de BNR \u2013 infla\u021bie de 7,5 % \u00een decembrie 2023 \u0219i 4,4 % la finalul anului viitor&#8221;- pre\u015fedinte PSD Giurgiu, deputat Marian Mina.<\/p>\n","protected":false},"excerpt":{"rendered":"<p>&#8222;Guvernul Ciolacu r\u0103m\u00e2ne consecvent \u015fi continu\u0103 s\u0103 ia m\u0103suri pentru reducerea infla\u0163iei. Astfel, Executivul a decis prelungirea plafon\u0103rii tarifelor RCA, p\u00e2n\u0103 la finalul anului! Dac\u0103 nu ar fi fost luat\u0103 aceast\u0103 m\u0103sur\u0103, milioane de RCA-uri s-ar fi scumpit, inclusiv \u00een perioada s\u0103rb\u0103torilor. Iar asta, inevitabil, ar fi alimentat infla\u021bia \u0219i ar fi afectat puterea de [&hellip;]<\/p>\n","protected":false},"author":1,"featured_media":81171,"comment_status":"open","ping_status":"open","sticky":false,"template":"","format":"standard","meta":{"slim_seo":{"title":"Deputat Marian Mina: \"Guvernul a decis prelungirea plafon\u0103rii tarifelor RCA\" - GIURGIU NET","description":"\"Guvernul Ciolacu r\u0103m\u00e2ne consecvent \u015fi continu\u0103 s\u0103 ia m\u0103suri pentru reducerea infla\u0163iei. Astfel, Executivul a decis prelungirea plafon\u0103rii tarifelor RCA, p\u00e2n\u0103 l"},"footnotes":""},"categories":[18,19],"tags":[1626],"class_list":{"0":"post-86808","1":"post","2":"type-post","3":"status-publish","4":"format-standard","5":"has-post-thumbnail","7":"category-actual","8":"category-adm","9":"tag-marian-mina"},"_links":{"self":[{"href":"https:\/\/giurgiu-net.ro\/index.php\/wp-json\/wp\/v2\/posts\/86808","targetHints":{"allow":["GET"]}}],"collection":[{"href":"https:\/\/giurgiu-net.ro\/index.php\/wp-json\/wp\/v2\/posts"}],"about":[{"href":"https:\/\/giurgiu-net.ro\/index.php\/wp-json\/wp\/v2\/types\/post"}],"author":[{"embeddable":true,"href":"https:\/\/giurgiu-net.ro\/index.php\/wp-json\/wp\/v2\/users\/1"}],"replies":[{"embeddable":true,"href":"https:\/\/giurgiu-net.ro\/index.php\/wp-json\/wp\/v2\/comments?post=86808"}],"version-history":[{"count":0,"href":"https:\/\/giurgiu-net.ro\/index.php\/wp-json\/wp\/v2\/posts\/86808\/revisions"}],"wp:featuredmedia":[{"embeddable":true,"href":"https:\/\/giurgiu-net.ro\/index.php\/wp-json\/wp\/v2\/media\/81171"}],"wp:attachment":[{"href":"https:\/\/giurgiu-net.ro\/index.php\/wp-json\/wp\/v2\/media?parent=86808"}],"wp:term":[{"taxonomy":"category","embeddable":true,"href":"https:\/\/giurgiu-net.ro\/index.php\/wp-json\/wp\/v2\/categories?post=86808"},{"taxonomy":"post_tag","embeddable":true,"href":"https:\/\/giurgiu-net.ro\/index.php\/wp-json\/wp\/v2\/tags?post=86808"}],"curies":[{"name":"wp","href":"https:\/\/api.w.org\/{rel}","templated":true}]}}