{"id":86805,"date":"2023-10-05T11:39:31","date_gmt":"2023-10-05T08:39:31","guid":{"rendered":"https:\/\/giurgiu-net.ro\/?p=86805"},"modified":"2023-10-05T11:39:32","modified_gmt":"2023-10-05T08:39:32","slug":"presedintele-tsd-giurgiu-dragos-udvuleanu-mesaj-de-ziua-educatiei","status":"publish","type":"post","link":"https:\/\/giurgiu-net.ro\/index.php\/2023\/10\/05\/presedintele-tsd-giurgiu-dragos-udvuleanu-mesaj-de-ziua-educatiei\/","title":{"rendered":"Pre\u015fedintele TSD Giurgiu, Drago\u015f Udvuleanu, mesaj de Ziua Educa\u0163iei"},"content":{"rendered":"\n<p>,, Trebuie sa te duci la scoala. Trebuie. Trebuie sa te duci la liceu. Trebuie sa-ti iei o diploma. Pentru ca educatia este singurul lucru pe care nimeni nu-l va putea lua inapoi de la tine. Iar asta merita aceasta investitie. \u201d<\/p>\n\n\n\n<p><img loading=\"lazy\" decoding=\"async\" height=\"16\" width=\"16\" alt=\"\ud83d\udcda\" src=\"https:\/\/static.xx.fbcdn.net\/images\/emoji.php\/v9\/t49\/1\/16\/1f4da.png\">\ud835\udc81\ud835\udc8a\ud835\udc96\ud835\udc82 \ud835\udc74\ud835\udc90\ud835\udc8f\ud835\udc85\ud835\udc8a\ud835\udc82\ud835\udc8d\ud835\udc82\u0306 \ud835\udc82 \ud835\udc6c\ud835\udc85\ud835\udc96\ud835\udc84\ud835\udc82\ud835\udc95\u0326\ud835\udc8a\ud835\udc86\ud835\udc8a<\/p>\n\n\n\n<p><img loading=\"lazy\" decoding=\"async\" height=\"16\" width=\"16\" alt=\"\u2705\" src=\"https:\/\/static.xx.fbcdn.net\/images\/emoji.php\/v9\/t33\/1\/16\/2705.png\">\u00cen calendarele din lumea \u00eentreag\u0103, 5 octombrie poart\u0103 semn nobil, de carte. Sfin\u021benia \u0219i lumina c\u0103r\u021bii ne ating \u0219i ne fac mai buni pe noi to\u021bi, amintindu-ne, o dat\u0103 \u00een plus, de m\u0103iestria celor care <a><\/a>fac ca visurile noastre s\u0103 se \u00eenf\u0103ptuiasc\u0103: educatori, \u00eenv\u0103\u021b\u0103tori, profesori.<\/p>\n\n\n\n<p><img loading=\"lazy\" decoding=\"async\" height=\"16\" width=\"16\" alt=\"\ud83d\udc68\u200d\ud83c\udfeb\" src=\"https:\/\/static.xx.fbcdn.net\/images\/emoji.php\/v9\/tb5\/1\/16\/1f468_200d_1f3eb.png\"><img loading=\"lazy\" decoding=\"async\" height=\"16\" width=\"16\" alt=\"\ud83e\uddd1\u200d\ud83c\udfeb\" src=\"https:\/\/static.xx.fbcdn.net\/images\/emoji.php\/v9\/t65\/1\/16\/1f9d1_200d_1f3eb.png\">Cu devotament, pasiune, profesionalism \u0219i cu imens\u0103 disponibilitate afectiv\u0103, Profesorul ne pune cartea \u00een m\u00e2n\u0103, ne \u00eendrum\u0103 \u0219i ne dezv\u0103luie mereu ceva nou: planete \u0219i galaxii, universuri reale \u0219i imaginare, istorii, vectori \u0219i reac\u021bii, ecua\u021bii, cuvinte d\u0103t\u0103toare de speran\u021b\u0103, adev\u0103r \u0219i dreptate, emo\u021bie\u2026<\/p>\n\n\n\n<p><img loading=\"lazy\" decoding=\"async\" height=\"16\" width=\"16\" alt=\"\ud83d\udcda\" src=\"https:\/\/static.xx.fbcdn.net\/images\/emoji.php\/v9\/t49\/1\/16\/1f4da.png\">De la Comenius \u0219tim c\u0103 \u201e\u00eentreaga via\u0163\u0103 este o \u015fcoal\u0103\u201d, iar criza pe care ast\u0103zi o traverseaz\u0103 umanitatea face ca vocea educatorilor, a \u00eenv\u0103\u021b\u0103torilor, a profesorilor s\u0103 fie mai puternic\u0103, iar \u00eenv\u0103\u021barea s\u0103 devin\u0103 mai vizibil\u0103, s\u0103 fie un sprijin vital \u00een p\u0103strarea valorilor \u0219i a echilibrului, a identit\u0103\u021bii \u0219i a Fiin\u021bei, \u00een general.<\/p>\n\n\n\n<p><img loading=\"lazy\" decoding=\"async\" height=\"16\" width=\"16\" alt=\"\ud83c\udfeb\" src=\"https:\/\/static.xx.fbcdn.net\/images\/emoji.php\/v9\/t28\/1\/16\/1f3eb.png\">Profesorul ne este al\u0103turi \u00een c\u0103l\u0103toria con\u0219tient\u0103 c\u0103tre sine, \u00een drumul spre versiunea noastr\u0103 cea mai bun\u0103, av\u00e2nd puteri neb\u0103nuite, capacitatea de a transforma fiecare zi \u00eentr-o experien\u021b\u0103 \u00eentemeietoare \u0219i de a ad\u0103uga sens existen\u021bei noastre. \u00cen acest mod, actul \u00eenv\u0103\u021b\u0103rii devine durabil, educa\u021bia ne \u00eembog\u0103\u021be\u0219te cu noi competen\u021be \u0219i idealuri, \u0219coala se redimensioneaz\u0103 ca spa\u021biu al virtualit\u0103\u021bilor infinite. Ne \u00eenclin\u0103m \u00een fa\u021ba Profesorului, manifest\u0103m admira\u021bie \u0219i recuno\u0219tin\u021b\u0103! Pentru profesionalism \u0219i abnega\u021bie, pentru implicarea \u00een educarea \u0219i cre\u0219terea tinerei genera\u021bii, v\u0103 mul\u021bumim, cu deferen\u021b\u0103!<\/p>\n\n\n\n<p><img loading=\"lazy\" decoding=\"async\" height=\"16\" width=\"16\" alt=\"\ud83e\udef6\" src=\"https:\/\/static.xx.fbcdn.net\/images\/emoji.php\/v9\/t49\/1\/16\/1faf6.png\">La mul\u021bi ani, educatori, \u00eenv\u0103\u021b\u0103tori, profesori, s\u0103 r\u0103m\u00e2ne\u021bi s\u0103n\u0103to\u0219i, curajo\u0219i, \u00eencrez\u0103tori! La mul\u021bi ani tuturor celor care fac ca \u0219coala s\u0103 creasc\u0103, s\u0103 \u00eenregistreze rezultate remarcabile, s\u0103 se racordeze permanent la Saeculum \u0219i s\u0103 dea dovad\u0103 de rezilien\u021b\u0103!<\/p>\n\n\n\n<p><a href=\"https:\/\/www.facebook.com\/photo\/?fbid=819503766848977&amp;set=a.281752110624148&amp;__cft__[0]=AZXMEQ2TTq4DD5qqyOknHHAImy5ING9EQ-ABUiALuF8DLuFiecuVBdPlgmqJuEWO_MpiVYckqLE88kuRD4i5hetSR0sjdBBsuKAeEUmjsUzTvio1j2Ve7OvMroSDcIRrt4dje2Xf7iAMepyPpo3zJ9yCRrkh3dwpIluGIyT_6vRZDKv8glzzrmsXDnbVV5uiLTDmQyTnvFFcdyDo1sf9Glde&amp;__tn__=EH-y-R\"><\/a><\/p>\n\n\n\n<figure class=\"wp-block-image\"><a href=\"https:\/\/www.facebook.com\/photo\/?fbid=819503766848977&amp;set=a.281752110624148&amp;__cft__[0]=AZXMEQ2TTq4DD5qqyOknHHAImy5ING9EQ-ABUiALuF8DLuFiecuVBdPlgmqJuEWO_MpiVYckqLE88kuRD4i5hetSR0sjdBBsuKAeEUmjsUzTvio1j2Ve7OvMroSDcIRrt4dje2Xf7iAMepyPpo3zJ9yCRrkh3dwpIluGIyT_6vRZDKv8glzzrmsXDnbVV5uiLTDmQyTnvFFcdyDo1sf9Glde&amp;__tn__=EH-y-R\"><img decoding=\"async\" src=\"https:\/\/scontent.fotp1-2.fna.fbcdn.net\/v\/t39.30808-6\/386641649_819503763515644_1049045137984073178_n.jpg?stp=dst-jpg_p180x540&amp;_nc_cat=100&amp;ccb=1-7&amp;_nc_sid=49d041&amp;_nc_ohc=cgR9Y9Ha0j8AX-oWseO&amp;_nc_ht=scontent.fotp1-2.fna&amp;oh=00_AfBbognWln834dgxnqdz0IbS8WbfMRuwMwxXxTyRMNv5hA&amp;oe=65231580\" alt=\"Ar putea fi o imagine cu 1 persoan\u0103 \u015fi text care spune \u201eSCAN ME 5octombrie Ziua Mondial\u0103 a Educa\u021biei Udvuleanu Drago\u00c8 PSD\u201d\"\/><\/a><\/figure>\n\n\n\n<p><a href=\"https:\/\/www.facebook.com\/DragosUdvuleanuu?__cft__[0]=AZXMEQ2TTq4DD5qqyOknHHAImy5ING9EQ-ABUiALuF8DLuFiecuVBdPlgmqJuEWO_MpiVYckqLE88kuRD4i5hetSR0sjdBBsuKAeEUmjsUzTvio1j2Ve7OvMroSDcIRrt4dje2Xf7iAMepyPpo3zJ9yCRrkh3dwpIluGIyT_6vRZDKv8glzzrmsXDnbVV5uiLTDmQyTnvFFcdyDo1sf9Glde&amp;__tn__=%3C%2CP-y-R\"><\/a><\/p>\n\n\n\n<p><a href=\"https:\/\/www.facebook.com\/DragosUdvuleanuu?__cft__[0]=AZXMEQ2TTq4DD5qqyOknHHAImy5ING9EQ-ABUiALuF8DLuFiecuVBdPlgmqJuEWO_MpiVYckqLE88kuRD4i5hetSR0sjdBBsuKAeEUmjsUzTvio1j2Ve7OvMroSDcIRrt4dje2Xf7iAMepyPpo3zJ9yCRrkh3dwpIluGIyT_6vRZDKv8glzzrmsXDnbVV5uiLTDmQyTnvFFcdyDo1sf9Glde&amp;__tn__=%3C%2CP-y-R\"><\/a><\/p>\n","protected":false},"excerpt":{"rendered":"<p>,, Trebuie sa te duci la scoala. Trebuie. Trebuie sa te duci la liceu. Trebuie sa-ti iei o diploma. Pentru ca educatia este singurul lucru pe care nimeni nu-l va putea lua inapoi de la tine. Iar asta merita aceasta investitie. \u201d \ud835\udc81\ud835\udc8a\ud835\udc96\ud835\udc82 \ud835\udc74\ud835\udc90\ud835\udc8f\ud835\udc85\ud835\udc8a\ud835\udc82\ud835\udc8d\ud835\udc82\u0306 \ud835\udc82 \ud835\udc6c\ud835\udc85\ud835\udc96\ud835\udc84\ud835\udc82\ud835\udc95\u0326\ud835\udc8a\ud835\udc86\ud835\udc8a \u00cen calendarele din lumea \u00eentreag\u0103, 5 octombrie poart\u0103 semn [&hellip;]<\/p>\n","protected":false},"author":1,"featured_media":86806,"comment_status":"open","ping_status":"open","sticky":false,"template":"","format":"standard","meta":{"slim_seo":{"title":"Pre\u015fedintele TSD Giurgiu, Drago\u015f Udvuleanu, mesaj de Ziua Educa\u0163iei - GIURGIU NET","description":",, Trebuie sa te duci la scoala. Trebuie. Trebuie sa te duci la liceu. Trebuie sa-ti iei o diploma. Pentru ca educatia este singurul lucru pe care nimeni nu-l v"},"footnotes":""},"categories":[18,29,25,26],"tags":[966],"class_list":{"0":"post-86805","1":"post","2":"type-post","3":"status-publish","4":"format-standard","5":"has-post-thumbnail","7":"category-actual","8":"category-educatie-si-cultura","9":"category-pol","10":"category-soc","11":"tag-dragos-udvuleanu-2"},"_links":{"self":[{"href":"https:\/\/giurgiu-net.ro\/index.php\/wp-json\/wp\/v2\/posts\/86805","targetHints":{"allow":["GET"]}}],"collection":[{"href":"https:\/\/giurgiu-net.ro\/index.php\/wp-json\/wp\/v2\/posts"}],"about":[{"href":"https:\/\/giurgiu-net.ro\/index.php\/wp-json\/wp\/v2\/types\/post"}],"author":[{"embeddable":true,"href":"https:\/\/giurgiu-net.ro\/index.php\/wp-json\/wp\/v2\/users\/1"}],"replies":[{"embeddable":true,"href":"https:\/\/giurgiu-net.ro\/index.php\/wp-json\/wp\/v2\/comments?post=86805"}],"version-history":[{"count":0,"href":"https:\/\/giurgiu-net.ro\/index.php\/wp-json\/wp\/v2\/posts\/86805\/revisions"}],"wp:featuredmedia":[{"embeddable":true,"href":"https:\/\/giurgiu-net.ro\/index.php\/wp-json\/wp\/v2\/media\/86806"}],"wp:attachment":[{"href":"https:\/\/giurgiu-net.ro\/index.php\/wp-json\/wp\/v2\/media?parent=86805"}],"wp:term":[{"taxonomy":"category","embeddable":true,"href":"https:\/\/giurgiu-net.ro\/index.php\/wp-json\/wp\/v2\/categories?post=86805"},{"taxonomy":"post_tag","embeddable":true,"href":"https:\/\/giurgiu-net.ro\/index.php\/wp-json\/wp\/v2\/tags?post=86805"}],"curies":[{"name":"wp","href":"https:\/\/api.w.org\/{rel}","templated":true}]}}