{"id":86732,"date":"2023-09-29T12:09:02","date_gmt":"2023-09-29T09:09:02","guid":{"rendered":"https:\/\/giurgiu-net.ro\/?p=86732"},"modified":"2023-09-29T12:15:09","modified_gmt":"2023-09-29T09:15:09","slug":"comunicat-de-presa-primaria-greaca-a-semnat-contractul-de-finantare-pentru-dotarea-scolii-nr-1","status":"publish","type":"post","link":"https:\/\/giurgiu-net.ro\/index.php\/2023\/09\/29\/comunicat-de-presa-primaria-greaca-a-semnat-contractul-de-finantare-pentru-dotarea-scolii-nr-1\/","title":{"rendered":"Comunicat de pres\u0103: Prim\u0103ria Greaca a semnat contractul de finan\u0163are pentru dotarea \u015ecolii Nr. 1"},"content":{"rendered":"\n<figure class=\"wp-block-image size-full\"><img loading=\"lazy\" decoding=\"async\" width=\"634\" height=\"837\" src=\"https:\/\/giurgiu-net.ro\/wp-content\/uploads\/2023\/09\/comunicat-greaca.jpg\" alt=\"\" class=\"wp-image-86733\" srcset=\"https:\/\/giurgiu-net.ro\/wp-content\/uploads\/2023\/09\/comunicat-greaca.jpg 634w, https:\/\/giurgiu-net.ro\/wp-content\/uploads\/2023\/09\/comunicat-greaca-227x300.jpg 227w, https:\/\/giurgiu-net.ro\/wp-content\/uploads\/2023\/09\/comunicat-greaca-318x420.jpg 318w\" sizes=\"auto, (max-width: 634px) 100vw, 634px\" \/><\/figure>\n","protected":false},"excerpt":{"rendered":"","protected":false},"author":1,"featured_media":86735,"comment_status":"open","ping_status":"open","sticky":false,"template":"","format":"standard","meta":{"slim_seo":{"title":"Comunicat de pres\u0103: Prim\u0103ria Greaca a semnat contractul de finan\u0163are pentru dotarea \u015ecolii Nr. 1 - GIURGIU NET","description":""},"footnotes":""},"categories":[18,26],"tags":[2160],"class_list":{"0":"post-86732","1":"post","2":"type-post","3":"status-publish","4":"format-standard","5":"has-post-thumbnail","7":"category-actual","8":"category-soc","9":"tag-primaria-greaca"},"_links":{"self":[{"href":"https:\/\/giurgiu-net.ro\/index.php\/wp-json\/wp\/v2\/posts\/86732","targetHints":{"allow":["GET"]}}],"collection":[{"href":"https:\/\/giurgiu-net.ro\/index.php\/wp-json\/wp\/v2\/posts"}],"about":[{"href":"https:\/\/giurgiu-net.ro\/index.php\/wp-json\/wp\/v2\/types\/post"}],"author":[{"embeddable":true,"href":"https:\/\/giurgiu-net.ro\/index.php\/wp-json\/wp\/v2\/users\/1"}],"replies":[{"embeddable":true,"href":"https:\/\/giurgiu-net.ro\/index.php\/wp-json\/wp\/v2\/comments?post=86732"}],"version-history":[{"count":0,"href":"https:\/\/giurgiu-net.ro\/index.php\/wp-json\/wp\/v2\/posts\/86732\/revisions"}],"wp:featuredmedia":[{"embeddable":true,"href":"https:\/\/giurgiu-net.ro\/index.php\/wp-json\/wp\/v2\/media\/86735"}],"wp:attachment":[{"href":"https:\/\/giurgiu-net.ro\/index.php\/wp-json\/wp\/v2\/media?parent=86732"}],"wp:term":[{"taxonomy":"category","embeddable":true,"href":"https:\/\/giurgiu-net.ro\/index.php\/wp-json\/wp\/v2\/categories?post=86732"},{"taxonomy":"post_tag","embeddable":true,"href":"https:\/\/giurgiu-net.ro\/index.php\/wp-json\/wp\/v2\/tags?post=86732"}],"curies":[{"name":"wp","href":"https:\/\/api.w.org\/{rel}","templated":true}]}}