{"id":86730,"date":"2023-09-29T10:11:39","date_gmt":"2023-09-29T07:11:39","guid":{"rendered":"https:\/\/giurgiu-net.ro\/?p=86730"},"modified":"2023-09-29T10:11:40","modified_gmt":"2023-09-29T07:11:40","slug":"deputat-marian-mina-din-octombrie-15-milioane-de-angajati-vor-beneficia-de-cresterea-salariului-minim-brut-cu-10","status":"publish","type":"post","link":"https:\/\/giurgiu-net.ro\/index.php\/2023\/09\/29\/deputat-marian-mina-din-octombrie-15-milioane-de-angajati-vor-beneficia-de-cresterea-salariului-minim-brut-cu-10\/","title":{"rendered":"Deputat Marian Mina: &#8222;Din octombrie, 1,5 milioane de angaja\u0163i vor beneficia de cre\u015fterea salariului minim brut cu 10%&#8221;"},"content":{"rendered":"\n<p>&#8222;Din octombrie, 1,5 milioane de angaja\u0163i vor beneficia de cre\u015fterea salariului minim brut cu 10%, de la 3.000 de lei la 3.300 de lei. Asta \u00eenseamn\u0103 cu 181 de lei mai mult \u00een buzunarul salaria\u0163ilor, viza\u0163i fiind cei cu venituri mici din mediul privat.<\/p>\n\n\n\n<p>Cre\u015fterea salariului minim completeaz\u0103 pachetul de m\u0103suri pe care Guvernul Ciolacu \u015fi-a angajat r\u0103spunderea, reprezint\u0103 o m\u0103sur\u0103 de <a href=\"https:\/\/www.facebook.com\/hashtag\/echitate?__eep__=6&amp;__cft__[0]=AZVUOakY_y3SVeDdMN5PcDVc37P_YNVJkKvZuzp_ZA3VQCWq21okh8HSr148Ft1O4ca0Yimy-WipfllUfRSjm7hv8fjVDseh0N6GKgCxqdy6oveH_4p415PRMcHhM974jrVww4p87A4fbEe2U4Pl4GTSwlTIEnavSt31VmnPvJ-EjC-AvHyyKvk28pGWMdFKuvc&amp;__tn__=*NK-R\">#echitate<\/a> social\u0103 \u015fi vine \u00een sprijinul celor cu venituri mici \u015fi care muncesc cinstit.<\/p>\n\n\n\n<p>Facilitatea se va men\u021bine p\u00e2n\u0103 la finalul acestui an. De asemenea, p\u00e2n\u0103 la 1 ianuarie, Guvernul va mai opera o nou\u0103 majorare a salariului minim general, astfel \u00eenc\u00e2t scoaterea facilit\u0103\u021bii sumei neimpozitate de 200 de lei s\u0103 NU diminueze valoarea salariul minim net.<\/p>\n\n\n\n<p>Pe de alt\u0103 parte, premierul Marcel Ciolacu a intervenit \u0219i a solicitat Ministerului Finan\u021belor s\u0103 refac\u0103 toat\u0103 calculele, astfel \u00eenc\u00e2t angaja\u021bii cu salariul minim din construc\u0163ii \u015fi agricultur\u0103 s\u0103 nu piard\u0103 niciun leu din salariul net, dup\u0103 scoaterea facilit\u0103\u021bii privind CASS.<\/p>\n\n\n\n<p>Salaria\u021bii din aceste dou\u0103 sectoare vor avea \u00een continuare un salariu minim net mai mare \u0219i nu vor pierde niciun leu \u00een momentul intr\u0103rii \u00een vigoare a <a href=\"https:\/\/www.facebook.com\/hashtag\/legii?__eep__=6&amp;__cft__[0]=AZVUOakY_y3SVeDdMN5PcDVc37P_YNVJkKvZuzp_ZA3VQCWq21okh8HSr148Ft1O4ca0Yimy-WipfllUfRSjm7hv8fjVDseh0N6GKgCxqdy6oveH_4p415PRMcHhM974jrVww4p87A4fbEe2U4Pl4GTSwlTIEnavSt31VmnPvJ-EjC-AvHyyKvk28pGWMdFKuvc&amp;__tn__=*NK-R\">#legii<\/a> pe care Guvernul \u0219i-a angajat r\u0103spunderea&#8221;- pre\u015fedinte PSD Giurgiu, deputat Marian Mina.<\/p>\n","protected":false},"excerpt":{"rendered":"<p>&#8222;Din octombrie, 1,5 milioane de angaja\u0163i vor beneficia de cre\u015fterea salariului minim brut cu 10%, de la 3.000 de lei la 3.300 de lei. Asta \u00eenseamn\u0103 cu 181 de lei mai mult \u00een buzunarul salaria\u0163ilor, viza\u0163i fiind cei cu venituri mici din mediul privat. Cre\u015fterea salariului minim completeaz\u0103 pachetul de m\u0103suri pe care Guvernul Ciolacu [&hellip;]<\/p>\n","protected":false},"author":1,"featured_media":76926,"comment_status":"open","ping_status":"open","sticky":false,"template":"","format":"standard","meta":{"slim_seo":{"title":"Deputat Marian Mina: \"Din octombrie, 1,5 milioane de angaja\u0163i vor beneficia de cre\u015fterea salariului minim brut cu 10%\" - GIURGIU NET","description":"\"Din octombrie, 1,5 milioane de angaja\u0163i vor beneficia de cre\u015fterea salariului minim brut cu 10%, de la 3.000 de lei la 3.300 de lei. Asta \u00eenseamn\u0103 cu 181 de le"},"footnotes":""},"categories":[18,25,26],"tags":[1626],"class_list":{"0":"post-86730","1":"post","2":"type-post","3":"status-publish","4":"format-standard","5":"has-post-thumbnail","7":"category-actual","8":"category-pol","9":"category-soc","10":"tag-marian-mina"},"_links":{"self":[{"href":"https:\/\/giurgiu-net.ro\/index.php\/wp-json\/wp\/v2\/posts\/86730","targetHints":{"allow":["GET"]}}],"collection":[{"href":"https:\/\/giurgiu-net.ro\/index.php\/wp-json\/wp\/v2\/posts"}],"about":[{"href":"https:\/\/giurgiu-net.ro\/index.php\/wp-json\/wp\/v2\/types\/post"}],"author":[{"embeddable":true,"href":"https:\/\/giurgiu-net.ro\/index.php\/wp-json\/wp\/v2\/users\/1"}],"replies":[{"embeddable":true,"href":"https:\/\/giurgiu-net.ro\/index.php\/wp-json\/wp\/v2\/comments?post=86730"}],"version-history":[{"count":0,"href":"https:\/\/giurgiu-net.ro\/index.php\/wp-json\/wp\/v2\/posts\/86730\/revisions"}],"wp:featuredmedia":[{"embeddable":true,"href":"https:\/\/giurgiu-net.ro\/index.php\/wp-json\/wp\/v2\/media\/76926"}],"wp:attachment":[{"href":"https:\/\/giurgiu-net.ro\/index.php\/wp-json\/wp\/v2\/media?parent=86730"}],"wp:term":[{"taxonomy":"category","embeddable":true,"href":"https:\/\/giurgiu-net.ro\/index.php\/wp-json\/wp\/v2\/categories?post=86730"},{"taxonomy":"post_tag","embeddable":true,"href":"https:\/\/giurgiu-net.ro\/index.php\/wp-json\/wp\/v2\/tags?post=86730"}],"curies":[{"name":"wp","href":"https:\/\/api.w.org\/{rel}","templated":true}]}}