{"id":86718,"date":"2023-09-27T10:33:31","date_gmt":"2023-09-27T07:33:31","guid":{"rendered":"https:\/\/giurgiu-net.ro\/?p=86718"},"modified":"2023-09-27T10:33:32","modified_gmt":"2023-09-27T07:33:32","slug":"incendiu-urias-la-joita-au-ars-zeci-de-hectare-de-miriste-de-grau-si-porumb","status":"publish","type":"post","link":"https:\/\/giurgiu-net.ro\/index.php\/2023\/09\/27\/incendiu-urias-la-joita-au-ars-zeci-de-hectare-de-miriste-de-grau-si-porumb\/","title":{"rendered":"Incendiu uria\u015f, la Joi\u0163a. Au ars zeci de hectare de miri\u015fte de gr\u00e2u \u015fi porumb"},"content":{"rendered":"\n<p>Aproximativ 70 de hectare de vegeta\u021bie uscat\u0103, l\u0103st\u0103ri\u0219, miri\u0219te de gr\u00e2u \u0219i de porumb au ars, ieri dup\u0103-amiaz\u0103, \u00een comuna Joi\u021ba. Incendiul violent s-a extins rapid din cauza v\u00e2ntului puternic \u0219i a ajuns p\u00e2n\u0103 la litiera unei p\u0103duri, dar \u0219i \u00eentr-o gospod\u0103rie, unde ardea generalizat o anex\u0103.<\/p>\n\n\n\n<p>Fiind vorba despre o suprafa\u021b\u0103 mare, cu multe focare, la fa\u021ba locului s-au deplasat pompierii din cadrul Deta\u0219amentului Bolintin Deal \u0219i Inspectoratului pentru Situa\u021bii de Urgen\u021b\u0103 Bucure\u0219ti-Ilfov, cu \u0219apte autospeciale de stingere \u0219i o cistern\u0103. \u00cen sprijin, a ac\u021bionat \u0219i Serviciul Privat pentru Situa\u021bii de Urgen\u021b\u0103 al unui operator economic din zon\u0103, cu dou\u0103 autospeciale.<\/p>\n\n\n\n<figure class=\"wp-block-video\"><video height=\"480\" style=\"aspect-ratio: 848 \/ 480;\" width=\"848\" controls src=\"https:\/\/giurgiu-net.ro\/wp-content\/uploads\/2023\/09\/WhatsApp-Video-2023-09-27-at-08.55.10-1.mp4\"><\/video><\/figure>\n\n\n\n<p>Anexa respectiv\u0103 a ars pe o suprafa\u021b\u0103 de circa 400 mp, dar \u0219i bunurile depozitate \u00een apropiere \u0219i \u00een interiorul acesteia. Pompierii au reu\u0219it s\u0103 limiteze propagarea fl\u0103c\u0103rilor la celelalte construc\u021bii.<\/p>\n\n\n\n<figure class=\"wp-block-video\"><video height=\"480\" style=\"aspect-ratio: 848 \/ 480;\" width=\"848\" controls src=\"https:\/\/giurgiu-net.ro\/wp-content\/uploads\/2023\/09\/WhatsApp-Video-2023-09-27-at-08.55.10.mp4\"><\/video><\/figure>\n\n\n\n<p>Cel mai probabil, incendiul s-a produs din cauza unei \u021big\u0103ri aruncate la \u00eent\u00e2mplare. Preciz\u0103m faptul c\u0103, \u00een condi\u021bii de v\u00e2nt puternic, focul se poate propaga \u00eentr-un timp foarte scurt, la locuin\u021be, anexe gospod\u0103re\u0219ti, p\u0103duri, re\u021bele de electricitate etc.<\/p>\n\n\n\n<p>Pentru a preveni incendiile, nu trebuie aruncate resturi de \u021bigar\u0103 sau be\u021be de chibrit aproape de c\u0103pi\u021bele de f\u00e2n sau de locurile \u00een care sunt depozitate furaje, lemne de foc, substan\u021be inflamabile sau alte materiale combustibile \u0219i nici pe terenuri cu vegeta\u021bie uscat\u0103 sau miri\u0219te.<\/p>\n\n\n\n<p>Reamintim c\u0103 jude\u021bul Giurgiu se afl\u0103 sub o aten\u021bionare meteorologic\u0103 tip Cod Galben de intensific\u0103ri ale v\u00e2ntului, p\u00e2n\u0103 disear\u0103, la ora 21:00. Astfel, \u00een orele urmatoare vor fi perioade \u00een care v\u00e2ntul va avea viteze de 55-65 km\/h.<\/p>\n\n\n\n<p>Comunicat, video \u015fi foto: ISU Giurgiu<\/p>\n","protected":false},"excerpt":{"rendered":"<p>Aproximativ 70 de hectare de vegeta\u021bie uscat\u0103, l\u0103st\u0103ri\u0219, miri\u0219te de gr\u00e2u \u0219i de porumb au ars, ieri dup\u0103-amiaz\u0103, \u00een comuna Joi\u021ba. Incendiul violent s-a extins rapid din cauza v\u00e2ntului puternic \u0219i a ajuns p\u00e2n\u0103 la litiera unei p\u0103duri, dar \u0219i \u00eentr-o gospod\u0103rie, unde ardea generalizat o anex\u0103. Fiind vorba despre o suprafa\u021b\u0103 mare, cu multe [&hellip;]<\/p>\n","protected":false},"author":1,"featured_media":86719,"comment_status":"open","ping_status":"open","sticky":false,"template":"","format":"standard","meta":{"slim_seo":{"title":"Incendiu uria\u015f, la Joi\u0163a. Au ars zeci de hectare de miri\u015fte de gr\u00e2u \u015fi porumb - GIURGIU NET","description":"Aproximativ 70 de hectare de vegeta\u021bie uscat\u0103, l\u0103st\u0103ri\u0219, miri\u0219te de gr\u00e2u \u0219i de porumb au ars, ieri dup\u0103-amiaz\u0103, \u00een comuna Joi\u021ba. Incendiul violent s-a extins ra"},"footnotes":""},"categories":[18,26],"tags":[1452],"class_list":{"0":"post-86718","1":"post","2":"type-post","3":"status-publish","4":"format-standard","5":"has-post-thumbnail","7":"category-actual","8":"category-soc","9":"tag-isu-giurgiu"},"_links":{"self":[{"href":"https:\/\/giurgiu-net.ro\/index.php\/wp-json\/wp\/v2\/posts\/86718","targetHints":{"allow":["GET"]}}],"collection":[{"href":"https:\/\/giurgiu-net.ro\/index.php\/wp-json\/wp\/v2\/posts"}],"about":[{"href":"https:\/\/giurgiu-net.ro\/index.php\/wp-json\/wp\/v2\/types\/post"}],"author":[{"embeddable":true,"href":"https:\/\/giurgiu-net.ro\/index.php\/wp-json\/wp\/v2\/users\/1"}],"replies":[{"embeddable":true,"href":"https:\/\/giurgiu-net.ro\/index.php\/wp-json\/wp\/v2\/comments?post=86718"}],"version-history":[{"count":0,"href":"https:\/\/giurgiu-net.ro\/index.php\/wp-json\/wp\/v2\/posts\/86718\/revisions"}],"wp:featuredmedia":[{"embeddable":true,"href":"https:\/\/giurgiu-net.ro\/index.php\/wp-json\/wp\/v2\/media\/86719"}],"wp:attachment":[{"href":"https:\/\/giurgiu-net.ro\/index.php\/wp-json\/wp\/v2\/media?parent=86718"}],"wp:term":[{"taxonomy":"category","embeddable":true,"href":"https:\/\/giurgiu-net.ro\/index.php\/wp-json\/wp\/v2\/categories?post=86718"},{"taxonomy":"post_tag","embeddable":true,"href":"https:\/\/giurgiu-net.ro\/index.php\/wp-json\/wp\/v2\/tags?post=86718"}],"curies":[{"name":"wp","href":"https:\/\/api.w.org\/{rel}","templated":true}]}}