{"id":86591,"date":"2023-09-15T10:55:12","date_gmt":"2023-09-15T07:55:12","guid":{"rendered":"https:\/\/giurgiu-net.ro\/?p=86591"},"modified":"2023-09-15T10:55:41","modified_gmt":"2023-09-15T07:55:41","slug":"deputat-marian-mina-ii-indemn-pe-toti-giurgiuvenii-sa-mearga-maine-la-protestul-impotriva-incineratorului-de-deseuri","status":"publish","type":"post","link":"https:\/\/giurgiu-net.ro\/index.php\/2023\/09\/15\/deputat-marian-mina-ii-indemn-pe-toti-giurgiuvenii-sa-mearga-maine-la-protestul-impotriva-incineratorului-de-deseuri\/","title":{"rendered":"Deputat Marian Mina: &#8222;\u00cei \u00eendemn pe to\u0163i giurgiuvenii s\u0103 mearg\u0103, m\u00e2ine, la protestul \u00eempotriva incineratorului de de\u015feuri!&#8221;"},"content":{"rendered":"\n<p>M\u00e2ine, la ora 16.00, \u00een fa\u0163a Teatrului &#8222;Tudor Vianu&#8221;, va avea loc un protest \u00eempotriva construirii la Giurgiu a unui incinerator de de\u015feuri. Deputatul Marian Mina \u00eei \u00eendeamn\u0103 pe to\u0163i giurgiuvenii s\u0103 ias\u0103 la protest!<\/p>\n\n\n\n<p>&#8222;\u00cei \u00eendemn pe giurgiuveni s\u0103 se al\u0103ture protestului organizat de domnul Ciprian Alexandru, \u00eempotriva incineratorului de de\u015feuri! Voi fi \u015fi eu acolo \u015fi sper s\u0103 vin\u0103 c\u00e2t mai mult\u0103 lume! Ne vedem la ora 16.00, \u00een fa\u0163a Teatrului din municipiu!&#8221;, ne-a declarat Marian Mina.<\/p>\n\n\n\n<p>De altfel, \u00een urm\u0103 cu o s\u0103pt\u0103m\u00e2n\u0103, deputatul social-democrat a postat un mesaj pe pagina sa de Facebook, \u00een care a spus c\u0103 sus\u0163ine demersurile tuturor colegilor s\u0103i parlamentari, din orice partid ar face parte ace\u015ftia.<\/p>\n\n\n\n<p>&#8222;S\u0103n\u0103tatea giurgiuvenilor NU are culoare politic\u0103! Suntem \u00ceMPREUN\u0102 \u00een lupta \u00eempotriva construirii, la <a href=\"https:\/\/www.facebook.com\/hashtag\/giurgiu?__eep__=6&amp;__cft__[0]=AZVcocsdcEYnpJ1l6Gq3uBloxMS1XQyschveeZitPd1HrGtasZKY3sMi9ZgB6NaEj2pvxFlsBssDjXBy72oafcykhB5-pkOTdMib0TP-oeF1x0Bq_vSOOA1AFguweEhXjkYMJdSW9IYwp_HD80QdKZY4t-vBlCUuzmR9eXTuzmgzUUx0iVLJGs7oduX5KSOJOlA&amp;__tn__=*NK-R\">#Giurgiu<\/a>, a incineratorului de de\u0219euri.<\/p>\n\n\n\n<p>Suntem giurgiuveni, locuim aici, aici ne sunt p\u0103rin\u021bii, copiii, prietenii, \u0219i salut, astfel, ini\u021biativele tuturor colegilor parlamentari din toate partidele \u00een ceea ce prive\u0219te \u00eempiedicarea <a href=\"https:\/\/www.facebook.com\/hashtag\/polu%C4%83rii?__eep__=6&amp;__cft__[0]=AZVcocsdcEYnpJ1l6Gq3uBloxMS1XQyschveeZitPd1HrGtasZKY3sMi9ZgB6NaEj2pvxFlsBssDjXBy72oafcykhB5-pkOTdMib0TP-oeF1x0Bq_vSOOA1AFguweEhXjkYMJdSW9IYwp_HD80QdKZY4t-vBlCUuzmR9eXTuzmgzUUx0iVLJGs7oduX5KSOJOlA&amp;__tn__=*NK-R\">#polu\u0103rii<\/a> ora\u0219ului nostru.<\/p>\n\n\n\n<p>Nu suntem groapa de gunoi a nim\u0103nui! Salut, totodat\u0103, organizarea de c\u0103tre domnul Ciprian Alexandru a unui nou protest pe <a><\/a>aceast\u0103 tem\u0103.<\/p>\n\n\n\n<p>Mai mult, consider c\u0103 to\u021bi giurgiuvenii ar trebui s\u0103 se al\u0103ture acestui demers, indiferent de op\u021biuni politice, simpatii sau antipatii.<\/p>\n\n\n\n<p>Cred c\u0103 vom reu\u0219i s\u0103 ne salv\u0103m ora\u0219ul, doar dac\u0103 suntem uni\u021bi! Pentru c\u0103 s\u0103n\u0103tatea giurgiuvenilor NU este de v\u00e2nzare!&#8221;, a scris Marian Mina, pe Facebook.<\/p>\n","protected":false},"excerpt":{"rendered":"<p>M\u00e2ine, la ora 16.00, \u00een fa\u0163a Teatrului &#8222;Tudor Vianu&#8221;, va avea loc un protest \u00eempotriva construirii la Giurgiu a unui incinerator de de\u015feuri. Deputatul Marian Mina \u00eei \u00eendeamn\u0103 pe to\u0163i giurgiuvenii s\u0103 ias\u0103 la protest! &#8222;\u00cei \u00eendemn pe giurgiuveni s\u0103 se al\u0103ture protestului organizat de domnul Ciprian Alexandru, \u00eempotriva incineratorului de de\u015feuri! Voi fi \u015fi [&hellip;]<\/p>\n","protected":false},"author":1,"featured_media":65867,"comment_status":"open","ping_status":"open","sticky":false,"template":"","format":"standard","meta":{"slim_seo":{"title":"Deputat Marian Mina: \"\u00cei \u00eendemn pe to\u0163i giurgiuvenii s\u0103 mearg\u0103, m\u00e2ine, la protestul \u00eempotriva incineratorului de de\u015feuri!\" - GIURGIU NET","description":"M\u00e2ine, la ora 16.00, \u00een fa\u0163a Teatrului \"Tudor Vianu\", va avea loc un protest \u00eempotriva construirii la Giurgiu a unui incinerator de de\u015feuri. Deputatul Marian Mi"},"footnotes":""},"categories":[18,19,2877,26],"tags":[1626],"class_list":{"0":"post-86591","1":"post","2":"type-post","3":"status-publish","4":"format-standard","5":"has-post-thumbnail","7":"category-actual","8":"category-adm","9":"category-sanatate","10":"category-soc","11":"tag-marian-mina"},"_links":{"self":[{"href":"https:\/\/giurgiu-net.ro\/index.php\/wp-json\/wp\/v2\/posts\/86591","targetHints":{"allow":["GET"]}}],"collection":[{"href":"https:\/\/giurgiu-net.ro\/index.php\/wp-json\/wp\/v2\/posts"}],"about":[{"href":"https:\/\/giurgiu-net.ro\/index.php\/wp-json\/wp\/v2\/types\/post"}],"author":[{"embeddable":true,"href":"https:\/\/giurgiu-net.ro\/index.php\/wp-json\/wp\/v2\/users\/1"}],"replies":[{"embeddable":true,"href":"https:\/\/giurgiu-net.ro\/index.php\/wp-json\/wp\/v2\/comments?post=86591"}],"version-history":[{"count":0,"href":"https:\/\/giurgiu-net.ro\/index.php\/wp-json\/wp\/v2\/posts\/86591\/revisions"}],"wp:featuredmedia":[{"embeddable":true,"href":"https:\/\/giurgiu-net.ro\/index.php\/wp-json\/wp\/v2\/media\/65867"}],"wp:attachment":[{"href":"https:\/\/giurgiu-net.ro\/index.php\/wp-json\/wp\/v2\/media?parent=86591"}],"wp:term":[{"taxonomy":"category","embeddable":true,"href":"https:\/\/giurgiu-net.ro\/index.php\/wp-json\/wp\/v2\/categories?post=86591"},{"taxonomy":"post_tag","embeddable":true,"href":"https:\/\/giurgiu-net.ro\/index.php\/wp-json\/wp\/v2\/tags?post=86591"}],"curies":[{"name":"wp","href":"https:\/\/api.w.org\/{rel}","templated":true}]}}