{"id":86243,"date":"2023-07-31T10:13:41","date_gmt":"2023-07-31T07:13:41","guid":{"rendered":"https:\/\/giurgiu-net.ro\/?p=86243"},"modified":"2023-07-31T10:13:41","modified_gmt":"2023-07-31T07:13:41","slug":"zeci-de-sirieni-ascunsi-intr-un-autocamion-plin-cu-rosii-prinsi-in-vama-giurgiu","status":"publish","type":"post","link":"https:\/\/giurgiu-net.ro\/index.php\/2023\/07\/31\/zeci-de-sirieni-ascunsi-intr-un-autocamion-plin-cu-rosii-prinsi-in-vama-giurgiu\/","title":{"rendered":"Zeci de sirieni, ascun\u015fi \u00eentr-un autocamion plin cu ro\u015fii, prin\u015fi \u00een Vama Giurgiu"},"content":{"rendered":"\n<p class=\"wp-block-paragraph\">Poli\u0163i\u015ftii de frontier\u0103 au depistat, \u00een Punctul de Trecere a Frontierei Giurgiu, 31 cet\u0103\u021beni sirieni care au \u00eencercat s\u0103 intre ilegal \u00een \u0163ar\u0103, ascun\u0219i \u00eentr-un autocamion \u00eenc\u0103rcat cu ro\u0219ii, care se deplasa pe ruta Turcia-Rom\u00e2nia, condus de un cet\u0103\u021bean turc.<\/p>\n\n\n\n<p class=\"wp-block-paragraph\">\u00cen data de 28.07.2023, \u00een jurul orei 22.20, \u00een Punctul de Trecere a Frontierei Giurgiu, s-a prezentat pentru a intra \u00een \u0163ar\u0103 un cet\u0103\u021bean turc \u00een v\u00e2rst\u0103 de 44 de ani, care se afla la volanul unui autocamion \u00een care transporta legume (ro\u0219ii) pe ruta Turcia-Rom\u00e2nia.<\/p>\n\n\n\n<p class=\"wp-block-paragraph\">\u00cen baza analizei de risc, colegii no\u0219tri au procedat la efectuarea unui control am\u0103nun\u021bit \u00een compartimentul marf\u0103 al autocamionului, poli\u021bi\u0219tii de frontier\u0103 descoperind ascunse 31 persoane.<\/p>\n\n\n\n<p class=\"wp-block-paragraph\">\u00cen cadrul cercet\u0103rilor, s-a constatat faptul c\u0103 sunt cet\u0103\u021beni sirieni \u0219i nu de\u021bin documente de identitate, iar din declara\u021biile acestora a rezultat faptul c\u0103 \u0219oferul avea cuno\u0219tin\u021ba despre prezen\u021ba acestora \u00een autocamion.<\/p>\n\n\n\n<p class=\"wp-block-paragraph\">Poli\u021bi\u0219tii de frontier\u0103 au procedat la \u00eentreruperea c\u0103l\u0103toriei persoanelor \u00een cauz\u0103, iar conform protocolului rom\u00e2no-bulgar, cet\u0103\u021benii sirieni, \u0219oferul \u0219i autocamionul au fost prelua\u021bi de c\u0103tre reprezenta\u021bii Poli\u0163iei de Frontier\u0103 Bulgare, \u00een vederea continu\u0103rii cercet\u0103rilor \u015fi dispunerii m\u0103surilor legale ce se impun.<\/p>\n\n\n\n<p class=\"wp-block-paragraph\">Comunicat \u015fi foto: Poli\u0163ia de Frontier\u0103 Giurgiu<\/p>\n","protected":false},"excerpt":{"rendered":"<p>Poli\u0163i\u015ftii de frontier\u0103 au depistat, \u00een Punctul de Trecere a Frontierei Giurgiu, 31 cet\u0103\u021beni sirieni care au \u00eencercat s\u0103 intre ilegal \u00een \u0163ar\u0103, ascun\u0219i \u00eentr-un autocamion \u00eenc\u0103rcat cu ro\u0219ii, care se deplasa pe ruta Turcia-Rom\u00e2nia, condus de un cet\u0103\u021bean turc. \u00cen data de 28.07.2023, \u00een jurul orei 22.20, \u00een Punctul de Trecere a Frontierei Giurgiu, [&hellip;]<\/p>\n","protected":false},"author":1,"featured_media":86244,"comment_status":"open","ping_status":"open","sticky":false,"template":"","format":"standard","meta":{"slim_seo":{"title":"Zeci de sirieni, ascun\u015fi \u00eentr-un autocamion plin cu ro\u015fii, prin\u015fi \u00een Vama Giurgiu - GIURGIU NET","description":"Poli\u0163i\u015ftii de frontier\u0103 au depistat, \u00een Punctul de Trecere a Frontierei Giurgiu, 31 cet\u0103\u021beni sirieni care au \u00eencercat s\u0103 intre ilegal \u00een \u0163ar\u0103, ascun\u0219i \u00eentr-un a"},"footnotes":""},"categories":[18,26],"tags":[2718],"class_list":["post-86243","post","type-post","status-publish","format-standard","has-post-thumbnail","category-actual","category-soc","tag-vama-giurgiu"],"_links":{"self":[{"href":"https:\/\/giurgiu-net.ro\/index.php\/wp-json\/wp\/v2\/posts\/86243","targetHints":{"allow":["GET"]}}],"collection":[{"href":"https:\/\/giurgiu-net.ro\/index.php\/wp-json\/wp\/v2\/posts"}],"about":[{"href":"https:\/\/giurgiu-net.ro\/index.php\/wp-json\/wp\/v2\/types\/post"}],"author":[{"embeddable":true,"href":"https:\/\/giurgiu-net.ro\/index.php\/wp-json\/wp\/v2\/users\/1"}],"replies":[{"embeddable":true,"href":"https:\/\/giurgiu-net.ro\/index.php\/wp-json\/wp\/v2\/comments?post=86243"}],"version-history":[{"count":0,"href":"https:\/\/giurgiu-net.ro\/index.php\/wp-json\/wp\/v2\/posts\/86243\/revisions"}],"wp:featuredmedia":[{"embeddable":true,"href":"https:\/\/giurgiu-net.ro\/index.php\/wp-json\/wp\/v2\/media\/86244"}],"wp:attachment":[{"href":"https:\/\/giurgiu-net.ro\/index.php\/wp-json\/wp\/v2\/media?parent=86243"}],"wp:term":[{"taxonomy":"category","embeddable":true,"href":"https:\/\/giurgiu-net.ro\/index.php\/wp-json\/wp\/v2\/categories?post=86243"},{"taxonomy":"post_tag","embeddable":true,"href":"https:\/\/giurgiu-net.ro\/index.php\/wp-json\/wp\/v2\/tags?post=86243"}],"curies":[{"name":"wp","href":"https:\/\/api.w.org\/{rel}","templated":true}]}}