{"id":86198,"date":"2023-07-25T12:11:37","date_gmt":"2023-07-25T09:11:37","guid":{"rendered":"https:\/\/giurgiu-net.ro\/?p=86198"},"modified":"2023-07-25T12:11:37","modified_gmt":"2023-07-25T09:11:37","slug":"canicula-impune-restrictii-de-trafic-si-in-bulgaria","status":"publish","type":"post","link":"https:\/\/giurgiu-net.ro\/index.php\/2023\/07\/25\/canicula-impune-restrictii-de-trafic-si-in-bulgaria\/","title":{"rendered":"Canicula impune restric\u0163ii de trafic \u015fi \u00een Bulgaria"},"content":{"rendered":"\n<p class=\"wp-block-paragraph\">Centrul de Contact Giurgiu a informat Inspectoratul Teritorial al Poli\u021biei de Frontier\u0103 Giurgiu, cu privire la faptul c\u0103, \u00een perioada 25-26.07.2023, \u00een intervalul orar 13:00-21:00, Direc\u021bia Rutier\u0103 Jude\u021bean\u0103 Ruse din Bulgaria a dispus <strong><em><u>interzicerea circula\u021biei vehiculelor grele de marf\u0103 cu o mas\u0103 total\u0103 de peste 20 tone <\/u><\/em><\/strong>&nbsp;pe drumul na\u021bional <strong>I-2 Ruse-Razgrad, de la km. 21+25 la km. 37+300, I-3 Byala-Pleven, de la km. 0+000 la km 7+000 \u0219i I-5 Ruse-Veliko-T\u00e2rnovo,&nbsp; de la km. 6+630 p\u00e2n\u0103 la km. 65+200<\/strong>.<\/p>\n\n\n\n<p class=\"wp-block-paragraph\">\u00cen perioada interdic\u021biei, vehiculele cu o mas\u0103 total\u0103 de peste 20 de tone, vor sta\u021biona\/a\u0219tepta \u00een afara p\u0103r\u021bii carosabile, \u00een locuri adecvate, f\u0103r\u0103 a perturba traficul celorlal\u021bi cet\u0103\u021beni.<\/p>\n\n\n\n<p class=\"wp-block-paragraph\">Interdic\u021bia nu se aplic\u0103 autovehiculelor care efectueaz\u0103 transport de m\u0103rfuri periculoase (ADR), animale vii, produse alimentare perisabile \u0219i \u00eenc\u0103rc\u0103turi cu regim de temperatur\u0103.<\/p>\n\n\n\n<p class=\"wp-block-paragraph\">Aceast\u0103 m\u0103sur\u0103 a fost luat\u0103 pentru siguran\u021ba rutier\u0103 \u00een zon\u0103 care ar putea fi afectat\u0103 din cauza temperaturilor mari, care dep\u0103\u0219esc 35\u00b0C.<\/p>\n\n\n\n<p class=\"wp-block-paragraph\">Comunicat ITPF Giurgiu<\/p>\n","protected":false},"excerpt":{"rendered":"<p>Centrul de Contact Giurgiu a informat Inspectoratul Teritorial al Poli\u021biei de Frontier\u0103 Giurgiu, cu privire la faptul c\u0103, \u00een perioada 25-26.07.2023, \u00een intervalul orar 13:00-21:00, Direc\u021bia Rutier\u0103 Jude\u021bean\u0103 Ruse din Bulgaria a dispus interzicerea circula\u021biei vehiculelor grele de marf\u0103 cu o mas\u0103 total\u0103 de peste 20 tone &nbsp;pe drumul na\u021bional I-2 Ruse-Razgrad, de la km. [&hellip;]<\/p>\n","protected":false},"author":1,"featured_media":66978,"comment_status":"open","ping_status":"open","sticky":false,"template":"","format":"standard","meta":{"slim_seo":{"title":"Canicula impune restric\u0163ii de trafic \u015fi \u00een Bulgaria - GIURGIU NET","description":"Centrul de Contact Giurgiu a informat Inspectoratul Teritorial al Poli\u021biei de Frontier\u0103 Giurgiu, cu privire la faptul c\u0103, \u00een perioada 25-26.07.2023, \u00een interval"},"footnotes":""},"categories":[18,26],"tags":[2718],"class_list":["post-86198","post","type-post","status-publish","format-standard","has-post-thumbnail","category-actual","category-soc","tag-vama-giurgiu"],"_links":{"self":[{"href":"https:\/\/giurgiu-net.ro\/index.php\/wp-json\/wp\/v2\/posts\/86198","targetHints":{"allow":["GET"]}}],"collection":[{"href":"https:\/\/giurgiu-net.ro\/index.php\/wp-json\/wp\/v2\/posts"}],"about":[{"href":"https:\/\/giurgiu-net.ro\/index.php\/wp-json\/wp\/v2\/types\/post"}],"author":[{"embeddable":true,"href":"https:\/\/giurgiu-net.ro\/index.php\/wp-json\/wp\/v2\/users\/1"}],"replies":[{"embeddable":true,"href":"https:\/\/giurgiu-net.ro\/index.php\/wp-json\/wp\/v2\/comments?post=86198"}],"version-history":[{"count":0,"href":"https:\/\/giurgiu-net.ro\/index.php\/wp-json\/wp\/v2\/posts\/86198\/revisions"}],"wp:featuredmedia":[{"embeddable":true,"href":"https:\/\/giurgiu-net.ro\/index.php\/wp-json\/wp\/v2\/media\/66978"}],"wp:attachment":[{"href":"https:\/\/giurgiu-net.ro\/index.php\/wp-json\/wp\/v2\/media?parent=86198"}],"wp:term":[{"taxonomy":"category","embeddable":true,"href":"https:\/\/giurgiu-net.ro\/index.php\/wp-json\/wp\/v2\/categories?post=86198"},{"taxonomy":"post_tag","embeddable":true,"href":"https:\/\/giurgiu-net.ro\/index.php\/wp-json\/wp\/v2\/tags?post=86198"}],"curies":[{"name":"wp","href":"https:\/\/api.w.org\/{rel}","templated":true}]}}