{"id":86192,"date":"2023-07-24T09:21:24","date_gmt":"2023-07-24T06:21:24","guid":{"rendered":"https:\/\/giurgiu-net.ro\/?p=86192"},"modified":"2023-07-24T09:21:25","modified_gmt":"2023-07-24T06:21:25","slug":"temperaturi-de-foc-si-la-giurgiu","status":"publish","type":"post","link":"https:\/\/giurgiu-net.ro\/index.php\/2023\/07\/24\/temperaturi-de-foc-si-la-giurgiu\/","title":{"rendered":"Temperaturi de foc, \u015fi la Giurgiu"},"content":{"rendered":"\n<p>Vreme deosebit de cald\u0103, \u015fi la Giurgiu, \u00een perioada urm\u0103toare.<\/p>\n\n\n\n<p>Maximele vor dep\u0103\u015fi 40 de grade Celsius \u015fi abia joi se va mai r\u0103cori pu\u0163in.<\/p>\n\n\n\n<p>Nici minimele nu ne vor ajuta s\u0103 ne r\u0103corim, pentru c\u0103, \u00een urm\u0103toarele nop\u0163i, acestea vor fi chiar \u015fi de 26 de grade Celsius.<\/p>\n\n\n\n<p>Cel mai probabil, speciali\u015ftii vor emite noi coduri de canicul\u0103 \u015fi pentru jude\u0163ul nostru, \u00een perioada urm\u0103toare.<\/p>\n\n\n\n<figure class=\"wp-block-image size-large\"><img loading=\"lazy\" decoding=\"async\" width=\"1024\" height=\"600\" src=\"https:\/\/giurgiu-net.ro\/wp-content\/uploads\/2023\/07\/vreme-1-1024x600.jpg\" alt=\"\" class=\"wp-image-86193\" srcset=\"https:\/\/giurgiu-net.ro\/wp-content\/uploads\/2023\/07\/vreme-1-1024x600.jpg 1024w, https:\/\/giurgiu-net.ro\/wp-content\/uploads\/2023\/07\/vreme-1-300x176.jpg 300w, https:\/\/giurgiu-net.ro\/wp-content\/uploads\/2023\/07\/vreme-1-768x450.jpg 768w, https:\/\/giurgiu-net.ro\/wp-content\/uploads\/2023\/07\/vreme-1-696x408.jpg 696w, https:\/\/giurgiu-net.ro\/wp-content\/uploads\/2023\/07\/vreme-1-1068x626.jpg 1068w, https:\/\/giurgiu-net.ro\/wp-content\/uploads\/2023\/07\/vreme-1-716x420.jpg 716w, https:\/\/giurgiu-net.ro\/wp-content\/uploads\/2023\/07\/vreme-1.jpg 1131w\" sizes=\"auto, (max-width: 1024px) 100vw, 1024px\" \/><\/figure>\n","protected":false},"excerpt":{"rendered":"<p>Vreme deosebit de cald\u0103, \u015fi la Giurgiu, \u00een perioada urm\u0103toare. Maximele vor dep\u0103\u015fi 40 de grade Celsius \u015fi abia joi se va mai r\u0103cori pu\u0163in. Nici minimele nu ne vor ajuta s\u0103 ne r\u0103corim, pentru c\u0103, \u00een urm\u0103toarele nop\u0163i, acestea vor fi chiar \u015fi de 26 de grade Celsius. Cel mai probabil, speciali\u015ftii vor emite [&hellip;]<\/p>\n","protected":false},"author":1,"featured_media":86193,"comment_status":"open","ping_status":"open","sticky":false,"template":"","format":"standard","meta":{"slim_seo":{"title":"Temperaturi de foc, \u015fi la Giurgiu - GIURGIU NET","description":"Vreme deosebit de cald\u0103, \u015fi la Giurgiu, \u00een perioada urm\u0103toare. Maximele vor dep\u0103\u015fi 40 de grade Celsius \u015fi abia joi se va mai r\u0103cori pu\u0163in. Nici minimele nu ne v"},"footnotes":""},"categories":[18,26],"tags":[493],"class_list":{"0":"post-86192","1":"post","2":"type-post","3":"status-publish","4":"format-standard","5":"has-post-thumbnail","7":"category-actual","8":"category-soc","9":"tag-canicula-2"},"_links":{"self":[{"href":"https:\/\/giurgiu-net.ro\/index.php\/wp-json\/wp\/v2\/posts\/86192","targetHints":{"allow":["GET"]}}],"collection":[{"href":"https:\/\/giurgiu-net.ro\/index.php\/wp-json\/wp\/v2\/posts"}],"about":[{"href":"https:\/\/giurgiu-net.ro\/index.php\/wp-json\/wp\/v2\/types\/post"}],"author":[{"embeddable":true,"href":"https:\/\/giurgiu-net.ro\/index.php\/wp-json\/wp\/v2\/users\/1"}],"replies":[{"embeddable":true,"href":"https:\/\/giurgiu-net.ro\/index.php\/wp-json\/wp\/v2\/comments?post=86192"}],"version-history":[{"count":0,"href":"https:\/\/giurgiu-net.ro\/index.php\/wp-json\/wp\/v2\/posts\/86192\/revisions"}],"wp:featuredmedia":[{"embeddable":true,"href":"https:\/\/giurgiu-net.ro\/index.php\/wp-json\/wp\/v2\/media\/86193"}],"wp:attachment":[{"href":"https:\/\/giurgiu-net.ro\/index.php\/wp-json\/wp\/v2\/media?parent=86192"}],"wp:term":[{"taxonomy":"category","embeddable":true,"href":"https:\/\/giurgiu-net.ro\/index.php\/wp-json\/wp\/v2\/categories?post=86192"},{"taxonomy":"post_tag","embeddable":true,"href":"https:\/\/giurgiu-net.ro\/index.php\/wp-json\/wp\/v2\/tags?post=86192"}],"curies":[{"name":"wp","href":"https:\/\/api.w.org\/{rel}","templated":true}]}}