{"id":86188,"date":"2023-07-24T09:17:27","date_gmt":"2023-07-24T06:17:27","guid":{"rendered":"https:\/\/giurgiu-net.ro\/?p=86188"},"modified":"2023-07-24T09:17:27","modified_gmt":"2023-07-24T06:17:27","slug":"o-fata-de-19-ani-si-un-copil-de-doar-cateva-luni-raniti-intr-un-accident-la-balanoaia","status":"publish","type":"post","link":"https:\/\/giurgiu-net.ro\/index.php\/2023\/07\/24\/o-fata-de-19-ani-si-un-copil-de-doar-cateva-luni-raniti-intr-un-accident-la-balanoaia\/","title":{"rendered":"O fat\u0103 de 19 ani \u015fi un copil de doar c\u00e2teva luni, r\u0103ni\u0163i \u00eentr-un accident, la B\u0103l\u0103noaia"},"content":{"rendered":"\n<p>O femeie, \u00een v\u00e2rst\u0103 de 19 ani \u0219i un copil de c\u00e2teva luni au ajuns la spital \u00een urma unui accident rutier ce s-a produs, \u00een aceast\u0103 diminea\u021b\u0103, pe DN5B, \u00een apropierea localit\u0103\u021bii B\u0103l\u0103noaia.<\/p>\n\n\n\n<p>\u00cen eveniment a fost implicat un singur autoturism, g\u0103sit \u00een afara p\u0103r\u021bii carosabile.<\/p>\n\n\n\n<figure class=\"wp-block-gallery has-nested-images columns-default is-cropped wp-block-gallery-1 is-layout-flex wp-block-gallery-is-layout-flex\">\n<figure class=\"wp-block-image size-large\"><img loading=\"lazy\" decoding=\"async\" width=\"768\" height=\"1024\" data-id=\"86189\" src=\"https:\/\/giurgiu-net.ro\/wp-content\/uploads\/2023\/07\/WhatsApp-Image-2023-07-23-at-13.20.49-768x1024.jpeg\" alt=\"\" class=\"wp-image-86189\" srcset=\"https:\/\/giurgiu-net.ro\/wp-content\/uploads\/2023\/07\/WhatsApp-Image-2023-07-23-at-13.20.49-768x1024.jpeg 768w, https:\/\/giurgiu-net.ro\/wp-content\/uploads\/2023\/07\/WhatsApp-Image-2023-07-23-at-13.20.49-225x300.jpeg 225w, https:\/\/giurgiu-net.ro\/wp-content\/uploads\/2023\/07\/WhatsApp-Image-2023-07-23-at-13.20.49-1152x1536.jpeg 1152w, https:\/\/giurgiu-net.ro\/wp-content\/uploads\/2023\/07\/WhatsApp-Image-2023-07-23-at-13.20.49-696x928.jpeg 696w, https:\/\/giurgiu-net.ro\/wp-content\/uploads\/2023\/07\/WhatsApp-Image-2023-07-23-at-13.20.49-1068x1424.jpeg 1068w, https:\/\/giurgiu-net.ro\/wp-content\/uploads\/2023\/07\/WhatsApp-Image-2023-07-23-at-13.20.49-315x420.jpeg 315w, https:\/\/giurgiu-net.ro\/wp-content\/uploads\/2023\/07\/WhatsApp-Image-2023-07-23-at-13.20.49.jpeg 1200w\" sizes=\"auto, (max-width: 768px) 100vw, 768px\" \/><\/figure>\n\n\n\n<figure class=\"wp-block-image size-large\"><img loading=\"lazy\" decoding=\"async\" width=\"1024\" height=\"871\" data-id=\"86190\" src=\"https:\/\/giurgiu-net.ro\/wp-content\/uploads\/2023\/07\/WhatsApp-Image-2023-07-23-at-13.20.50-1024x871.jpeg\" alt=\"\" class=\"wp-image-86190\" srcset=\"https:\/\/giurgiu-net.ro\/wp-content\/uploads\/2023\/07\/WhatsApp-Image-2023-07-23-at-13.20.50-1024x871.jpeg 1024w, https:\/\/giurgiu-net.ro\/wp-content\/uploads\/2023\/07\/WhatsApp-Image-2023-07-23-at-13.20.50-300x255.jpeg 300w, https:\/\/giurgiu-net.ro\/wp-content\/uploads\/2023\/07\/WhatsApp-Image-2023-07-23-at-13.20.50-768x653.jpeg 768w, https:\/\/giurgiu-net.ro\/wp-content\/uploads\/2023\/07\/WhatsApp-Image-2023-07-23-at-13.20.50-696x592.jpeg 696w, https:\/\/giurgiu-net.ro\/wp-content\/uploads\/2023\/07\/WhatsApp-Image-2023-07-23-at-13.20.50-1068x908.jpeg 1068w, https:\/\/giurgiu-net.ro\/wp-content\/uploads\/2023\/07\/WhatsApp-Image-2023-07-23-at-13.20.50-494x420.jpeg 494w, https:\/\/giurgiu-net.ro\/wp-content\/uploads\/2023\/07\/WhatsApp-Image-2023-07-23-at-13.20.50.jpeg 1183w\" sizes=\"auto, (max-width: 1024px) 100vw, 1024px\" \/><\/figure>\n<\/figure>\n\n\n\n<p>La caz s-au deplasat pompierii din cadrul Deta\u0219amentului Giurgiu, cu o autospecial\u0103 de stingere, precum \u0219i dou\u0103 echipaje SMURD \u0219i SAJ. Cele dou\u0103 persoane au fost preluate de ambulan\u021b\u0103 \u0219i transportate la unitatea de primiri urgen\u021be.<\/p>\n\n\n\n<p>Pompierii au asigurat m\u0103surile de prevenire a incendiilor, iar cazul a r\u0103mas \u00een aten\u021bia Poli\u021biei pentru cercet\u0103ri.<\/p>\n\n\n\n<p>Comunicat \u015fi foto: ISU Giurgiu<\/p>\n","protected":false},"excerpt":{"rendered":"<p>O femeie, \u00een v\u00e2rst\u0103 de 19 ani \u0219i un copil de c\u00e2teva luni au ajuns la spital \u00een urma unui accident rutier ce s-a produs, \u00een aceast\u0103 diminea\u021b\u0103, pe DN5B, \u00een apropierea localit\u0103\u021bii B\u0103l\u0103noaia. \u00cen eveniment a fost implicat un singur autoturism, g\u0103sit \u00een afara p\u0103r\u021bii carosabile. La caz s-au deplasat pompierii din cadrul Deta\u0219amentului [&hellip;]<\/p>\n","protected":false},"author":1,"featured_media":86190,"comment_status":"open","ping_status":"open","sticky":false,"template":"","format":"standard","meta":{"slim_seo":{"title":"O fat\u0103 de 19 ani \u015fi un copil de doar c\u00e2teva luni, r\u0103ni\u0163i \u00eentr-un accident, la B\u0103l\u0103noaia - GIURGIU NET","description":"O femeie, \u00een v\u00e2rst\u0103 de 19 ani \u0219i un copil de c\u00e2teva luni au ajuns la spital \u00een urma unui accident rutier ce s-a produs, \u00een aceast\u0103 diminea\u021b\u0103, pe DN5B, \u00een apropi"},"footnotes":""},"categories":[18,26],"tags":[1452],"class_list":{"0":"post-86188","1":"post","2":"type-post","3":"status-publish","4":"format-standard","5":"has-post-thumbnail","7":"category-actual","8":"category-soc","9":"tag-isu-giurgiu"},"_links":{"self":[{"href":"https:\/\/giurgiu-net.ro\/index.php\/wp-json\/wp\/v2\/posts\/86188","targetHints":{"allow":["GET"]}}],"collection":[{"href":"https:\/\/giurgiu-net.ro\/index.php\/wp-json\/wp\/v2\/posts"}],"about":[{"href":"https:\/\/giurgiu-net.ro\/index.php\/wp-json\/wp\/v2\/types\/post"}],"author":[{"embeddable":true,"href":"https:\/\/giurgiu-net.ro\/index.php\/wp-json\/wp\/v2\/users\/1"}],"replies":[{"embeddable":true,"href":"https:\/\/giurgiu-net.ro\/index.php\/wp-json\/wp\/v2\/comments?post=86188"}],"version-history":[{"count":0,"href":"https:\/\/giurgiu-net.ro\/index.php\/wp-json\/wp\/v2\/posts\/86188\/revisions"}],"wp:featuredmedia":[{"embeddable":true,"href":"https:\/\/giurgiu-net.ro\/index.php\/wp-json\/wp\/v2\/media\/86190"}],"wp:attachment":[{"href":"https:\/\/giurgiu-net.ro\/index.php\/wp-json\/wp\/v2\/media?parent=86188"}],"wp:term":[{"taxonomy":"category","embeddable":true,"href":"https:\/\/giurgiu-net.ro\/index.php\/wp-json\/wp\/v2\/categories?post=86188"},{"taxonomy":"post_tag","embeddable":true,"href":"https:\/\/giurgiu-net.ro\/index.php\/wp-json\/wp\/v2\/tags?post=86188"}],"curies":[{"name":"wp","href":"https:\/\/api.w.org\/{rel}","templated":true}]}}