{"id":86183,"date":"2023-07-19T16:33:23","date_gmt":"2023-07-19T13:33:23","guid":{"rendered":"https:\/\/giurgiu-net.ro\/?p=86183"},"modified":"2023-07-19T16:34:16","modified_gmt":"2023-07-19T13:34:16","slug":"deputat-marian-minamasura-propusa-de-guvernul-ciolacu-este-viabila-si-produce-rezultate-bune-pentru-cetateni-vezi-aici-la-ce-se-refera","status":"publish","type":"post","link":"https:\/\/giurgiu-net.ro\/index.php\/2023\/07\/19\/deputat-marian-minamasura-propusa-de-guvernul-ciolacu-este-viabila-si-produce-rezultate-bune-pentru-cetateni-vezi-aici-la-ce-se-refera\/","title":{"rendered":"Deputat Marian Mina:&#8221;M\u0103sura propus\u0103 de Guvernul Ciolacu este viabil\u0103 \u0219i produce rezultate bune pentru cet\u0103\u021beni&#8221;. VEZI AICI la ce se refer\u0103!"},"content":{"rendered":"\n<p>&#8222;Schema aplicat\u0103 de guvern \u00een privin\u021ba <a href=\"https:\/\/www.facebook.com\/hashtag\/plafon%C4%83rii?__eep__=6&amp;__cft__[0]=AZWVCA1ZbS8GvDjedgQ6ohUVnqKcW6Mb_fTV8gSpiG1s93uFzmGirgfY2x7dpPx8gyPCB-Ec0XNG61LPwZQM-QNfEro0ejzoWMnP247OhWhRGN-xtex6_2YUbWK9GNKMawj78LxRoTM9qLO4qlvMZRalgfQjpJSKZtz3PYdXFfPjCapFzw9yqn3zflRqooosXEQ&amp;__tn__=*NK-R\">#plafon\u0103rii<\/a> adaosurilor comerciale func\u021bioneaz\u0103! O mare re\u021bea comercial\u0103 a \u00eenceput deja s\u0103 aplice mecanismul \u015fi asta a dus la ieftiniri serioase ale unor produse. Iar acest lucru confirm\u0103 c\u0103 m\u0103sura propus\u0103 de Guvernul Ciolacu este viabil\u0103 \u0219i produce rezultate bune pentru cet\u0103\u021beni<\/p>\n\n\n\n<p>o De exemplu: un sortiment de p\u00e2ine, care era 6 lei, a cobor\u00e2t la 4,19 lei, ceea ce \u00eenseamn\u0103 o reducere a pre\u021bului cu 30%. Iar kilogramul de cartofi s-a ieftinit <a><\/a>cu 14%<\/p>\n\n\n\n<p>Momentul de la care ar trebui s\u0103 se manifeste ieftiniri ale acestor produse de strict\u0103 necesitate, \u00een toate lan\u021burile de magazine, este 1 august.<\/p>\n\n\n\n<p>Acesta este termenul p\u00e2n\u0103 la care to\u021bi actorii de pe lan\u021bul de produc\u021bie-procesare-comercializare trebuie s\u0103 fac\u0103 formalit\u0103\u021bile necesare \u0219i apoi s\u0103 aplice decizia guvernului.<\/p>\n\n\n\n<p>o Produsele ieftinite sunt u\u0219or de remarcat la raft pentru s\u0103 sunt eviden\u021biate printr-o etichet\u0103 distinct\u0103&#8221;- deputat Marian Mina.<\/p>\n\n\n\n<p>DETALII: <a href=\"https:\/\/www.antena3.ro\/emisiuni\/news-hour-with-cnn\/plafonare-adaos-comercial-lant-magazine-romania-ieftinire-produse-680620.html?fbclid=IwAR1DlIvyc-A9e2gtD5BX7H8E1ZucJMRy5yS0izQ4rRFoUA_pGmAN0xxM9b8\" target=\"_blank\" rel=\"noreferrer noopener\">https:\/\/www.antena3.ro\/emisiuni\/news-hour-with-cnn\/plafonare-adaos-comercial-lant-magazine-romania-ieftinire-produse-680620.html?fbclid=IwAR1DlIvyc-A9e2gtD5BX7H8E1ZucJMRy5yS0izQ4rRFoUA_pGmAN0xxM9b8<\/a><\/p>\n\n\n\n<p>Surs\u0103 foto: Playtech.ro<\/p>\n","protected":false},"excerpt":{"rendered":"<p>&#8222;Schema aplicat\u0103 de guvern \u00een privin\u021ba #plafon\u0103rii adaosurilor comerciale func\u021bioneaz\u0103! O mare re\u021bea comercial\u0103 a \u00eenceput deja s\u0103 aplice mecanismul \u015fi asta a dus la ieftiniri serioase ale unor produse. Iar acest lucru confirm\u0103 c\u0103 m\u0103sura propus\u0103 de Guvernul Ciolacu este viabil\u0103 \u0219i produce rezultate bune pentru cet\u0103\u021beni o De exemplu: un sortiment de p\u00e2ine, [&hellip;]<\/p>\n","protected":false},"author":1,"featured_media":86184,"comment_status":"open","ping_status":"open","sticky":false,"template":"","format":"standard","meta":{"slim_seo":{"title":"Deputat Marian Mina:\"M\u0103sura propus\u0103 de Guvernul Ciolacu este viabil\u0103 \u0219i produce rezultate bune pentru cet\u0103\u021beni\". VEZI AICI la ce se refer\u0103! - GIURGIU NET","description":"\"Schema aplicat\u0103 de guvern \u00een privin\u021ba #plafon\u0103rii adaosurilor comerciale func\u021bioneaz\u0103! O mare re\u021bea comercial\u0103 a \u00eenceput deja s\u0103 aplice mecanismul \u015fi asta a du"},"footnotes":""},"categories":[18,25,26],"tags":[1626],"class_list":{"0":"post-86183","1":"post","2":"type-post","3":"status-publish","4":"format-standard","5":"has-post-thumbnail","7":"category-actual","8":"category-pol","9":"category-soc","10":"tag-marian-mina"},"_links":{"self":[{"href":"https:\/\/giurgiu-net.ro\/index.php\/wp-json\/wp\/v2\/posts\/86183","targetHints":{"allow":["GET"]}}],"collection":[{"href":"https:\/\/giurgiu-net.ro\/index.php\/wp-json\/wp\/v2\/posts"}],"about":[{"href":"https:\/\/giurgiu-net.ro\/index.php\/wp-json\/wp\/v2\/types\/post"}],"author":[{"embeddable":true,"href":"https:\/\/giurgiu-net.ro\/index.php\/wp-json\/wp\/v2\/users\/1"}],"replies":[{"embeddable":true,"href":"https:\/\/giurgiu-net.ro\/index.php\/wp-json\/wp\/v2\/comments?post=86183"}],"version-history":[{"count":0,"href":"https:\/\/giurgiu-net.ro\/index.php\/wp-json\/wp\/v2\/posts\/86183\/revisions"}],"wp:featuredmedia":[{"embeddable":true,"href":"https:\/\/giurgiu-net.ro\/index.php\/wp-json\/wp\/v2\/media\/86184"}],"wp:attachment":[{"href":"https:\/\/giurgiu-net.ro\/index.php\/wp-json\/wp\/v2\/media?parent=86183"}],"wp:term":[{"taxonomy":"category","embeddable":true,"href":"https:\/\/giurgiu-net.ro\/index.php\/wp-json\/wp\/v2\/categories?post=86183"},{"taxonomy":"post_tag","embeddable":true,"href":"https:\/\/giurgiu-net.ro\/index.php\/wp-json\/wp\/v2\/tags?post=86183"}],"curies":[{"name":"wp","href":"https:\/\/api.w.org\/{rel}","templated":true}]}}